{"id":5987,"date":"2024-05-13T12:56:59","date_gmt":"2024-05-13T10:56:59","guid":{"rendered":"https:\/\/agora.xtec.cat\/escolarambletadelclot\/?p=5987"},"modified":"2026-01-16T08:38:22","modified_gmt":"2026-01-16T07:38:22","slug":"ajuts-de-menjador-escolar-curs-2024-25","status":"publish","type":"post","link":"https:\/\/agora.xtec.cat\/escolarambletadelclot\/general\/ajuts-de-menjador-escolar-curs-2024-25\/","title":{"rendered":"Ajuts de menjador escolar curs 2024-25"},"content":{"rendered":"<p><img loading=\"lazy\" decoding=\"async\" class=\"aligncenter wp-image-5988 size-large\" src=\"https:\/\/agora.xtec.cat\/escolarambletadelclot\/wp-content\/uploads\/usu436\/2024\/05\/AJUTS-DE-MENJADOR-min-1024x600.png\" alt=\"\" width=\"1024\" height=\"600\" srcset=\"https:\/\/agora.xtec.cat\/escolarambletadelclot\/wp-content\/uploads\/usu436\/2024\/05\/AJUTS-DE-MENJADOR-min-1024x600.png 1024w, https:\/\/agora.xtec.cat\/escolarambletadelclot\/wp-content\/uploads\/usu436\/2024\/05\/AJUTS-DE-MENJADOR-min-300x176.png 300w, https:\/\/agora.xtec.cat\/escolarambletadelclot\/wp-content\/uploads\/usu436\/2024\/05\/AJUTS-DE-MENJADOR-min-768x450.png 768w, https:\/\/agora.xtec.cat\/escolarambletadelclot\/wp-content\/uploads\/usu436\/2024\/05\/AJUTS-DE-MENJADOR-min-1536x900.png 1536w, https:\/\/agora.xtec.cat\/escolarambletadelclot\/wp-content\/uploads\/usu436\/2024\/05\/AJUTS-DE-MENJADOR-min.png 1748w\" sizes=\"auto, (max-width: 1024px) 100vw, 1024px\" \/><\/p>\n<p>Benvolgudes fam\u00edlies,<\/p>\n<p>L\u2019alumnat de I3 a 4t d\u2019ESO escolaritzat en centres p\u00fablics i concertats de fam\u00edlies amb ingressos per sota dels llindars establerts a la convocat\u00f2ria pot sol\u00b7licitar l\u2019ajut individual de menjador a trav\u00e9s del seu centre educatiu. A la ciutat de Barcelona aquests ajuts s\u00f3n gestionats pel<a href=\"https:\/\/www.edubcn.cat\/ca\/alumnat_i_familia\/ajuts_beques_i_subvencions\/ajuts_de_menjador_escolar\" target=\"_blank\" rel=\"noopener\">\u00a0Consorci d\u2019Educaci\u00f3 de Barcelona<\/a>, mitjan\u00e7ant convocat\u00f2ria p\u00fablica.<\/p>\n<h4>Convocat\u00f2ria d\u2019ajuts individuals de menjador. Curs 2024-2025<\/h4>\n<ul>\n<li>S\u2019atorguen ajuts ordinaris del 70% i tamb\u00e9 extraordinaris fins a un m\u00e0xim de 100%.<\/li>\n<li>Preu de menjador de 7,25 \u20ac, amb car\u00e0cter general, per aquells centres que tenen un espai de migdia amb una durada m\u00e0xima de dues hores i mitja total.<\/li>\n<li>Es pot sol\u00b7licitar l\u2019ajut tenint en compte els ingressos familiars corresponents a la renda 2023.<\/li>\n<li>S\u2019estableix un llindar per sobre del qual no es poden sol\u00b7licitar ajuts a fi de dedicar els ajuts als trams <span style=\"color: #000000;\">de rendes m\u00e9s baixes. Es pren com a refer\u00e8ncia el llindar de la pobresa establert a l\u2019IDESCAT. Aquesta mesura va ser aprovada pel Parlament de Catalunya a la Resoluci\u00f3 11\/17.<\/span><\/li>\n<\/ul>\n<h6>PRESENTACI\u00d3 DE SOL\u00b7LICITUDS<\/h6>\n<p>Les sol\u00b7licituds es presentaran a trav\u00e9s d\u2019un formulari telem\u00e0tic adre\u00e7at a l\u2019alumnat que estigui matriculat o preinscrit per al curs 2024-2025, en un per\u00edode inicial i quatre per\u00edodes oberts de sol\u00b7licituds:<\/p>\n<ul>\n<li><strong>Per\u00edode inicial<\/strong>: entre el<strong> 15 de maig i el 16 de juny de 2024<\/strong>, ambd\u00f3s inclosos. El termini per presentar les sol\u00b7licituds signades al centre amb documentaci\u00f3, si escau, \u00e9s fins al 20 de juny.<\/li>\n<li>Un cop finalitzat el per\u00edode de juny, s\u2019establiran per\u00edodes oberts de presentaci\u00f3 de sol\u00b7licituds (noves peticions, alumnat nouvingut i situacions sobrevingudes).\n<ul>\n<li><strong>Primer per\u00edode obert<\/strong>\u00a0de presentaci\u00f3 de sol\u00b7licituds: entre el\u00a0<strong>9 i el 24 de setembre de 2024<\/strong>, ambd\u00f3s inclosos, i fins al 27 de setembre per portar-la signada al centre.<\/li>\n<li><strong>Segon per\u00edode obert<\/strong>\u00a0de presentaci\u00f3 de sol\u00b7licituds: entre el\u00a0<strong>25 de setembre i l&#8217;1 de desembre de 2024<\/strong>, ambd\u00f3s inclosos, i fins al 4 de desembre per portar-la signada al centre.<\/li>\n<li><strong>Tercer per\u00edode obert<\/strong> de presentaci\u00f3 de sol\u00b7licituds: entre el<strong> 2 de desembre de 2024 i el 28 de febrer de 2025<\/strong>, ambd\u00f3s inclosos, i fins al 4 de mar\u00e7 per portar-la signada al centre.<\/li>\n<li><strong>Quart per\u00edode obert<\/strong> de presentaci\u00f3 de sol\u00b7licituds: entre el <strong>3<\/strong> <strong>de mar\u00e7 de 2023<\/strong> i fins a l\u2019\u00faltim dia que s\u2019admetin noves admissions del curs 2024-2025.<\/li>\n<\/ul>\n<\/li>\n<\/ul>\n<h6>SUPORT A LES FAM\u00cdLIES<\/h6>\n<ul>\n<li><a href=\"https:\/\/www.edubcn.cat\/rcs_gene\/extra\/02_ajuts_de_menjador_2024_2025\/Full%20informatiu%20web%20actualitzat%20AJM_24_25_CAT.pdf\" target=\"_blank\" rel=\"noopener\">Full informatiu de la convocat\u00f2ria 2024-2025<\/a><\/li>\n<\/ul>\n<h6>FER LA SOL\u00b7LICITUD TELEM\u00c0TICA<\/h6>\n<ul>\n<li><a href=\"https:\/\/aju-pro-wa.azurewebsites.net\/\" target=\"_blank\" rel=\"noopener\">Formulari de sol\u00b7licitud d\u2019ajuts de menjador<\/a>\u00a0(a partir del 15 de maig)<\/li>\n<\/ul>\n<div class=\"addtoany_share_save_container addtoany_content addtoany_content_bottom\">\n<div class=\"a2a_kit a2a_kit_size_25 addtoany_list\" data-a2a-url=\"https:\/\/agora.xtec.cat\/escolarambletadelclot\/portada\/ajuts-de-menjador-escolar-curs-2023-24\/\" data-a2a-title=\"Ajuts de menjador escolar curs 2023-24\">Si teniu qualsevol dubte o consulta podeu adre\u00e7ar-vos a l&#8217;escola i us ajudarem!<\/div>\n<\/div>\n","protected":false},"excerpt":{"rendered":"<p>Benvolgudes fam\u00edlies, L\u2019alumnat de I3 a 4t d\u2019ESO escolaritzat en centres p\u00fablics i concertats de fam\u00edlies amb ingressos per sota dels llindars establerts a la convocat\u00f2ria pot sol\u00b7licitar l\u2019ajut individual de menjador a trav\u00e9s del seu centre educatiu. A la ciutat de Barcelona aquests ajuts s\u00f3n gestionats pel\u00a0Consorci d\u2019Educaci\u00f3 de Barcelona, mitjan\u00e7ant convocat\u00f2ria p\u00fablica. Convocat\u00f2ria [&hellip;]<\/p>\n","protected":false},"author":1,"featured_media":0,"comment_status":"closed","ping_status":"closed","sticky":false,"template":"","format":"standard","meta":{"_bbp_topic_count":0,"_bbp_reply_count":0,"_bbp_total_topic_count":0,"_bbp_total_reply_count":0,"_bbp_voice_count":0,"_bbp_anonymous_reply_count":0,"_bbp_topic_count_hidden":0,"_bbp_reply_count_hidden":0,"_bbp_forum_subforum_count":0,"site-sidebar-layout":"default","site-content-layout":"","ast-site-content-layout":"","site-content-style":"default","site-sidebar-style":"default","ast-global-header-display":"","ast-banner-title-visibility":"","ast-main-header-display":"","ast-hfb-above-header-display":"","ast-hfb-below-header-display":"","ast-hfb-mobile-header-display":"","site-post-title":"","ast-breadcrumbs-content":"","ast-featured-img":"","footer-sml-layout":"","theme-transparent-header-meta":"","adv-header-id-meta":"","stick-header-meta":"","header-above-stick-meta":"","header-main-stick-meta":"","header-below-stick-meta":"","astra-migrate-meta-layouts":"default","ast-page-background-enabled":"default","ast-page-background-meta":{"desktop":{"background-color":"var(--ast-global-color-4)","background-image":"","background-repeat":"repeat","background-position":"center center","background-size":"auto","background-attachment":"scroll","background-type":"","background-media":"","overlay-type":"","overlay-color":"","overlay-opacity":"","overlay-gradient":""},"tablet":{"background-color":"","background-image":"","background-repeat":"repeat","background-position":"center center","background-size":"auto","background-attachment":"scroll","background-type":"","background-media":"","overlay-type":"","overlay-color":"","overlay-opacity":"","overlay-gradient":""},"mobile":{"background-color":"","background-image":"","background-repeat":"repeat","background-position":"center center","background-size":"auto","background-attachment":"scroll","background-type":"","background-media":"","overlay-type":"","overlay-color":"","overlay-opacity":"","overlay-gradient":""}},"ast-content-background-meta":{"desktop":{"background-color":"var(--ast-global-color-5)","background-image":"","background-repeat":"repeat","background-position":"center center","background-size":"auto","background-attachment":"scroll","background-type":"","background-media":"","overlay-type":"","overlay-color":"","overlay-opacity":"","overlay-gradient":""},"tablet":{"background-color":"var(--ast-global-color-5)","background-image":"","background-repeat":"repeat","background-position":"center center","background-size":"auto","background-attachment":"scroll","background-type":"","background-media":"","overlay-type":"","overlay-color":"","overlay-opacity":"","overlay-gradient":""},"mobile":{"background-color":"var(--ast-global-color-5)","background-image":"","background-repeat":"repeat","background-position":"center center","background-size":"auto","background-attachment":"scroll","background-type":"","background-media":"","overlay-type":"","overlay-color":"","overlay-opacity":"","overlay-gradient":""}},"footnotes":""},"categories":[1],"tags":[],"class_list":["post-5987","post","type-post","status-publish","format-standard","hentry","category-general"],"post_mailing_queue_ids":[],"_links":{"self":[{"href":"https:\/\/agora.xtec.cat\/escolarambletadelclot\/wp-json\/wp\/v2\/posts\/5987","targetHints":{"allow":["GET"]}}],"collection":[{"href":"https:\/\/agora.xtec.cat\/escolarambletadelclot\/wp-json\/wp\/v2\/posts"}],"about":[{"href":"https:\/\/agora.xtec.cat\/escolarambletadelclot\/wp-json\/wp\/v2\/types\/post"}],"author":[{"embeddable":true,"href":"https:\/\/agora.xtec.cat\/escolarambletadelclot\/wp-json\/wp\/v2\/users\/1"}],"replies":[{"embeddable":true,"href":"https:\/\/agora.xtec.cat\/escolarambletadelclot\/wp-json\/wp\/v2\/comments?post=5987"}],"version-history":[{"count":2,"href":"https:\/\/agora.xtec.cat\/escolarambletadelclot\/wp-json\/wp\/v2\/posts\/5987\/revisions"}],"predecessor-version":[{"id":5990,"href":"https:\/\/agora.xtec.cat\/escolarambletadelclot\/wp-json\/wp\/v2\/posts\/5987\/revisions\/5990"}],"wp:attachment":[{"href":"https:\/\/agora.xtec.cat\/escolarambletadelclot\/wp-json\/wp\/v2\/media?parent=5987"}],"wp:term":[{"taxonomy":"category","embeddable":true,"href":"https:\/\/agora.xtec.cat\/escolarambletadelclot\/wp-json\/wp\/v2\/categories?post=5987"},{"taxonomy":"post_tag","embeddable":true,"href":"https:\/\/agora.xtec.cat\/escolarambletadelclot\/wp-json\/wp\/v2\/tags?post=5987"}],"curies":[{"name":"wp","href":"https:\/\/api.w.org\/{rel}","templated":true}]}}