{"id":5713,"date":"2023-02-28T13:22:02","date_gmt":"2023-02-28T12:22:02","guid":{"rendered":"https:\/\/agora.xtec.cat\/escolarambletadelclot\/?p=5713"},"modified":"2026-01-15T16:31:31","modified_gmt":"2026-01-15T15:31:31","slug":"proces-de-preinscripcio-curs-23-24","status":"publish","type":"post","link":"https:\/\/agora.xtec.cat\/escolarambletadelclot\/general\/proces-de-preinscripcio-curs-23-24\/","title":{"rendered":"Proc\u00e9s de preinscripci\u00f3 curs 23-24"},"content":{"rendered":"<p>Benvolgudes fam\u00edlies,<\/p>\n<p>Del 6 al 20 de mar\u00e7 \u00e9s el per\u00edode de preinscripci\u00f3 per al curs 23-24. A continuaci\u00f3 us hem preparat un calendari amb tots els passos d&#8217;aquest procediment.<\/p>\n<p>3 de mar\u00e7 &#8211; <a href=\"https:\/\/drive.google.com\/file\/d\/18R6h0PLoV4mfpdsy9WoSJhgJx5T8spCg\/view?usp=share_link\" target=\"_blank\" rel=\"noopener\">oferta inicial de places<\/a>.<\/p>\n<p>21 d&#8217;abril &#8211; <a href=\"https:\/\/drive.google.com\/file\/d\/17Caxep1-b4nYhkkgdGLyN9tq2XzMGmIC\/view?usp=share_link\" target=\"_blank\" rel=\"noopener\">llista amb la puntuaci\u00f3 provisional<\/a>.<\/p>\n<p>3 de maig &#8211; <a href=\"https:\/\/drive.google.com\/file\/d\/1YznAOcGhNCX3pO9ORa1zbbf1Czw11D87\/view?usp=drivesdk\" target=\"_blank\" rel=\"noopener\">llista amb la puntuaci\u00f3 resoltes les reclamacions<\/a>.<\/p>\n<p>9 de maig &#8211; n\u00famero de desempat: 66.646.<\/p>\n<p>11 de maig &#8211; <a href=\"https:\/\/drive.google.com\/file\/d\/1VQoF-CBLVcUSKCsp6UzWXecOXA-ThSaw\/view?usp=sharing\" target=\"_blank\" rel=\"noopener\">llista de sol\u00b7licituds ordenada<\/a>.<\/p>\n<p>9 de juny &#8211; <a href=\"https:\/\/drive.google.com\/file\/d\/1BkyKh75YSiL9NFDo0lR7KD5RgRFTtJi2\/view?usp=sharing\" target=\"_blank\" rel=\"noopener\">oferta definitva de places<\/a>.<\/p>\n<p>12 de juny &#8211; <a href=\"https:\/\/drive.google.com\/file\/d\/1Dx511FYNdiILfJkO24rU0172rjOxQ2ss\/view?usp=sharing\" target=\"_blank\" rel=\"noopener\">alumnes assignats al centre<\/a>.<\/p>\n<p>12 de juny &#8211; <a href=\"https:\/\/drive.google.com\/file\/d\/164EFfmqegBWljXAfwfxNAzI5KPvSI9r6\/view?usp=drive_link\" target=\"_blank\" rel=\"noopener\">llista d&#8217;espera<\/a>.<\/p>\n<p><img loading=\"lazy\" decoding=\"async\" class=\"aligncenter wp-image-5714 size-large\" src=\"https:\/\/agora.xtec.cat\/escolarambletadelclot\/wp-content\/uploads\/usu436\/2023\/02\/PREINSCRIPCIO-2023-410x1024.png\" alt=\"\" width=\"410\" height=\"1024\" srcset=\"https:\/\/agora.xtec.cat\/escolarambletadelclot\/wp-content\/uploads\/usu436\/2023\/02\/PREINSCRIPCIO-2023-410x1024.png 410w, https:\/\/agora.xtec.cat\/escolarambletadelclot\/wp-content\/uploads\/usu436\/2023\/02\/PREINSCRIPCIO-2023-120x300.png 120w, https:\/\/agora.xtec.cat\/escolarambletadelclot\/wp-content\/uploads\/usu436\/2023\/02\/PREINSCRIPCIO-2023-768x1920.png 768w, https:\/\/agora.xtec.cat\/escolarambletadelclot\/wp-content\/uploads\/usu436\/2023\/02\/PREINSCRIPCIO-2023.png 800w\" sizes=\"auto, (max-width: 410px) 100vw, 410px\" \/><\/p>\n<p>Si teniu qualsevol dubte o consulta ens podeu escriure un correu electr\u00f2nic a portesobertes@rambletadelclot.cat o trucar al 932454243. Tamb\u00e9 podeu demanar cita pr\u00e8via en aquest formulari i us ajudarem presencialment a l&#8217;escola.<\/p>\n<p><a href=\"https:\/\/aplicacions.gestioeducativa.gencat.cat\/pls\/apex\/f?p=CITA_PREVIA:4::::4:P4_TIPUS_CALENDARI,P4_DOMINI:01_Oblig,08002617\" target=\"_blank\" rel=\"noopener\"><img loading=\"lazy\" decoding=\"async\" class=\"aligncenter wp-image-5722 size-full\" src=\"https:\/\/agora.xtec.cat\/escolarambletadelclot\/wp-content\/uploads\/usu436\/2023\/02\/FAQs.png\" alt=\"\" width=\"515\" height=\"120\" srcset=\"https:\/\/agora.xtec.cat\/escolarambletadelclot\/wp-content\/uploads\/usu436\/2023\/02\/FAQs.png 515w, https:\/\/agora.xtec.cat\/escolarambletadelclot\/wp-content\/uploads\/usu436\/2023\/02\/FAQs-300x70.png 300w\" sizes=\"auto, (max-width: 515px) 100vw, 515px\" \/><\/a><\/p>\n<p>Tamb\u00e9 podeu consultar el\u00a0<a href=\"https:\/\/preinscripcio.gencat.cat\/ca\/inici\" target=\"_blank\" rel=\"noopener\">web de la preinscripci\u00f3<\/a>\u00a0de la Generalitat i el<a href=\"https:\/\/www.edubcn.cat\/ca\/alumnat_i_familia\/informacio_general_matriculacio\/preinscripcio\" target=\"_blank\" rel=\"noopener\">\u00a0web de la preinscripci\u00f3<\/a> del Consorci d\u2019Educaci\u00f3 de Barcelona.<\/p>\n<p>Cordialment,<\/p>\n<p>Equip Rambleta<\/p>\n","protected":false},"excerpt":{"rendered":"<p>Benvolgudes fam\u00edlies, Del 6 al 20 de mar\u00e7 \u00e9s el per\u00edode de preinscripci\u00f3 per al curs 23-24. A continuaci\u00f3 us hem preparat un calendari amb tots els passos d&#8217;aquest procediment. 3 de mar\u00e7 &#8211; oferta inicial de places. 21 d&#8217;abril &#8211; llista amb la puntuaci\u00f3 provisional. 3 de maig &#8211; llista amb la puntuaci\u00f3 resoltes [&hellip;]<\/p>\n","protected":false},"author":1,"featured_media":0,"comment_status":"closed","ping_status":"closed","sticky":false,"template":"","format":"standard","meta":{"_bbp_topic_count":0,"_bbp_reply_count":0,"_bbp_total_topic_count":0,"_bbp_total_reply_count":0,"_bbp_voice_count":0,"_bbp_anonymous_reply_count":0,"_bbp_topic_count_hidden":0,"_bbp_reply_count_hidden":0,"_bbp_forum_subforum_count":0,"site-sidebar-layout":"default","site-content-layout":"","ast-site-content-layout":"","site-content-style":"default","site-sidebar-style":"default","ast-global-header-display":"","ast-banner-title-visibility":"","ast-main-header-display":"","ast-hfb-above-header-display":"","ast-hfb-below-header-display":"","ast-hfb-mobile-header-display":"","site-post-title":"","ast-breadcrumbs-content":"","ast-featured-img":"","footer-sml-layout":"","theme-transparent-header-meta":"","adv-header-id-meta":"","stick-header-meta":"","header-above-stick-meta":"","header-main-stick-meta":"","header-below-stick-meta":"","astra-migrate-meta-layouts":"default","ast-page-background-enabled":"default","ast-page-background-meta":{"desktop":{"background-color":"var(--ast-global-color-4)","background-image":"","background-repeat":"repeat","background-position":"center center","background-size":"auto","background-attachment":"scroll","background-type":"","background-media":"","overlay-type":"","overlay-color":"","overlay-opacity":"","overlay-gradient":""},"tablet":{"background-color":"","background-image":"","background-repeat":"repeat","background-position":"center center","background-size":"auto","background-attachment":"scroll","background-type":"","background-media":"","overlay-type":"","overlay-color":"","overlay-opacity":"","overlay-gradient":""},"mobile":{"background-color":"","background-image":"","background-repeat":"repeat","background-position":"center center","background-size":"auto","background-attachment":"scroll","background-type":"","background-media":"","overlay-type":"","overlay-color":"","overlay-opacity":"","overlay-gradient":""}},"ast-content-background-meta":{"desktop":{"background-color":"var(--ast-global-color-5)","background-image":"","background-repeat":"repeat","background-position":"center center","background-size":"auto","background-attachment":"scroll","background-type":"","background-media":"","overlay-type":"","overlay-color":"","overlay-opacity":"","overlay-gradient":""},"tablet":{"background-color":"var(--ast-global-color-5)","background-image":"","background-repeat":"repeat","background-position":"center center","background-size":"auto","background-attachment":"scroll","background-type":"","background-media":"","overlay-type":"","overlay-color":"","overlay-opacity":"","overlay-gradient":""},"mobile":{"background-color":"var(--ast-global-color-5)","background-image":"","background-repeat":"repeat","background-position":"center center","background-size":"auto","background-attachment":"scroll","background-type":"","background-media":"","overlay-type":"","overlay-color":"","overlay-opacity":"","overlay-gradient":""}},"footnotes":""},"categories":[1],"tags":[],"class_list":["post-5713","post","type-post","status-publish","format-standard","hentry","category-general"],"post_mailing_queue_ids":[],"_links":{"self":[{"href":"https:\/\/agora.xtec.cat\/escolarambletadelclot\/wp-json\/wp\/v2\/posts\/5713","targetHints":{"allow":["GET"]}}],"collection":[{"href":"https:\/\/agora.xtec.cat\/escolarambletadelclot\/wp-json\/wp\/v2\/posts"}],"about":[{"href":"https:\/\/agora.xtec.cat\/escolarambletadelclot\/wp-json\/wp\/v2\/types\/post"}],"author":[{"embeddable":true,"href":"https:\/\/agora.xtec.cat\/escolarambletadelclot\/wp-json\/wp\/v2\/users\/1"}],"replies":[{"embeddable":true,"href":"https:\/\/agora.xtec.cat\/escolarambletadelclot\/wp-json\/wp\/v2\/comments?post=5713"}],"version-history":[{"count":4,"href":"https:\/\/agora.xtec.cat\/escolarambletadelclot\/wp-json\/wp\/v2\/posts\/5713\/revisions"}],"predecessor-version":[{"id":5839,"href":"https:\/\/agora.xtec.cat\/escolarambletadelclot\/wp-json\/wp\/v2\/posts\/5713\/revisions\/5839"}],"wp:attachment":[{"href":"https:\/\/agora.xtec.cat\/escolarambletadelclot\/wp-json\/wp\/v2\/media?parent=5713"}],"wp:term":[{"taxonomy":"category","embeddable":true,"href":"https:\/\/agora.xtec.cat\/escolarambletadelclot\/wp-json\/wp\/v2\/categories?post=5713"},{"taxonomy":"post_tag","embeddable":true,"href":"https:\/\/agora.xtec.cat\/escolarambletadelclot\/wp-json\/wp\/v2\/tags?post=5713"}],"curies":[{"name":"wp","href":"https:\/\/api.w.org\/{rel}","templated":true}]}}