{"id":5665,"date":"2023-01-23T13:29:12","date_gmt":"2023-01-23T12:29:12","guid":{"rendered":"https:\/\/agora.xtec.cat\/escolarambletadelclot\/?p=5665"},"modified":"2026-01-15T16:31:37","modified_gmt":"2026-01-15T15:31:37","slug":"jornades-de-portes-obertes-2-3-i-4-de-marc","status":"publish","type":"post","link":"https:\/\/agora.xtec.cat\/escolarambletadelclot\/general\/jornades-de-portes-obertes-2-3-i-4-de-marc\/","title":{"rendered":"Jornades de Portes Obertes: 2, 3 i 4 de mar\u00e7"},"content":{"rendered":"<p><img loading=\"lazy\" decoding=\"async\" class=\"aligncenter wp-image-5683\" src=\"https:\/\/agora.xtec.cat\/escolarambletadelclot\/wp-content\/uploads\/usu436\/2023\/01\/Cartellet-ppoo-2022-1-300x213.png\" alt=\"\" width=\"600\" height=\"426\" srcset=\"https:\/\/agora.xtec.cat\/escolarambletadelclot\/wp-content\/uploads\/usu436\/2023\/01\/Cartellet-ppoo-2022-1-300x213.png 300w, https:\/\/agora.xtec.cat\/escolarambletadelclot\/wp-content\/uploads\/usu436\/2023\/01\/Cartellet-ppoo-2022-1-1024x726.png 1024w, https:\/\/agora.xtec.cat\/escolarambletadelclot\/wp-content\/uploads\/usu436\/2023\/01\/Cartellet-ppoo-2022-1-768x545.png 768w, https:\/\/agora.xtec.cat\/escolarambletadelclot\/wp-content\/uploads\/usu436\/2023\/01\/Cartellet-ppoo-2022-1-1536x1090.png 1536w, https:\/\/agora.xtec.cat\/escolarambletadelclot\/wp-content\/uploads\/usu436\/2023\/01\/Cartellet-ppoo-2022-1.png 1748w\" sizes=\"auto, (max-width: 600px) 100vw, 600px\" \/><\/p>\n<p><span style=\"font-weight: 400;\">Bon dia fam\u00edlies! Voleu con\u00e8ixer la nostra escola i el nostre projecte? Enguany farem tres sessions de portes obertes en les que farem un recorregut per visitar els espais de l\u2019escola i tamb\u00e9 una petita xerrada per compartir el nostre projecte i les singularitats de la Rambleta.<\/span><\/p>\n<p><span style=\"font-weight: 400;\">Abans de venir, us convidem a fer un recorregut per la nostra p\u00e0gina web. Us recomanem que feu un cop d\u2019ull als apartats <\/span><a href=\"https:\/\/agora.xtec.cat\/escolarambletadelclot\/el-nostre-projecte-educatiu\/\" target=\"_blank\" rel=\"noopener\"><span style=\"font-weight: 400;\">El nostre projecte educatiu<\/span><\/a><span style=\"font-weight: 400;\">, <\/span><a href=\"https:\/\/agora.xtec.cat\/escolarambletadelclot\/lescola\/com-aprenem\/\" target=\"_blank\" rel=\"noopener\"><span style=\"font-weight: 400;\">Com aprenem?<\/span><\/a><span style=\"font-weight: 400;\">, els v\u00eddeos que ens fan un tour pels <\/span><a href=\"https:\/\/agora.xtec.cat\/escolarambletadelclot\/lescola\/instal%c2%b7lacions\/\" target=\"_blank\" rel=\"noopener\"><span style=\"font-weight: 400;\">espais de l\u2019escola<\/span><\/a><span style=\"font-weight: 400;\">, l\u2019<\/span><a href=\"https:\/\/www.youtube.com\/watch?v=pXrKoROuVf4\" target=\"_blank\" rel=\"noopener\"><span style=\"font-weight: 400;\">espot de la Rambleta<\/span><\/a><span style=\"font-weight: 400;\"> i la secci\u00f3 de <\/span><a href=\"https:\/\/agora.xtec.cat\/escolarambletadelclot\/preguntes-frequents\/\" target=\"_blank\" rel=\"noopener\"><span style=\"font-weight: 400;\">Preguntes Freq\u00fcents<\/span><\/a><span style=\"font-weight: 400;\">:<\/span><\/p>\n<p><a href=\"https:\/\/agora.xtec.cat\/escolarambletadelclot\/preguntes-frequents\/\" target=\"_blank\" rel=\"noopener\"><img loading=\"lazy\" decoding=\"async\" class=\"aligncenter wp-image-5670 size-full\" src=\"https:\/\/agora.xtec.cat\/escolarambletadelclot\/wp-content\/uploads\/usu436\/2023\/01\/FAQs-1-1.png\" alt=\"\" width=\"515\" height=\"120\" srcset=\"https:\/\/agora.xtec.cat\/escolarambletadelclot\/wp-content\/uploads\/usu436\/2023\/01\/FAQs-1-1.png 515w, https:\/\/agora.xtec.cat\/escolarambletadelclot\/wp-content\/uploads\/usu436\/2023\/01\/FAQs-1-1-300x70.png 300w\" sizes=\"auto, (max-width: 515px) 100vw, 515px\" \/><\/a><\/p>\n<p><span style=\"font-weight: 400;\">Les sessions programades s\u00f3n:<\/span><\/p>\n<ul>\n<li><span style=\"font-family: inherit; font-size: 1em;\">Dijous 2 de mar\u00e7 a les 9,30h. <span style=\"font-weight: 400;\"><strong>TORN COMPLERT<\/strong><\/span><\/span><\/li>\n<li style=\"font-weight: 400;\" aria-level=\"1\"><span style=\"font-weight: 400;\">Divendres 3 de mar\u00e7 a les 15,15h. <strong>TORN COMPLERT<\/strong><\/span><\/li>\n<li style=\"font-weight: 400;\" aria-level=\"1\"><span style=\"font-weight: 400;\">Dissabte 4 de mar\u00e7 a les 9,30h.\u00a0<strong>TORN COMPLERT<\/strong><\/span><\/li>\n<\/ul>\n<p><strong>Tot i que els torns oferts ja estan complerts, si voleu venir a les portes obertes escriviu-nos un correu electr\u00f2nic a portesobertes@rambletadelclot.cat i ho gestionem.<\/strong><\/p>\n<p><span style=\"font-weight: 400;\">El dijous i divendres 2 i 3 de mar\u00e7 podreu veure l&#8217;escola en funcionament, podreu visitar els espais de l&#8217;escola amb els infants a dins i us explicarem com \u00e9s la nostra escola.<\/span><\/p>\n<p><span style=\"font-weight: 400;\">El dissabte 4 de mar\u00e7 podreu veure els espais de l&#8217;escola i con\u00e8ixer part de l&#8217;equip educatiu que tamb\u00e9 us explicar\u00e0 com \u00e9s la nostra escola.<\/span><\/p>\n<p><span style=\"font-weight: 400;\">Si us plau, ompliu el seg\u00fcent formulari per reservar la vostra pla\u00e7a en un dels torns.<\/span><\/p>\n<p><a href=\"https:\/\/docs.google.com\/forms\/d\/e\/1FAIpQLSdaBtIAILlDDbrwO4voKkQkytMAhYDjrp1tE7cz4pSMwpWCBQ\/viewform?usp=sf_link\" target=\"_blank\" rel=\"noopener\"><img loading=\"lazy\" decoding=\"async\" class=\"aligncenter wp-image-5671 size-full\" src=\"https:\/\/agora.xtec.cat\/escolarambletadelclot\/wp-content\/uploads\/usu436\/2023\/01\/FAQs-2.png\" alt=\"\" width=\"515\" height=\"120\" srcset=\"https:\/\/agora.xtec.cat\/escolarambletadelclot\/wp-content\/uploads\/usu436\/2023\/01\/FAQs-2.png 515w, https:\/\/agora.xtec.cat\/escolarambletadelclot\/wp-content\/uploads\/usu436\/2023\/01\/FAQs-2-300x70.png 300w\" sizes=\"auto, (max-width: 515px) 100vw, 515px\" \/><\/a><\/p>\n<p><span style=\"font-weight: 400;\">Si teniu qualsevol dubte podeu contactar amb nosaltres als tel\u00e8fons 932 45 42 43 \/ 603 555 352 o al correu <\/span><a href=\"mailto:portesobertes@rambletadelclot.cat\" target=\"_blank\" rel=\"noopener\"><span style=\"font-weight: 400;\">portesobertes@rambletadelclot.cat<\/span><\/a><span style=\"font-weight: 400;\">.<\/span><\/p>\n<p><span style=\"font-weight: 400;\">Tamb\u00e9 us animem a consultar el <\/span><a href=\"https:\/\/preinscripcio.gencat.cat\/ca\/inici\" target=\"_blank\" rel=\"noopener\"><span style=\"font-weight: 400;\">web de la preinscripci\u00f3<\/span><\/a><span style=\"font-weight: 400;\"> de la Generalitat i el<\/span><a href=\"https:\/\/www.edubcn.cat\/ca\/alumnat_i_familia\/informacio_general_matriculacio\/preinscripcio\" target=\"_blank\" rel=\"noopener\"><span style=\"font-weight: 400;\"> web de la preinscripci\u00f3<\/span><\/a><span style=\"font-weight: 400;\"> del Consorci d\u2019Educaci\u00f3 de Barcelona on es dona resposta als dubtes que es plantegen les fam\u00edlies m\u00e9s sovint a l\u2019hora de formalitzar la preinscripci\u00f3 escolar. En <a href=\"https:\/\/drive.google.com\/file\/d\/1V7rPX7Y0TOI_J4GUISbWqFokwU1AiVeC\/view?usp=share_link\" target=\"_blank\" rel=\"noopener\">aquest enlla\u00e7<\/a> podeu consultar les jornades informatives dels diferents districtes organitzades pel Consorci.<\/span><\/p>\n<p><span style=\"font-weight: 400;\">Us esperem a la Rambleta!<\/span><\/p>\n","protected":false},"excerpt":{"rendered":"<p>Bon dia fam\u00edlies! Voleu con\u00e8ixer la nostra escola i el nostre projecte? Enguany farem tres sessions de portes obertes en les que farem un recorregut per visitar els espais de l\u2019escola i tamb\u00e9 una petita xerrada per compartir el nostre projecte i les singularitats de la Rambleta. Abans de venir, us convidem a fer un [&hellip;]<\/p>\n","protected":false},"author":1,"featured_media":0,"comment_status":"closed","ping_status":"closed","sticky":false,"template":"","format":"standard","meta":{"_bbp_topic_count":0,"_bbp_reply_count":0,"_bbp_total_topic_count":0,"_bbp_total_reply_count":0,"_bbp_voice_count":0,"_bbp_anonymous_reply_count":0,"_bbp_topic_count_hidden":0,"_bbp_reply_count_hidden":0,"_bbp_forum_subforum_count":0,"site-sidebar-layout":"default","site-content-layout":"","ast-site-content-layout":"","site-content-style":"default","site-sidebar-style":"default","ast-global-header-display":"","ast-banner-title-visibility":"","ast-main-header-display":"","ast-hfb-above-header-display":"","ast-hfb-below-header-display":"","ast-hfb-mobile-header-display":"","site-post-title":"","ast-breadcrumbs-content":"","ast-featured-img":"","footer-sml-layout":"","theme-transparent-header-meta":"","adv-header-id-meta":"","stick-header-meta":"","header-above-stick-meta":"","header-main-stick-meta":"","header-below-stick-meta":"","astra-migrate-meta-layouts":"default","ast-page-background-enabled":"default","ast-page-background-meta":{"desktop":{"background-color":"var(--ast-global-color-4)","background-image":"","background-repeat":"repeat","background-position":"center center","background-size":"auto","background-attachment":"scroll","background-type":"","background-media":"","overlay-type":"","overlay-color":"","overlay-opacity":"","overlay-gradient":""},"tablet":{"background-color":"","background-image":"","background-repeat":"repeat","background-position":"center center","background-size":"auto","background-attachment":"scroll","background-type":"","background-media":"","overlay-type":"","overlay-color":"","overlay-opacity":"","overlay-gradient":""},"mobile":{"background-color":"","background-image":"","background-repeat":"repeat","background-position":"center center","background-size":"auto","background-attachment":"scroll","background-type":"","background-media":"","overlay-type":"","overlay-color":"","overlay-opacity":"","overlay-gradient":""}},"ast-content-background-meta":{"desktop":{"background-color":"var(--ast-global-color-5)","background-image":"","background-repeat":"repeat","background-position":"center center","background-size":"auto","background-attachment":"scroll","background-type":"","background-media":"","overlay-type":"","overlay-color":"","overlay-opacity":"","overlay-gradient":""},"tablet":{"background-color":"var(--ast-global-color-5)","background-image":"","background-repeat":"repeat","background-position":"center center","background-size":"auto","background-attachment":"scroll","background-type":"","background-media":"","overlay-type":"","overlay-color":"","overlay-opacity":"","overlay-gradient":""},"mobile":{"background-color":"var(--ast-global-color-5)","background-image":"","background-repeat":"repeat","background-position":"center center","background-size":"auto","background-attachment":"scroll","background-type":"","background-media":"","overlay-type":"","overlay-color":"","overlay-opacity":"","overlay-gradient":""}},"footnotes":""},"categories":[1],"tags":[],"class_list":["post-5665","post","type-post","status-publish","format-standard","hentry","category-general"],"post_mailing_queue_ids":[],"_links":{"self":[{"href":"https:\/\/agora.xtec.cat\/escolarambletadelclot\/wp-json\/wp\/v2\/posts\/5665","targetHints":{"allow":["GET"]}}],"collection":[{"href":"https:\/\/agora.xtec.cat\/escolarambletadelclot\/wp-json\/wp\/v2\/posts"}],"about":[{"href":"https:\/\/agora.xtec.cat\/escolarambletadelclot\/wp-json\/wp\/v2\/types\/post"}],"author":[{"embeddable":true,"href":"https:\/\/agora.xtec.cat\/escolarambletadelclot\/wp-json\/wp\/v2\/users\/1"}],"replies":[{"embeddable":true,"href":"https:\/\/agora.xtec.cat\/escolarambletadelclot\/wp-json\/wp\/v2\/comments?post=5665"}],"version-history":[{"count":4,"href":"https:\/\/agora.xtec.cat\/escolarambletadelclot\/wp-json\/wp\/v2\/posts\/5665\/revisions"}],"predecessor-version":[{"id":5712,"href":"https:\/\/agora.xtec.cat\/escolarambletadelclot\/wp-json\/wp\/v2\/posts\/5665\/revisions\/5712"}],"wp:attachment":[{"href":"https:\/\/agora.xtec.cat\/escolarambletadelclot\/wp-json\/wp\/v2\/media?parent=5665"}],"wp:term":[{"taxonomy":"category","embeddable":true,"href":"https:\/\/agora.xtec.cat\/escolarambletadelclot\/wp-json\/wp\/v2\/categories?post=5665"},{"taxonomy":"post_tag","embeddable":true,"href":"https:\/\/agora.xtec.cat\/escolarambletadelclot\/wp-json\/wp\/v2\/tags?post=5665"}],"curies":[{"name":"wp","href":"https:\/\/api.w.org\/{rel}","templated":true}]}}