{"id":5545,"date":"2022-05-16T11:18:12","date_gmt":"2022-05-16T09:18:12","guid":{"rendered":"https:\/\/agora.xtec.cat\/escolarambletadelclot\/?p=5545"},"modified":"2026-01-15T16:32:53","modified_gmt":"2026-01-15T15:32:53","slug":"ajuts-de-menjador-escolar-curs-2022-23","status":"publish","type":"post","link":"https:\/\/agora.xtec.cat\/escolarambletadelclot\/general\/ajuts-de-menjador-escolar-curs-2022-23\/","title":{"rendered":"Ajuts de menjador escolar curs 2022-23"},"content":{"rendered":"<p><img loading=\"lazy\" decoding=\"async\" class=\"size-full wp-image-5546 aligncenter\" src=\"https:\/\/agora.xtec.cat\/escolarambletadelclot\/wp-content\/uploads\/usu436\/2022\/05\/AJUTS-DE-MENJADOR2.png\" alt=\"\" width=\"874\" height=\"512\" srcset=\"https:\/\/agora.xtec.cat\/escolarambletadelclot\/wp-content\/uploads\/usu436\/2022\/05\/AJUTS-DE-MENJADOR2.png 874w, https:\/\/agora.xtec.cat\/escolarambletadelclot\/wp-content\/uploads\/usu436\/2022\/05\/AJUTS-DE-MENJADOR2-300x176.png 300w, https:\/\/agora.xtec.cat\/escolarambletadelclot\/wp-content\/uploads\/usu436\/2022\/05\/AJUTS-DE-MENJADOR2-768x450.png 768w\" sizes=\"auto, (max-width: 874px) 100vw, 874px\" \/><\/p>\n<p>Benvolgudes fam\u00edlies,<\/p>\n<p>L&#8217;alumnat de I3 a 4t d&#8217;ESO escolaritzat en centres p\u00fablics i concertats de fam\u00edlies amb ingressos per sota dels llindars establerts a la convocat\u00f2ria pot sol\u00b7licitar l&#8217;ajut individual de menjador a trav\u00e9s del seu centre educatiu. A la ciutat de Barcelona aquests ajuts s\u00f3n gestionats pel<a href=\"https:\/\/www.edubcn.cat\/ca\/alumnat_i_familia\/ajuts_beques_i_subvencions\/ajuts_de_menjador_escolar\" target=\"_blank\" rel=\"noopener\"> Consorci d\u2019Educaci\u00f3 de Barcelona<\/a>, mitjan\u00e7ant convocat\u00f2ria p\u00fablica.<\/p>\n<h4>Convocat\u00f2ria d&#8217;ajuts individuals de menjador. Curs 2022-2023<\/h4>\n<ul>\n<li>S\u2019atorguen ajuts ordinaris del 70% (pendent de resoluci\u00f3 el preu de menjador) i tamb\u00e9 extraordinaris fins un m\u00e0xim del 100% (pendent de resoluci\u00f3 el preu de menjador) per a les rendes m\u00e9s baixes.<\/li>\n<li>Es pot sol\u00b7licitar l\u2019ajut en base als ingressos familiars corresponents a la renda 2021.<\/li>\n<li>S\u2019estableix un llindar per sobre del qual no es poden sol\u00b7licitar ajuts a fi de dedicar els ajuts als trams de rendes m\u00e9s baixes. Es pren com a refer\u00e8ncia el llindar de la pobresa establert a l\u2019IDESCAT. Aquesta mesura va ser aprovada pel Parlament de Catalunya a la Resoluci\u00f3 11\/17.<\/li>\n<\/ul>\n<h6>PRESENTACI\u00d3 DE SOL\u00b7LICITUDS<\/h6>\n<p>Les sol\u00b7licituds es presentaran a trav\u00e9s d&#8217;un formulari telem\u00e0tic adre\u00e7at a l&#8217;alumnat que estigui matriculat o preinscrit per al curs 2022-2023, en un per\u00edode inicial i quatre per\u00edodes oberts de sol\u00b7licituds:<\/p>\n<ul>\n<li>Per\u00edode de juny 2022:\u00a0<strong>entre el 16 de maig i el 15 de juny<\/strong>, ambd\u00f3s inclosos. El termini per presentar les sol\u00b7licituds signades al centre amb documentaci\u00f3, si escau, \u00e9s fins al 17 de juny.<\/li>\n<li>Un cop finalitzat el per\u00edode de juny, s\u2019establiran per\u00edodes oberts de presentaci\u00f3 de sol\u00b7licituds (noves peticions, alumnat nou vingut i situacions sobrevingudes)\n<ul>\n<li>\n<ul>\n<li><strong>Primer per\u00edode obert<\/strong>\u00a0de presentaci\u00f3 de sol\u00b7licituds:\u00a0<strong>entre el 5 i el 25 de setembre de 2022<\/strong>, ambd\u00f3s inclosos.<\/li>\n<li><strong>Segon per\u00edode obert<\/strong>\u00a0de presentaci\u00f3 de sol\u00b7licituds:\u00a0<strong>entre el 26 de setembre i el 30 de novembre<\/strong>\u00a0de 2022, ambd\u00f3s inclosos.<\/li>\n<li><strong>Tercer per\u00edode obert<\/strong>\u00a0de presentaci\u00f3 de sol\u00b7licituds:\u00a0<strong>entre l&#8217;1 de desembre de 2022 i el 28 de febrer<\/strong>\u00a0de 2023, ambd\u00f3s inclosos<\/li>\n<li><strong>Quart per\u00edode obert<\/strong>\u00a0de presentaci\u00f3 de sol\u00b7licituds:<strong>\u00a0entre l\u20191 de mar\u00e7 de 2023 i el 27 d\u2019abril de 2023<\/strong>, ambd\u00f3s inclosos.<\/li>\n<\/ul>\n<\/li>\n<\/ul>\n<\/li>\n<\/ul>\n<h6>SUPORT A LES FAM\u00cdLIES<\/h6>\n<ul>\n<li><a href=\"https:\/\/www.edubcn.cat\/rcs_gene\/extra\/02_ajuts_de_menjador_2022_2023\/Full_informatiu_web_actualitzat_AJM_22_23_CAT.pdf\">Full informatiu de la convocat\u00f2ria 2022-2023<\/a><\/li>\n<\/ul>\n<h6>FER LA SOL\u00b7LICITUD TELEM\u00c0TICA<\/h6>\n<ul>\n<li><a href=\"https:\/\/cebajutsmenjador.azurewebsites.net\/\" target=\"_blank\" rel=\"noopener\">Formulari de sol\u00b7licitud d&#8217;ajuts de menjador<\/a> (a partir del 16 de maig)<\/li>\n<\/ul>\n","protected":false},"excerpt":{"rendered":"<p>Benvolgudes fam\u00edlies, L&#8217;alumnat de I3 a 4t d&#8217;ESO escolaritzat en centres p\u00fablics i concertats de fam\u00edlies amb ingressos per sota dels llindars establerts a la convocat\u00f2ria pot sol\u00b7licitar l&#8217;ajut individual de menjador a trav\u00e9s del seu centre educatiu. A la ciutat de Barcelona aquests ajuts s\u00f3n gestionats pel Consorci d\u2019Educaci\u00f3 de Barcelona, mitjan\u00e7ant convocat\u00f2ria p\u00fablica. [&hellip;]<\/p>\n","protected":false},"author":1,"featured_media":0,"comment_status":"open","ping_status":"closed","sticky":false,"template":"","format":"standard","meta":{"_bbp_topic_count":0,"_bbp_reply_count":0,"_bbp_total_topic_count":0,"_bbp_total_reply_count":0,"_bbp_voice_count":0,"_bbp_anonymous_reply_count":0,"_bbp_topic_count_hidden":0,"_bbp_reply_count_hidden":0,"_bbp_forum_subforum_count":0,"site-sidebar-layout":"default","site-content-layout":"","ast-site-content-layout":"","site-content-style":"default","site-sidebar-style":"default","ast-global-header-display":"","ast-banner-title-visibility":"","ast-main-header-display":"","ast-hfb-above-header-display":"","ast-hfb-below-header-display":"","ast-hfb-mobile-header-display":"","site-post-title":"","ast-breadcrumbs-content":"","ast-featured-img":"","footer-sml-layout":"","theme-transparent-header-meta":"","adv-header-id-meta":"","stick-header-meta":"","header-above-stick-meta":"","header-main-stick-meta":"","header-below-stick-meta":"","astra-migrate-meta-layouts":"default","ast-page-background-enabled":"default","ast-page-background-meta":{"desktop":{"background-color":"var(--ast-global-color-4)","background-image":"","background-repeat":"repeat","background-position":"center center","background-size":"auto","background-attachment":"scroll","background-type":"","background-media":"","overlay-type":"","overlay-color":"","overlay-opacity":"","overlay-gradient":""},"tablet":{"background-color":"","background-image":"","background-repeat":"repeat","background-position":"center center","background-size":"auto","background-attachment":"scroll","background-type":"","background-media":"","overlay-type":"","overlay-color":"","overlay-opacity":"","overlay-gradient":""},"mobile":{"background-color":"","background-image":"","background-repeat":"repeat","background-position":"center center","background-size":"auto","background-attachment":"scroll","background-type":"","background-media":"","overlay-type":"","overlay-color":"","overlay-opacity":"","overlay-gradient":""}},"ast-content-background-meta":{"desktop":{"background-color":"var(--ast-global-color-5)","background-image":"","background-repeat":"repeat","background-position":"center center","background-size":"auto","background-attachment":"scroll","background-type":"","background-media":"","overlay-type":"","overlay-color":"","overlay-opacity":"","overlay-gradient":""},"tablet":{"background-color":"var(--ast-global-color-5)","background-image":"","background-repeat":"repeat","background-position":"center center","background-size":"auto","background-attachment":"scroll","background-type":"","background-media":"","overlay-type":"","overlay-color":"","overlay-opacity":"","overlay-gradient":""},"mobile":{"background-color":"var(--ast-global-color-5)","background-image":"","background-repeat":"repeat","background-position":"center center","background-size":"auto","background-attachment":"scroll","background-type":"","background-media":"","overlay-type":"","overlay-color":"","overlay-opacity":"","overlay-gradient":""}},"footnotes":""},"categories":[1],"tags":[],"class_list":["post-5545","post","type-post","status-publish","format-standard","hentry","category-general"],"post_mailing_queue_ids":[],"_links":{"self":[{"href":"https:\/\/agora.xtec.cat\/escolarambletadelclot\/wp-json\/wp\/v2\/posts\/5545","targetHints":{"allow":["GET"]}}],"collection":[{"href":"https:\/\/agora.xtec.cat\/escolarambletadelclot\/wp-json\/wp\/v2\/posts"}],"about":[{"href":"https:\/\/agora.xtec.cat\/escolarambletadelclot\/wp-json\/wp\/v2\/types\/post"}],"author":[{"embeddable":true,"href":"https:\/\/agora.xtec.cat\/escolarambletadelclot\/wp-json\/wp\/v2\/users\/1"}],"replies":[{"embeddable":true,"href":"https:\/\/agora.xtec.cat\/escolarambletadelclot\/wp-json\/wp\/v2\/comments?post=5545"}],"version-history":[{"count":2,"href":"https:\/\/agora.xtec.cat\/escolarambletadelclot\/wp-json\/wp\/v2\/posts\/5545\/revisions"}],"predecessor-version":[{"id":5548,"href":"https:\/\/agora.xtec.cat\/escolarambletadelclot\/wp-json\/wp\/v2\/posts\/5545\/revisions\/5548"}],"wp:attachment":[{"href":"https:\/\/agora.xtec.cat\/escolarambletadelclot\/wp-json\/wp\/v2\/media?parent=5545"}],"wp:term":[{"taxonomy":"category","embeddable":true,"href":"https:\/\/agora.xtec.cat\/escolarambletadelclot\/wp-json\/wp\/v2\/categories?post=5545"},{"taxonomy":"post_tag","embeddable":true,"href":"https:\/\/agora.xtec.cat\/escolarambletadelclot\/wp-json\/wp\/v2\/tags?post=5545"}],"curies":[{"name":"wp","href":"https:\/\/api.w.org\/{rel}","templated":true}]}}