{"id":5414,"date":"2022-06-17T09:15:44","date_gmt":"2022-06-17T07:15:44","guid":{"rendered":"https:\/\/agora.xtec.cat\/escolarambletadelclot\/?p=5414"},"modified":"2026-01-15T16:32:47","modified_gmt":"2026-01-15T15:32:47","slug":"preinscripcio-i-matriculacio-per-al-curs-2022-23","status":"publish","type":"post","link":"https:\/\/agora.xtec.cat\/escolarambletadelclot\/general\/preinscripcio-i-matriculacio-per-al-curs-2022-23\/","title":{"rendered":"Matriculaci\u00f3 per al curs 2022-23"},"content":{"rendered":"<p>Benvolgudes fam\u00edlies,<\/p>\n<p style=\"text-align: justify;\">Dimarts dia <strong>21 de juny<\/strong> comen\u00e7a el per\u00edode de matriculaci\u00f3. En <a href=\"https:\/\/aplicacions.gestioeducativa.gencat.cat\/pls\/apex\/f?p=CITA_PREVIA:4::::4:P4_TIPUS_CALENDARI,P4_DOMINI:03_Oblig,08002617\" target=\"_blank\" rel=\"noopener\">aquest enlla\u00e7<\/a> podeu demanar dia i hora per venir a l&#8217;escola a fer la matricula. Dilluns dia 20 de juny rebreu <strong>un correu electr\u00f2nic<\/strong> de benvinguda amb tota la informaci\u00f3 i si teniu qualsevol dubte o consulta ens podeu escriure un correu electr\u00f2nic a matriculacio@rambletadelclot.cat o trucar al 932454243.<\/p>\n<p><strong>Divendres 10 de juny<\/strong>\u00a0us presentem els llistats d&#8217;alumnes assignats al centre, de preinscripci\u00f3 i de llista d&#8217;espera:<\/p>\n<p><a href=\"https:\/\/drive.google.com\/file\/d\/1Qjjv4iBB-_45e5MsjFhp4psq8EofQo7g\/view?usp=sharing\" target=\"_blank\" rel=\"noopener\"><img loading=\"lazy\" decoding=\"async\" class=\"alignnone size-full wp-image-5558\" src=\"https:\/\/agora.xtec.cat\/escolarambletadelclot\/wp-content\/uploads\/usu436\/2022\/03\/7.png\" alt=\"\" width=\"1600\" height=\"400\" srcset=\"https:\/\/agora.xtec.cat\/escolarambletadelclot\/wp-content\/uploads\/usu436\/2022\/03\/7.png 1600w, https:\/\/agora.xtec.cat\/escolarambletadelclot\/wp-content\/uploads\/usu436\/2022\/03\/7-300x75.png 300w, https:\/\/agora.xtec.cat\/escolarambletadelclot\/wp-content\/uploads\/usu436\/2022\/03\/7-1024x256.png 1024w, https:\/\/agora.xtec.cat\/escolarambletadelclot\/wp-content\/uploads\/usu436\/2022\/03\/7-768x192.png 768w, https:\/\/agora.xtec.cat\/escolarambletadelclot\/wp-content\/uploads\/usu436\/2022\/03\/7-1536x384.png 1536w\" sizes=\"auto, (max-width: 1600px) 100vw, 1600px\" \/><\/a><\/p>\n<p><a href=\"https:\/\/drive.google.com\/file\/d\/1haWAFVebaGc-oqwMzOH3DpjJud3HXG1U\/view?usp=sharing\" target=\"_blank\" rel=\"noopener\"><img loading=\"lazy\" decoding=\"async\" class=\"alignnone size-full wp-image-5559\" src=\"https:\/\/agora.xtec.cat\/escolarambletadelclot\/wp-content\/uploads\/usu436\/2022\/03\/8.png\" alt=\"\" width=\"1600\" height=\"400\" srcset=\"https:\/\/agora.xtec.cat\/escolarambletadelclot\/wp-content\/uploads\/usu436\/2022\/03\/8.png 1600w, https:\/\/agora.xtec.cat\/escolarambletadelclot\/wp-content\/uploads\/usu436\/2022\/03\/8-300x75.png 300w, https:\/\/agora.xtec.cat\/escolarambletadelclot\/wp-content\/uploads\/usu436\/2022\/03\/8-1024x256.png 1024w, https:\/\/agora.xtec.cat\/escolarambletadelclot\/wp-content\/uploads\/usu436\/2022\/03\/8-768x192.png 768w, https:\/\/agora.xtec.cat\/escolarambletadelclot\/wp-content\/uploads\/usu436\/2022\/03\/8-1536x384.png 1536w\" sizes=\"auto, (max-width: 1600px) 100vw, 1600px\" \/><\/a><\/p>\n<p><a href=\"https:\/\/drive.google.com\/file\/d\/1PYaKzukDgOH2mhznRxNjrvnbGfxlE25A\/view?usp=sharing\" target=\"_blank\" rel=\"noopener\"><img loading=\"lazy\" decoding=\"async\" class=\"alignnone size-full wp-image-5557\" src=\"https:\/\/agora.xtec.cat\/escolarambletadelclot\/wp-content\/uploads\/usu436\/2022\/03\/9.png\" alt=\"\" width=\"1600\" height=\"400\" srcset=\"https:\/\/agora.xtec.cat\/escolarambletadelclot\/wp-content\/uploads\/usu436\/2022\/03\/9.png 1600w, https:\/\/agora.xtec.cat\/escolarambletadelclot\/wp-content\/uploads\/usu436\/2022\/03\/9-300x75.png 300w, https:\/\/agora.xtec.cat\/escolarambletadelclot\/wp-content\/uploads\/usu436\/2022\/03\/9-1024x256.png 1024w, https:\/\/agora.xtec.cat\/escolarambletadelclot\/wp-content\/uploads\/usu436\/2022\/03\/9-768x192.png 768w, https:\/\/agora.xtec.cat\/escolarambletadelclot\/wp-content\/uploads\/usu436\/2022\/03\/9-1536x384.png 1536w\" sizes=\"auto, (max-width: 1600px) 100vw, 1600px\" \/><\/a><\/p>\n<p><a href=\"https:\/\/drive.google.com\/file\/d\/1fwSg-QUX2gAWTbfqh61c95vcHj7wBRnv\/view?usp=sharing\" target=\"_blank\" rel=\"noopener\"><img loading=\"lazy\" decoding=\"async\" class=\"alignnone size-full wp-image-5554\" src=\"https:\/\/agora.xtec.cat\/escolarambletadelclot\/wp-content\/uploads\/usu436\/2022\/03\/Formulari-3.png\" alt=\"\" width=\"1600\" height=\"400\" srcset=\"https:\/\/agora.xtec.cat\/escolarambletadelclot\/wp-content\/uploads\/usu436\/2022\/03\/Formulari-3.png 1600w, https:\/\/agora.xtec.cat\/escolarambletadelclot\/wp-content\/uploads\/usu436\/2022\/03\/Formulari-3-300x75.png 300w, https:\/\/agora.xtec.cat\/escolarambletadelclot\/wp-content\/uploads\/usu436\/2022\/03\/Formulari-3-1024x256.png 1024w, https:\/\/agora.xtec.cat\/escolarambletadelclot\/wp-content\/uploads\/usu436\/2022\/03\/Formulari-3-768x192.png 768w, https:\/\/agora.xtec.cat\/escolarambletadelclot\/wp-content\/uploads\/usu436\/2022\/03\/Formulari-3-1536x384.png 1536w\" sizes=\"auto, (max-width: 1600px) 100vw, 1600px\" \/><\/a><\/p>\n<p>Us hem preparat aquesta\u00a0<b>infografia <\/b>amb tota la informaci\u00f3 important referent als <strong>terminis del proc\u00e9s de preinscripci\u00f3 escolar i matricula<\/strong> per al curs 2022-2023.<\/p>\n<p><img loading=\"lazy\" decoding=\"async\" class=\"aligncenter wp-image-5426 size-large\" src=\"https:\/\/agora.xtec.cat\/escolarambletadelclot\/wp-content\/uploads\/usu436\/2022\/03\/PREINSCRIPCIO-2022-1-410x1024.png\" alt=\"\" width=\"410\" height=\"1024\" srcset=\"https:\/\/agora.xtec.cat\/escolarambletadelclot\/wp-content\/uploads\/usu436\/2022\/03\/PREINSCRIPCIO-2022-1-410x1024.png 410w, https:\/\/agora.xtec.cat\/escolarambletadelclot\/wp-content\/uploads\/usu436\/2022\/03\/PREINSCRIPCIO-2022-1-120x300.png 120w, https:\/\/agora.xtec.cat\/escolarambletadelclot\/wp-content\/uploads\/usu436\/2022\/03\/PREINSCRIPCIO-2022-1-768x1920.png 768w, https:\/\/agora.xtec.cat\/escolarambletadelclot\/wp-content\/uploads\/usu436\/2022\/03\/PREINSCRIPCIO-2022-1.png 800w\" sizes=\"auto, (max-width: 410px) 100vw, 410px\" \/><\/p>\n<p>A m\u00e9s, us facilitem l&#8217;enlla\u00e7 a les <a href=\"https:\/\/drive.google.com\/file\/d\/1C7XcSHHHNLTIskZENsJyF9Jkz1z_NkIt\/view?usp=sharing\" target=\"_blank\" rel=\"noopener\">instruccions per fer el proc\u00e9s de preinscripci\u00f3<\/a> i el <a href=\"https:\/\/drive.google.com\/file\/d\/1_CCJvkJgcTCo1SiC0FKaODNustYPz1Eo\/view?usp=sharing\" target=\"_blank\" rel=\"noopener\">fullet\u00f3 informatiu<\/a> per a les fam\u00edlies dels infants de 3 anys.<\/p>\n<p>Tamb\u00e9 podeu consultar el <a href=\"https:\/\/preinscripcio.gencat.cat\/ca\/inici\" target=\"_blank\" rel=\"noopener\">web de la preinscripci\u00f3<\/a> de la Generalitat i el <a href=\"https:\/\/www.edubcn.cat\/ca\/alumnat_i_familia\/informacio_general_matriculacio\/preinscripcio\" target=\"_blank\" rel=\"noopener\">web de la preinscripci\u00f3<\/a> del Consorci d&#8217;Educaci\u00f3 de Barcelona.<\/p>\n<p>Si teniu qualsevol pregunta, no dubteu en posar-vos en contacte amb nosaltres per correu electr\u00f2nic a portesobertes@rambletadelclot.cat o al 932454243.<\/p>\n","protected":false},"excerpt":{"rendered":"<p>Benvolgudes fam\u00edlies, Dimarts dia 21 de juny comen\u00e7a el per\u00edode de matriculaci\u00f3. En aquest enlla\u00e7 podeu demanar dia i hora per venir a l&#8217;escola a fer la matricula. Dilluns dia 20 de juny rebreu un correu electr\u00f2nic de benvinguda amb tota la informaci\u00f3 i si teniu qualsevol dubte o consulta ens podeu escriure un correu [&hellip;]<\/p>\n","protected":false},"author":1,"featured_media":0,"comment_status":"open","ping_status":"closed","sticky":false,"template":"","format":"standard","meta":{"_bbp_topic_count":0,"_bbp_reply_count":0,"_bbp_total_topic_count":0,"_bbp_total_reply_count":0,"_bbp_voice_count":0,"_bbp_anonymous_reply_count":0,"_bbp_topic_count_hidden":0,"_bbp_reply_count_hidden":0,"_bbp_forum_subforum_count":0,"site-sidebar-layout":"default","site-content-layout":"","ast-site-content-layout":"","site-content-style":"default","site-sidebar-style":"default","ast-global-header-display":"","ast-banner-title-visibility":"","ast-main-header-display":"","ast-hfb-above-header-display":"","ast-hfb-below-header-display":"","ast-hfb-mobile-header-display":"","site-post-title":"","ast-breadcrumbs-content":"","ast-featured-img":"","footer-sml-layout":"","theme-transparent-header-meta":"","adv-header-id-meta":"","stick-header-meta":"","header-above-stick-meta":"","header-main-stick-meta":"","header-below-stick-meta":"","astra-migrate-meta-layouts":"default","ast-page-background-enabled":"default","ast-page-background-meta":{"desktop":{"background-color":"var(--ast-global-color-4)","background-image":"","background-repeat":"repeat","background-position":"center center","background-size":"auto","background-attachment":"scroll","background-type":"","background-media":"","overlay-type":"","overlay-color":"","overlay-opacity":"","overlay-gradient":""},"tablet":{"background-color":"","background-image":"","background-repeat":"repeat","background-position":"center center","background-size":"auto","background-attachment":"scroll","background-type":"","background-media":"","overlay-type":"","overlay-color":"","overlay-opacity":"","overlay-gradient":""},"mobile":{"background-color":"","background-image":"","background-repeat":"repeat","background-position":"center center","background-size":"auto","background-attachment":"scroll","background-type":"","background-media":"","overlay-type":"","overlay-color":"","overlay-opacity":"","overlay-gradient":""}},"ast-content-background-meta":{"desktop":{"background-color":"var(--ast-global-color-5)","background-image":"","background-repeat":"repeat","background-position":"center center","background-size":"auto","background-attachment":"scroll","background-type":"","background-media":"","overlay-type":"","overlay-color":"","overlay-opacity":"","overlay-gradient":""},"tablet":{"background-color":"var(--ast-global-color-5)","background-image":"","background-repeat":"repeat","background-position":"center center","background-size":"auto","background-attachment":"scroll","background-type":"","background-media":"","overlay-type":"","overlay-color":"","overlay-opacity":"","overlay-gradient":""},"mobile":{"background-color":"var(--ast-global-color-5)","background-image":"","background-repeat":"repeat","background-position":"center center","background-size":"auto","background-attachment":"scroll","background-type":"","background-media":"","overlay-type":"","overlay-color":"","overlay-opacity":"","overlay-gradient":""}},"footnotes":""},"categories":[1],"tags":[],"class_list":["post-5414","post","type-post","status-publish","format-standard","hentry","category-general"],"post_mailing_queue_ids":[],"_links":{"self":[{"href":"https:\/\/agora.xtec.cat\/escolarambletadelclot\/wp-json\/wp\/v2\/posts\/5414","targetHints":{"allow":["GET"]}}],"collection":[{"href":"https:\/\/agora.xtec.cat\/escolarambletadelclot\/wp-json\/wp\/v2\/posts"}],"about":[{"href":"https:\/\/agora.xtec.cat\/escolarambletadelclot\/wp-json\/wp\/v2\/types\/post"}],"author":[{"embeddable":true,"href":"https:\/\/agora.xtec.cat\/escolarambletadelclot\/wp-json\/wp\/v2\/users\/1"}],"replies":[{"embeddable":true,"href":"https:\/\/agora.xtec.cat\/escolarambletadelclot\/wp-json\/wp\/v2\/comments?post=5414"}],"version-history":[{"count":4,"href":"https:\/\/agora.xtec.cat\/escolarambletadelclot\/wp-json\/wp\/v2\/posts\/5414\/revisions"}],"predecessor-version":[{"id":5564,"href":"https:\/\/agora.xtec.cat\/escolarambletadelclot\/wp-json\/wp\/v2\/posts\/5414\/revisions\/5564"}],"wp:attachment":[{"href":"https:\/\/agora.xtec.cat\/escolarambletadelclot\/wp-json\/wp\/v2\/media?parent=5414"}],"wp:term":[{"taxonomy":"category","embeddable":true,"href":"https:\/\/agora.xtec.cat\/escolarambletadelclot\/wp-json\/wp\/v2\/categories?post=5414"},{"taxonomy":"post_tag","embeddable":true,"href":"https:\/\/agora.xtec.cat\/escolarambletadelclot\/wp-json\/wp\/v2\/tags?post=5414"}],"curies":[{"name":"wp","href":"https:\/\/api.w.org\/{rel}","templated":true}]}}