{"id":5359,"date":"2022-01-26T12:19:10","date_gmt":"2022-01-26T11:19:10","guid":{"rendered":"https:\/\/agora.xtec.cat\/escolarambletadelclot\/?p=5359"},"modified":"2026-01-15T16:33:05","modified_gmt":"2026-01-15T15:33:05","slug":"portes-obertes-18-i-19-de-febrer","status":"publish","type":"post","link":"https:\/\/agora.xtec.cat\/escolarambletadelclot\/general\/portes-obertes-18-i-19-de-febrer\/","title":{"rendered":"Portes Obertes: 18 i 19 de febrer"},"content":{"rendered":"<p><img loading=\"lazy\" decoding=\"async\" class=\"alignnone size-full wp-image-5360\" src=\"https:\/\/agora.xtec.cat\/escolarambletadelclot\/wp-content\/uploads\/usu436\/2022\/01\/Cartellet-ppoo-2022.png\" alt=\"\" width=\"1748\" height=\"1240\" srcset=\"https:\/\/agora.xtec.cat\/escolarambletadelclot\/wp-content\/uploads\/usu436\/2022\/01\/Cartellet-ppoo-2022.png 1748w, https:\/\/agora.xtec.cat\/escolarambletadelclot\/wp-content\/uploads\/usu436\/2022\/01\/Cartellet-ppoo-2022-300x213.png 300w, https:\/\/agora.xtec.cat\/escolarambletadelclot\/wp-content\/uploads\/usu436\/2022\/01\/Cartellet-ppoo-2022-1024x726.png 1024w, https:\/\/agora.xtec.cat\/escolarambletadelclot\/wp-content\/uploads\/usu436\/2022\/01\/Cartellet-ppoo-2022-768x545.png 768w, https:\/\/agora.xtec.cat\/escolarambletadelclot\/wp-content\/uploads\/usu436\/2022\/01\/Cartellet-ppoo-2022-1536x1090.png 1536w\" sizes=\"auto, (max-width: 1748px) 100vw, 1748px\" \/><\/p>\n<h5>Voleu con\u00e8ixer la nostra escola?<\/h5>\n<p>Bon dia fam\u00edlies! Voleu con\u00e8ixer la nostra escola i el nostre projecte? Enguany farem <strong>dues sessions<\/strong> de portes obertes: a la <strong>sessi\u00f3 virtual<\/strong> explicarem el nostre projecte i les singularitats de la Rambleta i a les <strong>sessions presencials<\/strong> visitarem tots els espais de l&#8217;escola. Per con\u00e8ixer-nos b\u00e9 us recomanem que participeu en les dues sessions. Si us plau, ompliu el per a reservar la vostra pla\u00e7a.<\/p>\n<p><a href=\"https:\/\/docs.google.com\/forms\/d\/e\/1FAIpQLSc8BiK1pd74w_YAxQ-qecMkfczEK7JngCtKO0fu4DtNWP-Ccw\/viewform?usp=sf_link\"><img loading=\"lazy\" decoding=\"async\" class=\"aligncenter wp-image-5361 size-full\" src=\"https:\/\/agora.xtec.cat\/escolarambletadelclot\/wp-content\/uploads\/usu436\/2022\/01\/FAQs-1.png\" alt=\"\" width=\"415\" height=\"120\" srcset=\"https:\/\/agora.xtec.cat\/escolarambletadelclot\/wp-content\/uploads\/usu436\/2022\/01\/FAQs-1.png 415w, https:\/\/agora.xtec.cat\/escolarambletadelclot\/wp-content\/uploads\/usu436\/2022\/01\/FAQs-1-300x87.png 300w\" sizes=\"auto, (max-width: 415px) 100vw, 415px\" \/><\/a><\/p>\n<ul>\n<li>La <strong>sessi\u00f3 virtual ser\u00e0 divendres 18 de febrer a les 17h<\/strong>. Us heu d&#8217;inscriure al formulari i uns dies abans rebreu l&#8217;enlla\u00e7 al vostre correu.<\/li>\n<li>Les <strong>sessions presencials seran dissabte 19 de febrer a les 9:30 (<span style=\"color: #993300;\">TORN TANCAT<\/span>), 11 (<span style=\"color: #993300;\">TORN TANCAT<\/span>) i 12:30h (<span style=\"color: #993300;\">TORN TANCAT<\/span>). Els torns de les visites presencials han quedat complerts, si no us heu pogut inscriure envieu un correu a portesobertes<span class=\"atwho-query\">@rambletadelclot.cat.<\/span><\/strong><\/li>\n<\/ul>\n<p>Aspectes a tenir en compte per a poder assistir a la visita presencial:<\/p>\n<p>&#8211; La durada de la visita presencial ser\u00e0 de 1 hora aproximadament.<br \/>\n&#8211; Els grups seran com a m\u00e0xim de 10 persones.<br \/>\n&#8211; L&#8217;\u00fas de la mascareta ser\u00e0 obligatori en tot moment.<br \/>\n&#8211; Nom\u00e9s \u00e9s pot inscriure una persona per unitat familiar i no poden assistir-hi nens o nenes (nom\u00e9s nadons lactants).<br \/>\n&#8211; Per a poder accedir al centre no podeu presentar s\u00edmptomes compatibles amb la COVID-19, ni podeu estar esperant el resultat d&#8217;una prova PCR, ni haver conviscut o estat amb contacte estret amb una persona positiva.<\/p>\n<p>Si teniu qualsevol dubte podeu contactar amb nosaltres als tel\u00e8fons <strong>932 45 42 43 \/ 603 555 352<\/strong> o al correu portesobertes@rambletadelclot.cat.<\/p>\n<p>Abans de venir, us convidem a visitar la nostra web. Us recomanem que feu un cop d&#8217;ull als apartats <a href=\"https:\/\/agora.xtec.cat\/escolarambletadelclot\/el-nostre-projecte-educatiu\/\">El nostre projecte educatiu<\/a>, <a href=\"https:\/\/agora.xtec.cat\/escolarambletadelclot\/lescola\/com-aprenem\/\">Com aprenem?<\/a>, els v\u00eddeos que ens fan un<a href=\"https:\/\/agora.xtec.cat\/escolarambletadelclot\/lescola\/instal%c2%b7lacions\/\"> tour pels espais de l&#8217;escola<\/a>, l&#8217;<a href=\"https:\/\/www.youtube.com\/watch?v=pXrKoROuVf4\">espot de la Rambleta<\/a> i la secci\u00f3 de Preguntes Freq\u00fcents:<\/p>\n<p><a href=\"https:\/\/agora.xtec.cat\/escolarambletadelclot\/preguntes-frequents\/\"><img loading=\"lazy\" decoding=\"async\" class=\"aligncenter wp-image-5362 size-full\" src=\"https:\/\/agora.xtec.cat\/escolarambletadelclot\/wp-content\/uploads\/usu436\/2022\/01\/FAQs.png\" alt=\"\" width=\"415\" height=\"120\" srcset=\"https:\/\/agora.xtec.cat\/escolarambletadelclot\/wp-content\/uploads\/usu436\/2022\/01\/FAQs.png 415w, https:\/\/agora.xtec.cat\/escolarambletadelclot\/wp-content\/uploads\/usu436\/2022\/01\/FAQs-300x87.png 300w\" sizes=\"auto, (max-width: 415px) 100vw, 415px\" \/><\/a><\/p>\n<p>I tamb\u00e9 a visitar el <strong><a href=\"http:\/\/preinscripcio.gencat.cat\">web de la preinscripci\u00f3<\/a>\u00a0<\/strong>de la Generalitat i el <a href=\"https:\/\/www.edubcn.cat\/ca\/alumnat_i_familia\/informacio_general_matriculacio\/preinscripcio\">web de la preinscripci\u00f3<\/a> del Consorci d&#8217;Educaci\u00f3 de Barcelona on es dona resposta als dubtes que es plantegen les fam\u00edlies m\u00e9s sovint a l\u2019hora de formalitzar la preinscripci\u00f3 escolar.<\/p>\n<p>Us esperem a la Rambleta!<\/p>\n","protected":false},"excerpt":{"rendered":"<p>Voleu con\u00e8ixer la nostra escola? Bon dia fam\u00edlies! Voleu con\u00e8ixer la nostra escola i el nostre projecte? Enguany farem dues sessions de portes obertes: a la sessi\u00f3 virtual explicarem el nostre projecte i les singularitats de la Rambleta i a les sessions presencials visitarem tots els espais de l&#8217;escola. Per con\u00e8ixer-nos b\u00e9 us recomanem que [&hellip;]<\/p>\n","protected":false},"author":1,"featured_media":0,"comment_status":"closed","ping_status":"closed","sticky":false,"template":"","format":"standard","meta":{"_bbp_topic_count":0,"_bbp_reply_count":0,"_bbp_total_topic_count":0,"_bbp_total_reply_count":0,"_bbp_voice_count":0,"_bbp_anonymous_reply_count":0,"_bbp_topic_count_hidden":0,"_bbp_reply_count_hidden":0,"_bbp_forum_subforum_count":0,"site-sidebar-layout":"default","site-content-layout":"","ast-site-content-layout":"","site-content-style":"default","site-sidebar-style":"default","ast-global-header-display":"","ast-banner-title-visibility":"","ast-main-header-display":"","ast-hfb-above-header-display":"","ast-hfb-below-header-display":"","ast-hfb-mobile-header-display":"","site-post-title":"","ast-breadcrumbs-content":"","ast-featured-img":"","footer-sml-layout":"","theme-transparent-header-meta":"","adv-header-id-meta":"","stick-header-meta":"","header-above-stick-meta":"","header-main-stick-meta":"","header-below-stick-meta":"","astra-migrate-meta-layouts":"default","ast-page-background-enabled":"default","ast-page-background-meta":{"desktop":{"background-color":"var(--ast-global-color-4)","background-image":"","background-repeat":"repeat","background-position":"center center","background-size":"auto","background-attachment":"scroll","background-type":"","background-media":"","overlay-type":"","overlay-color":"","overlay-opacity":"","overlay-gradient":""},"tablet":{"background-color":"","background-image":"","background-repeat":"repeat","background-position":"center center","background-size":"auto","background-attachment":"scroll","background-type":"","background-media":"","overlay-type":"","overlay-color":"","overlay-opacity":"","overlay-gradient":""},"mobile":{"background-color":"","background-image":"","background-repeat":"repeat","background-position":"center center","background-size":"auto","background-attachment":"scroll","background-type":"","background-media":"","overlay-type":"","overlay-color":"","overlay-opacity":"","overlay-gradient":""}},"ast-content-background-meta":{"desktop":{"background-color":"var(--ast-global-color-5)","background-image":"","background-repeat":"repeat","background-position":"center center","background-size":"auto","background-attachment":"scroll","background-type":"","background-media":"","overlay-type":"","overlay-color":"","overlay-opacity":"","overlay-gradient":""},"tablet":{"background-color":"var(--ast-global-color-5)","background-image":"","background-repeat":"repeat","background-position":"center center","background-size":"auto","background-attachment":"scroll","background-type":"","background-media":"","overlay-type":"","overlay-color":"","overlay-opacity":"","overlay-gradient":""},"mobile":{"background-color":"var(--ast-global-color-5)","background-image":"","background-repeat":"repeat","background-position":"center center","background-size":"auto","background-attachment":"scroll","background-type":"","background-media":"","overlay-type":"","overlay-color":"","overlay-opacity":"","overlay-gradient":""}},"footnotes":""},"categories":[1],"tags":[],"class_list":["post-5359","post","type-post","status-publish","format-standard","hentry","category-general"],"post_mailing_queue_ids":[],"_links":{"self":[{"href":"https:\/\/agora.xtec.cat\/escolarambletadelclot\/wp-json\/wp\/v2\/posts\/5359","targetHints":{"allow":["GET"]}}],"collection":[{"href":"https:\/\/agora.xtec.cat\/escolarambletadelclot\/wp-json\/wp\/v2\/posts"}],"about":[{"href":"https:\/\/agora.xtec.cat\/escolarambletadelclot\/wp-json\/wp\/v2\/types\/post"}],"author":[{"embeddable":true,"href":"https:\/\/agora.xtec.cat\/escolarambletadelclot\/wp-json\/wp\/v2\/users\/1"}],"replies":[{"embeddable":true,"href":"https:\/\/agora.xtec.cat\/escolarambletadelclot\/wp-json\/wp\/v2\/comments?post=5359"}],"version-history":[{"count":4,"href":"https:\/\/agora.xtec.cat\/escolarambletadelclot\/wp-json\/wp\/v2\/posts\/5359\/revisions"}],"predecessor-version":[{"id":5403,"href":"https:\/\/agora.xtec.cat\/escolarambletadelclot\/wp-json\/wp\/v2\/posts\/5359\/revisions\/5403"}],"wp:attachment":[{"href":"https:\/\/agora.xtec.cat\/escolarambletadelclot\/wp-json\/wp\/v2\/media?parent=5359"}],"wp:term":[{"taxonomy":"category","embeddable":true,"href":"https:\/\/agora.xtec.cat\/escolarambletadelclot\/wp-json\/wp\/v2\/categories?post=5359"},{"taxonomy":"post_tag","embeddable":true,"href":"https:\/\/agora.xtec.cat\/escolarambletadelclot\/wp-json\/wp\/v2\/tags?post=5359"}],"curies":[{"name":"wp","href":"https:\/\/api.w.org\/{rel}","templated":true}]}}