{"id":5249,"date":"2021-10-26T16:04:55","date_gmt":"2021-10-26T14:04:55","guid":{"rendered":"https:\/\/agora.xtec.cat\/escolarambletadelclot\/?p=5249"},"modified":"2026-01-15T16:33:40","modified_gmt":"2026-01-15T15:33:40","slug":"eleccions-al-consell-escolar-2021","status":"publish","type":"post","link":"https:\/\/agora.xtec.cat\/escolarambletadelclot\/general\/eleccions-al-consell-escolar-2021\/","title":{"rendered":"Eleccions al Consell Escolar 2021"},"content":{"rendered":"<p><img loading=\"lazy\" decoding=\"async\" class=\"alignnone size-full wp-image-5262\" src=\"https:\/\/agora.xtec.cat\/escolarambletadelclot\/wp-content\/uploads\/usu436\/2021\/10\/Calendari-eleccions-consell-escolar-1.png\" alt=\"\" width=\"1587\" height=\"2245\" srcset=\"https:\/\/agora.xtec.cat\/escolarambletadelclot\/wp-content\/uploads\/usu436\/2021\/10\/Calendari-eleccions-consell-escolar-1.png 1587w, https:\/\/agora.xtec.cat\/escolarambletadelclot\/wp-content\/uploads\/usu436\/2021\/10\/Calendari-eleccions-consell-escolar-1-212x300.png 212w, https:\/\/agora.xtec.cat\/escolarambletadelclot\/wp-content\/uploads\/usu436\/2021\/10\/Calendari-eleccions-consell-escolar-1-724x1024.png 724w, https:\/\/agora.xtec.cat\/escolarambletadelclot\/wp-content\/uploads\/usu436\/2021\/10\/Calendari-eleccions-consell-escolar-1-768x1086.png 768w, https:\/\/agora.xtec.cat\/escolarambletadelclot\/wp-content\/uploads\/usu436\/2021\/10\/Calendari-eleccions-consell-escolar-1-1086x1536.png 1086w, https:\/\/agora.xtec.cat\/escolarambletadelclot\/wp-content\/uploads\/usu436\/2021\/10\/Calendari-eleccions-consell-escolar-1-1448x2048.png 1448w\" sizes=\"auto, (max-width: 1587px) 100vw, 1587px\" \/><\/p>\n<p>Estimades fam\u00edlies,<\/p>\n<p><span style=\"font-weight: 400;\">Recentment s\u2019ha publicat la <strong>convocat\u00f2ria d\u2019eleccions per a la renovaci\u00f3 parcial del consell escolar<\/strong>.<\/span><\/p>\n<p><span style=\"font-weight: 400;\">Gr\u00e0cies a aquest proc\u00e9s electoral, cada sector tria els seus representants en l\u2019\u00f2rgan col\u00b7legiat que t\u00e9 com a funci\u00f3 principal la participaci\u00f3 de la comunitat escolar en el govern del centre.<\/span><\/p>\n<p><span style=\"font-weight: 400;\">A partir del 2 de novembre, les direccions dels centres signaran la resoluci\u00f3 de convocat\u00f2ria d\u2019eleccions per a la renovaci\u00f3 parcial dels membres dels diversos sectors de la comunitat escolar: mestres, pares i mares d\u2019alumne, personal d\u2019administraci\u00f3 i serveis (PAS) i personal d\u2019atenci\u00f3 educativa (PAE).<\/span><\/p>\n<p><span style=\"font-weight: 400;\">Les <strong>dates que estableix la normativa del proc\u00e9s electoral<\/strong> s\u00f3n les seg\u00fcents:<\/span><\/p>\n<ul>\n<li style=\"font-weight: 400;\" aria-level=\"1\"><strong>Inici del proc\u00e9s: a partir del dia 2 de novembre de 2021.<\/strong><\/li>\n<li style=\"font-weight: 400;\" aria-level=\"1\"><strong>Constituci\u00f3 de les meses electorals: abans del dia 11 de novembre de 2021.<\/strong><\/li>\n<li style=\"font-weight: 400;\" aria-level=\"1\"><strong>Votacions: entre els dies 22 i 26 de novembre de 2021, ambd\u00f3s inclosos.<\/strong><\/li>\n<li style=\"font-weight: 400;\" aria-level=\"1\"><strong>Constituci\u00f3 del consell escolar i presa de possessi\u00f3 dels seus membres: no m\u00e9s tard del dia 20 de desembre de 2021.<\/strong><\/li>\n<\/ul>\n<p><span style=\"font-weight: 400;\">La previsi\u00f3 que s\u2019estableix en aquest calendari podr\u00e0 ser revisada en funci\u00f3 de l\u2019evoluci\u00f3 de l\u2019actual situaci\u00f3 de pand\u00e8mia i d\u2019acord amb les recomanacions del comit\u00e8 t\u00e8cnic del PROCICAT.<\/span><\/p>\n<p><span style=\"font-weight: 400;\">Aix\u00ed mateix, dins del marc del protocol establert pels departaments de Salut i Educaci\u00f3 per la gesti\u00f3 dels possibles casos de Covid-19, s\u2019establir\u00e0 un protocol d\u2019actuaci\u00f3 aplicable a tots els agents que intervinguin a la planificaci\u00f3, organitzaci\u00f3 i desenvolupament del proc\u00e9s electoral per a la renovaci\u00f3 parcial dels membres dels consells escolars dels centres educatius el curs 2021-2022.<\/span><\/p>\n<p><span style=\"font-weight: 400;\">Des d\u2019aqu\u00ed <strong>animem a totes aquelles persones que tinguin ganes d\u2019aportar i compartir bones idees<\/strong>. Tots els sectors de la comunitat educativa podran presentar la seva candidatura en les dates que properament es publicaran. Fem entre tots i totes una bona eina de participaci\u00f3 al servei de la comunitat educativa. <\/span><\/p>\n","protected":false},"excerpt":{"rendered":"<p>Estimades fam\u00edlies, Recentment s\u2019ha publicat la convocat\u00f2ria d\u2019eleccions per a la renovaci\u00f3 parcial del consell escolar. Gr\u00e0cies a aquest proc\u00e9s electoral, cada sector tria els seus representants en l\u2019\u00f2rgan col\u00b7legiat que t\u00e9 com a funci\u00f3 principal la participaci\u00f3 de la comunitat escolar en el govern del centre. A partir del 2 de novembre, les direccions [&hellip;]<\/p>\n","protected":false},"author":1,"featured_media":5262,"comment_status":"open","ping_status":"closed","sticky":false,"template":"","format":"standard","meta":{"_bbp_topic_count":0,"_bbp_reply_count":0,"_bbp_total_topic_count":0,"_bbp_total_reply_count":0,"_bbp_voice_count":0,"_bbp_anonymous_reply_count":0,"_bbp_topic_count_hidden":0,"_bbp_reply_count_hidden":0,"_bbp_forum_subforum_count":0,"site-sidebar-layout":"default","site-content-layout":"","ast-site-content-layout":"","site-content-style":"default","site-sidebar-style":"default","ast-global-header-display":"","ast-banner-title-visibility":"","ast-main-header-display":"","ast-hfb-above-header-display":"","ast-hfb-below-header-display":"","ast-hfb-mobile-header-display":"","site-post-title":"","ast-breadcrumbs-content":"","ast-featured-img":"","footer-sml-layout":"","theme-transparent-header-meta":"","adv-header-id-meta":"","stick-header-meta":"","header-above-stick-meta":"","header-main-stick-meta":"","header-below-stick-meta":"","astra-migrate-meta-layouts":"default","ast-page-background-enabled":"default","ast-page-background-meta":{"desktop":{"background-color":"var(--ast-global-color-4)","background-image":"","background-repeat":"repeat","background-position":"center center","background-size":"auto","background-attachment":"scroll","background-type":"","background-media":"","overlay-type":"","overlay-color":"","overlay-opacity":"","overlay-gradient":""},"tablet":{"background-color":"","background-image":"","background-repeat":"repeat","background-position":"center center","background-size":"auto","background-attachment":"scroll","background-type":"","background-media":"","overlay-type":"","overlay-color":"","overlay-opacity":"","overlay-gradient":""},"mobile":{"background-color":"","background-image":"","background-repeat":"repeat","background-position":"center center","background-size":"auto","background-attachment":"scroll","background-type":"","background-media":"","overlay-type":"","overlay-color":"","overlay-opacity":"","overlay-gradient":""}},"ast-content-background-meta":{"desktop":{"background-color":"var(--ast-global-color-5)","background-image":"","background-repeat":"repeat","background-position":"center center","background-size":"auto","background-attachment":"scroll","background-type":"","background-media":"","overlay-type":"","overlay-color":"","overlay-opacity":"","overlay-gradient":""},"tablet":{"background-color":"var(--ast-global-color-5)","background-image":"","background-repeat":"repeat","background-position":"center center","background-size":"auto","background-attachment":"scroll","background-type":"","background-media":"","overlay-type":"","overlay-color":"","overlay-opacity":"","overlay-gradient":""},"mobile":{"background-color":"var(--ast-global-color-5)","background-image":"","background-repeat":"repeat","background-position":"center center","background-size":"auto","background-attachment":"scroll","background-type":"","background-media":"","overlay-type":"","overlay-color":"","overlay-opacity":"","overlay-gradient":""}},"footnotes":""},"categories":[1],"tags":[],"class_list":["post-5249","post","type-post","status-publish","format-standard","has-post-thumbnail","hentry","category-general"],"post_mailing_queue_ids":[],"_links":{"self":[{"href":"https:\/\/agora.xtec.cat\/escolarambletadelclot\/wp-json\/wp\/v2\/posts\/5249","targetHints":{"allow":["GET"]}}],"collection":[{"href":"https:\/\/agora.xtec.cat\/escolarambletadelclot\/wp-json\/wp\/v2\/posts"}],"about":[{"href":"https:\/\/agora.xtec.cat\/escolarambletadelclot\/wp-json\/wp\/v2\/types\/post"}],"author":[{"embeddable":true,"href":"https:\/\/agora.xtec.cat\/escolarambletadelclot\/wp-json\/wp\/v2\/users\/1"}],"replies":[{"embeddable":true,"href":"https:\/\/agora.xtec.cat\/escolarambletadelclot\/wp-json\/wp\/v2\/comments?post=5249"}],"version-history":[{"count":3,"href":"https:\/\/agora.xtec.cat\/escolarambletadelclot\/wp-json\/wp\/v2\/posts\/5249\/revisions"}],"predecessor-version":[{"id":5263,"href":"https:\/\/agora.xtec.cat\/escolarambletadelclot\/wp-json\/wp\/v2\/posts\/5249\/revisions\/5263"}],"wp:featuredmedia":[{"embeddable":true,"href":"https:\/\/agora.xtec.cat\/escolarambletadelclot\/wp-json\/wp\/v2\/media\/5262"}],"wp:attachment":[{"href":"https:\/\/agora.xtec.cat\/escolarambletadelclot\/wp-json\/wp\/v2\/media?parent=5249"}],"wp:term":[{"taxonomy":"category","embeddable":true,"href":"https:\/\/agora.xtec.cat\/escolarambletadelclot\/wp-json\/wp\/v2\/categories?post=5249"},{"taxonomy":"post_tag","embeddable":true,"href":"https:\/\/agora.xtec.cat\/escolarambletadelclot\/wp-json\/wp\/v2\/tags?post=5249"}],"curies":[{"name":"wp","href":"https:\/\/api.w.org\/{rel}","templated":true}]}}