{"id":5177,"date":"2021-09-02T11:57:30","date_gmt":"2021-09-02T09:57:30","guid":{"rendered":"http:\/\/agora.xtec.cat\/escolarambletadelclot\/?p=5177"},"modified":"2026-01-15T16:34:03","modified_gmt":"2026-01-15T15:34:03","slug":"sobre-el-periode-de-beques-menjador","status":"publish","type":"post","link":"https:\/\/agora.xtec.cat\/escolarambletadelclot\/general\/sobre-el-periode-de-beques-menjador\/","title":{"rendered":"Segon per\u00edode d&#8217;ajuts de menjador"},"content":{"rendered":"<div class=\"lead\">\n<p><img loading=\"lazy\" decoding=\"async\" class=\"alignnone size-full wp-image-5183\" src=\"https:\/\/agora.xtec.cat\/escolarambletadelclot\/wp-content\/uploads\/usu436\/2021\/05\/BEQUESMENJADOR-2.png\" alt=\"\" width=\"940\" height=\"788\" srcset=\"https:\/\/agora.xtec.cat\/escolarambletadelclot\/wp-content\/uploads\/usu436\/2021\/05\/BEQUESMENJADOR-2.png 940w, https:\/\/agora.xtec.cat\/escolarambletadelclot\/wp-content\/uploads\/usu436\/2021\/05\/BEQUESMENJADOR-2-300x250.png 300w, https:\/\/agora.xtec.cat\/escolarambletadelclot\/wp-content\/uploads\/usu436\/2021\/05\/BEQUESMENJADOR-2-768x644.png 768w\" sizes=\"auto, (max-width: 940px) 100vw, 940px\" \/><\/p>\n<p>L&#8217;alumnat de P3 a 4t d&#8217;ESO escolaritzat en centres p\u00fablics i concertats de fam\u00edlies amb ingressos per sota dels llindars establerts a la convocat\u00f2ria pot sol\u00b7licitar l&#8217;ajut individual de menjador a trav\u00e9s del seu centre educatiu. A la ciutat de Barcelona aquests ajuts s\u00f3n gestionats pel Consorci d\u2019Educaci\u00f3 de Barcelona, mitjan\u00e7ant convocat\u00f2ria p\u00fablica.<\/p>\n<\/div>\n<div class=\"\">\n<div class=\"\">\n<div class=\"content alumnat\">\n<h2>Convocat\u00f2ria d&#8217;ajuts individuals de menjador. Curs 2021-2022<\/h2>\n<ul>\n<li>S\u2019atorguen ajuts ordinaris de 4\u201943\u20ac i tamb\u00e9 extraordinaris fins un m\u00e0xim de 6\u201933\u20ac per a les rendes m\u00e9s baixes.<\/li>\n<li>Es pot sol\u00b7licitar l\u2019ajut en base als ingressos familiars corresponents a la renda 2020.<\/li>\n<li>S\u2019estableix un llindar per sobre del qual no es poden sol\u00b7licitar ajuts a fi de dedicar els ajuts als trams de rendes m\u00e9s baixes. Es pren com a refer\u00e8ncia el llindar de la pobresa establert a l\u2019IDESCAT. Aquesta mesura va ser aprovada pel Parlament de Catalunya a la Resoluci\u00f3 11\/17.<\/li>\n<\/ul>\n<h2>Presentaci\u00f3 de sol\u00b7licituds<\/h2>\n<p>Les sol\u00b7licituds es presentaran a trav\u00e9s d&#8217;un formulari telem\u00e0tic adre\u00e7at a l&#8217;alumnat que estigui matriculat o preinscrit per al curs 2021-2022:<\/p>\n<ul>\n<li>Per\u00edode de sol\u00b7licituds de setembre 2021:\u00a0<strong>entre el 6 i el 17 de setembre, ambd\u00f3s inclosos<\/strong>. El termini per presentar les sol\u00b7licituds signades al centre amb documentaci\u00f3, si escau, \u00e9s fins al 22 de setembre.<\/li>\n<li>Un cop finalitzats els per\u00edodes de juny i setembre, s\u2019estableix un<strong>\u00a0per\u00edode obert<\/strong>\u00a0de presentaci\u00f3 de sol\u00b7licituds per atendre situacions sobrevingudes i per a l\u2019alumnat de nova incorporaci\u00f3.<\/li>\n<\/ul>\n<p>&#8211; Situaci\u00f3 sobrevinguda que requereixi l&#8217;atenci\u00f3 de Serveis Socials<\/p>\n<p>&#8211; Unitats familiars que la seva situaci\u00f3 econ\u00f2mica s&#8217;hagi vist greument afectada per causa de for\u00e7a major i degudament justificada.<\/p>\n<p>En aquests casos correspondr\u00e0 estudiar la nova situaci\u00f3 i, en aquest sentit, caldr\u00e0 que els sol\u00b7licitants exposin i acreditin documentalment els fets causants de la nova situaci\u00f3. Aix\u00ed mateix, caldr\u00e0 demanar la documentaci\u00f3 econ\u00f2mica corresponent per tal de determinar els nous rendiments de la unitat familiar.<\/p>\n<h2>Fer la sol\u00b7licitud telem\u00e0tica<\/h2>\n<ul>\n<li><a href=\"https:\/\/cebajutsmenjador.azurewebsites.net\/default.html\" target=\"_blank\" rel=\"noopener noreferrer\">Formulari de sol\u00b7licitud d&#8217;ajuts de menjador<\/a><\/li>\n<\/ul>\n<h2>Suport a les fam\u00edlies<\/h2>\n<ul>\n<li><a href=\"https:\/\/www.edubcn.cat\/rcs_gene\/extra\/02_ajuts_menjador_2021_2022\/20200521_Full_informatiu_actualitzat_AJM_21_22_CAT.pdf\">Full informatiu de la convocat\u00f2ria 2021-2022<\/a>, PDF\u00a0<a href=\"https:\/\/www.edubcn.cat\/rcs_gene\/extra\/02_ajuts_menjador_2021_2022\/20200526_Full_informatiu_actualitzat_AJM_21_22_CAST.pdf\">Versi\u00f3n castellana<\/a>, PDF<\/li>\n<li>Per tal de donar suport a les fam\u00edlies que no disposin de recursos per presentar la sol\u00b7licitud de manera telem\u00e0tica hauran de\u00a0<strong>demanar cita pr\u00e8via<\/strong>\u00a0a:\n<ul>\n<li>Oficina d\u2019atenci\u00f3 del Consorci d\u2019Educaci\u00f3 de Barcelona, Pla\u00e7a d&#8217;Urquinaona, 6<\/li>\n<li>Oficina d&#8217;Escolaritzaci\u00f3 de Sant Andreu &#8211; carrer de Sant Adri\u00e0, 20 recinte Fabra i Coats<\/li>\n<li>Oficina d&#8217;Escolaritzaci\u00f3 de Nou Barris &#8211; carrer del Nil, 27 baixos<\/li>\n<li>Oficina d&#8217;Escolaritzaci\u00f3 de Ciutat Vella &#8211; Placeta del Pi, 2<\/li>\n<\/ul>\n<\/li>\n<\/ul>\n<\/div>\n<\/div>\n<\/div>\n","protected":false},"excerpt":{"rendered":"<p>L&#8217;alumnat de P3 a 4t d&#8217;ESO escolaritzat en centres p\u00fablics i concertats de fam\u00edlies amb ingressos per sota dels llindars establerts a la convocat\u00f2ria pot sol\u00b7licitar l&#8217;ajut individual de menjador a trav\u00e9s del seu centre educatiu. A la ciutat de Barcelona aquests ajuts s\u00f3n gestionats pel Consorci d\u2019Educaci\u00f3 de Barcelona, mitjan\u00e7ant convocat\u00f2ria p\u00fablica. Convocat\u00f2ria d&#8217;ajuts [&hellip;]<\/p>\n","protected":false},"author":1,"featured_media":5183,"comment_status":"open","ping_status":"closed","sticky":false,"template":"","format":"standard","meta":{"_bbp_topic_count":0,"_bbp_reply_count":0,"_bbp_total_topic_count":0,"_bbp_total_reply_count":0,"_bbp_voice_count":0,"_bbp_anonymous_reply_count":0,"_bbp_topic_count_hidden":0,"_bbp_reply_count_hidden":0,"_bbp_forum_subforum_count":0,"site-sidebar-layout":"default","site-content-layout":"","ast-site-content-layout":"","site-content-style":"default","site-sidebar-style":"default","ast-global-header-display":"","ast-banner-title-visibility":"","ast-main-header-display":"","ast-hfb-above-header-display":"","ast-hfb-below-header-display":"","ast-hfb-mobile-header-display":"","site-post-title":"","ast-breadcrumbs-content":"","ast-featured-img":"","footer-sml-layout":"","theme-transparent-header-meta":"","adv-header-id-meta":"","stick-header-meta":"","header-above-stick-meta":"","header-main-stick-meta":"","header-below-stick-meta":"","astra-migrate-meta-layouts":"default","ast-page-background-enabled":"default","ast-page-background-meta":{"desktop":{"background-color":"var(--ast-global-color-4)","background-image":"","background-repeat":"repeat","background-position":"center center","background-size":"auto","background-attachment":"scroll","background-type":"","background-media":"","overlay-type":"","overlay-color":"","overlay-opacity":"","overlay-gradient":""},"tablet":{"background-color":"","background-image":"","background-repeat":"repeat","background-position":"center center","background-size":"auto","background-attachment":"scroll","background-type":"","background-media":"","overlay-type":"","overlay-color":"","overlay-opacity":"","overlay-gradient":""},"mobile":{"background-color":"","background-image":"","background-repeat":"repeat","background-position":"center center","background-size":"auto","background-attachment":"scroll","background-type":"","background-media":"","overlay-type":"","overlay-color":"","overlay-opacity":"","overlay-gradient":""}},"ast-content-background-meta":{"desktop":{"background-color":"var(--ast-global-color-5)","background-image":"","background-repeat":"repeat","background-position":"center center","background-size":"auto","background-attachment":"scroll","background-type":"","background-media":"","overlay-type":"","overlay-color":"","overlay-opacity":"","overlay-gradient":""},"tablet":{"background-color":"var(--ast-global-color-5)","background-image":"","background-repeat":"repeat","background-position":"center center","background-size":"auto","background-attachment":"scroll","background-type":"","background-media":"","overlay-type":"","overlay-color":"","overlay-opacity":"","overlay-gradient":""},"mobile":{"background-color":"var(--ast-global-color-5)","background-image":"","background-repeat":"repeat","background-position":"center center","background-size":"auto","background-attachment":"scroll","background-type":"","background-media":"","overlay-type":"","overlay-color":"","overlay-opacity":"","overlay-gradient":""}},"footnotes":""},"categories":[1],"tags":[],"class_list":["post-5177","post","type-post","status-publish","format-standard","has-post-thumbnail","hentry","category-general"],"post_mailing_queue_ids":[],"_links":{"self":[{"href":"https:\/\/agora.xtec.cat\/escolarambletadelclot\/wp-json\/wp\/v2\/posts\/5177","targetHints":{"allow":["GET"]}}],"collection":[{"href":"https:\/\/agora.xtec.cat\/escolarambletadelclot\/wp-json\/wp\/v2\/posts"}],"about":[{"href":"https:\/\/agora.xtec.cat\/escolarambletadelclot\/wp-json\/wp\/v2\/types\/post"}],"author":[{"embeddable":true,"href":"https:\/\/agora.xtec.cat\/escolarambletadelclot\/wp-json\/wp\/v2\/users\/1"}],"replies":[{"embeddable":true,"href":"https:\/\/agora.xtec.cat\/escolarambletadelclot\/wp-json\/wp\/v2\/comments?post=5177"}],"version-history":[{"count":3,"href":"https:\/\/agora.xtec.cat\/escolarambletadelclot\/wp-json\/wp\/v2\/posts\/5177\/revisions"}],"predecessor-version":[{"id":5215,"href":"https:\/\/agora.xtec.cat\/escolarambletadelclot\/wp-json\/wp\/v2\/posts\/5177\/revisions\/5215"}],"wp:featuredmedia":[{"embeddable":true,"href":"https:\/\/agora.xtec.cat\/escolarambletadelclot\/wp-json\/wp\/v2\/media\/5183"}],"wp:attachment":[{"href":"https:\/\/agora.xtec.cat\/escolarambletadelclot\/wp-json\/wp\/v2\/media?parent=5177"}],"wp:term":[{"taxonomy":"category","embeddable":true,"href":"https:\/\/agora.xtec.cat\/escolarambletadelclot\/wp-json\/wp\/v2\/categories?post=5177"},{"taxonomy":"post_tag","embeddable":true,"href":"https:\/\/agora.xtec.cat\/escolarambletadelclot\/wp-json\/wp\/v2\/tags?post=5177"}],"curies":[{"name":"wp","href":"https:\/\/api.w.org\/{rel}","templated":true}]}}