{"id":5021,"date":"2021-01-15T12:45:18","date_gmt":"2021-01-15T11:45:18","guid":{"rendered":"http:\/\/agora.xtec.cat\/escolarambletadelclot\/?p=5021"},"modified":"2026-01-15T16:34:50","modified_gmt":"2026-01-15T15:34:50","slug":"concurs-de-fotografia-sostenible-2021","status":"publish","type":"post","link":"https:\/\/agora.xtec.cat\/escolarambletadelclot\/general\/concurs-de-fotografia-sostenible-2021\/","title":{"rendered":"Concurs de Fotografia Sostenible 2021"},"content":{"rendered":"<div class=\"ast-oembed-container \" style=\"height: 100%;\"><iframe loading=\"lazy\" title=\"Concurs de Fotografia Sostenible 2021\" width=\"500\" height=\"281\" src=\"https:\/\/www.youtube.com\/embed\/a5NjV3-IgKg?feature=oembed\" frameborder=\"0\" allow=\"accelerometer; autoplay; clipboard-write; encrypted-media; gyroscope; picture-in-picture; web-share\" referrerpolicy=\"strict-origin-when-cross-origin\" allowfullscreen><\/iframe><\/div>\n<p><span style=\"font-weight: 400;\">Estimades fam\u00edlies,<\/span><\/p>\n<p><span style=\"font-weight: 400;\">Us convidem a participar a la <strong>tercera edici\u00f3 del concurs de fotografia de la Rambleta del Clot que convoca la Comissi\u00f3 d\u2019Escoles m\u00e9s Sostenibles<\/strong> (E+S). \u00c9s un concurs de caire art\u00edstic i familiar amb el que volem donar a con\u00e8ixer la vessant m\u00e9s sostenible de l\u2019escola.<\/span><\/p>\n<p><span style=\"font-weight: 400;\">Les <strong>bases del concurs<\/strong> s\u00f3n les seg\u00fcents:\u00a0<\/span><\/p>\n<ol>\n<li><span style=\"font-weight: 400;\"> Poden participar <strong>totes les fam\u00edlies<\/strong> de l\u2019escola (amb <strong>una foto<\/strong> per fam\u00edlia).<\/span><\/li>\n<li><span style=\"font-weight: 400;\"> El tema d\u2019aquesta tercera edici\u00f3 \u00e9s \u201c<\/span><strong>Jo reutilitzo<\/strong><span style=\"font-weight: 400;\"><strong>\u2026<\/strong> \u201d\u00a0<\/span><\/li>\n<li><span style=\"font-weight: 400;\"> El <strong>format de la fotografia ha de ser digital<\/strong> (novetat!) i d\u2019una <strong>qualitat adient<\/strong> per a ser impresa i exposada a l\u2019escola com a m\u00ednim en <strong>tamany DIN-A4<\/strong>.<\/span><\/li>\n<\/ol>\n<p><span style=\"font-weight: 400;\">(Ja ens encarregarem nosaltres d\u2019imprimir-les, no patiu)<\/span><\/p>\n<ol start=\"4\">\n<li><span style=\"font-weight: 400;\"> S\u2019han d\u2019<strong>enviar les vostres fotografies al correu<\/strong>:<\/span><\/li>\n<\/ol>\n<p><a href=\"mailto:concurs.fotografia@rambletadelclot.cat\"><span style=\"font-weight: 400;\">concurs.fotografia@rambletadelclot.cat<\/span><\/a><span style=\"font-weight: 400;\">\u00a0<\/span><\/p>\n<ol start=\"5\">\n<li><span style=\"font-weight: 400;\"> Cal que el <strong>correu contingui<\/strong>:\u00a0\u00a0<\/span><\/li>\n<\/ol>\n<p><span style=\"font-weight: 400;\">&#8211; El fitxer de la fotografia amb el seu t\u00edtol.<\/span><\/p>\n<p><span style=\"font-weight: 400;\">&#8211; El nom de l\u2019autor\/a i de la fam\u00edlia de l\u2019escola a la que pertany.\u00a0\u00a0<\/span><\/p>\n<p><span style=\"font-weight: 400;\">\u00c9s MOLT IMPORTANT <strong>complir tots els requisits perqu\u00e8 la participaci\u00f3 al concurs sigui v\u00e0lida<\/strong>.<\/span><\/p>\n<p><b>DATA L\u00cdMIT: 31 de gener de 2021<\/b><span style=\"font-weight: 400;\">\u00a0<\/span><\/p>\n<p><strong>JURAT:<\/strong><\/p>\n<p><span style=\"font-weight: 400;\">&#8211;\u00a0 El jurat estar\u00e0 format per l\u2019<strong>equip de mestres<\/strong> de l\u2019escola.<\/span><\/p>\n<p><span style=\"font-weight: 400;\">&#8211; Es valorar\u00e0 l\u2019<strong>originalitat<\/strong> (ha de ser una creaci\u00f3 vostra), la <strong>creativitat<\/strong>, el compliment del <strong>tema<\/strong> del concurs i la <strong>qualitat<\/strong> de la fotografia: composici\u00f3, enfocament, il\u00b7luminaci\u00f3&#8230;\u00a0<\/span><\/p>\n<p><span style=\"font-weight: 400;\">&#8211; Els <strong>guanyadors es faran p\u00fablics durant el mes de febrer<\/strong> i rebran \u201cun premi sostenible\u201d.<\/span><\/p>\n<p><span style=\"font-weight: 400;\">Us animem a deixar anar la vostra creativitat, no dubteu en fer-nos arribar les vostres fotos!<\/span><\/p>\n<p><span style=\"font-weight: 400;\">Comissi\u00f3 E+S<\/span><\/p>\n<p><span style=\"font-weight: 400;\"><em>***Participar al concurs implica que les fotografies enviades es puguin fer servir per prop\u00f2sits escolars.<\/em>\u00a0<\/span><\/p>\n","protected":false},"excerpt":{"rendered":"<p>Estimades fam\u00edlies, Us convidem a participar a la tercera edici\u00f3 del concurs de fotografia de la Rambleta del Clot que convoca la Comissi\u00f3 d\u2019Escoles m\u00e9s Sostenibles (E+S). \u00c9s un concurs de caire art\u00edstic i familiar amb el que volem donar a con\u00e8ixer la vessant m\u00e9s sostenible de l\u2019escola. Les bases del concurs s\u00f3n les seg\u00fcents:\u00a0 [&hellip;]<\/p>\n","protected":false},"author":1,"featured_media":0,"comment_status":"open","ping_status":"closed","sticky":false,"template":"","format":"standard","meta":{"_bbp_topic_count":0,"_bbp_reply_count":0,"_bbp_total_topic_count":0,"_bbp_total_reply_count":0,"_bbp_voice_count":0,"_bbp_anonymous_reply_count":0,"_bbp_topic_count_hidden":0,"_bbp_reply_count_hidden":0,"_bbp_forum_subforum_count":0,"site-sidebar-layout":"default","site-content-layout":"","ast-site-content-layout":"","site-content-style":"default","site-sidebar-style":"default","ast-global-header-display":"","ast-banner-title-visibility":"","ast-main-header-display":"","ast-hfb-above-header-display":"","ast-hfb-below-header-display":"","ast-hfb-mobile-header-display":"","site-post-title":"","ast-breadcrumbs-content":"","ast-featured-img":"","footer-sml-layout":"","theme-transparent-header-meta":"","adv-header-id-meta":"","stick-header-meta":"","header-above-stick-meta":"","header-main-stick-meta":"","header-below-stick-meta":"","astra-migrate-meta-layouts":"default","ast-page-background-enabled":"default","ast-page-background-meta":{"desktop":{"background-color":"var(--ast-global-color-4)","background-image":"","background-repeat":"repeat","background-position":"center center","background-size":"auto","background-attachment":"scroll","background-type":"","background-media":"","overlay-type":"","overlay-color":"","overlay-opacity":"","overlay-gradient":""},"tablet":{"background-color":"","background-image":"","background-repeat":"repeat","background-position":"center center","background-size":"auto","background-attachment":"scroll","background-type":"","background-media":"","overlay-type":"","overlay-color":"","overlay-opacity":"","overlay-gradient":""},"mobile":{"background-color":"","background-image":"","background-repeat":"repeat","background-position":"center center","background-size":"auto","background-attachment":"scroll","background-type":"","background-media":"","overlay-type":"","overlay-color":"","overlay-opacity":"","overlay-gradient":""}},"ast-content-background-meta":{"desktop":{"background-color":"var(--ast-global-color-5)","background-image":"","background-repeat":"repeat","background-position":"center center","background-size":"auto","background-attachment":"scroll","background-type":"","background-media":"","overlay-type":"","overlay-color":"","overlay-opacity":"","overlay-gradient":""},"tablet":{"background-color":"var(--ast-global-color-5)","background-image":"","background-repeat":"repeat","background-position":"center center","background-size":"auto","background-attachment":"scroll","background-type":"","background-media":"","overlay-type":"","overlay-color":"","overlay-opacity":"","overlay-gradient":""},"mobile":{"background-color":"var(--ast-global-color-5)","background-image":"","background-repeat":"repeat","background-position":"center center","background-size":"auto","background-attachment":"scroll","background-type":"","background-media":"","overlay-type":"","overlay-color":"","overlay-opacity":"","overlay-gradient":""}},"footnotes":""},"categories":[1],"tags":[],"class_list":["post-5021","post","type-post","status-publish","format-standard","hentry","category-general"],"post_mailing_queue_ids":[],"_links":{"self":[{"href":"https:\/\/agora.xtec.cat\/escolarambletadelclot\/wp-json\/wp\/v2\/posts\/5021","targetHints":{"allow":["GET"]}}],"collection":[{"href":"https:\/\/agora.xtec.cat\/escolarambletadelclot\/wp-json\/wp\/v2\/posts"}],"about":[{"href":"https:\/\/agora.xtec.cat\/escolarambletadelclot\/wp-json\/wp\/v2\/types\/post"}],"author":[{"embeddable":true,"href":"https:\/\/agora.xtec.cat\/escolarambletadelclot\/wp-json\/wp\/v2\/users\/1"}],"replies":[{"embeddable":true,"href":"https:\/\/agora.xtec.cat\/escolarambletadelclot\/wp-json\/wp\/v2\/comments?post=5021"}],"version-history":[{"count":3,"href":"https:\/\/agora.xtec.cat\/escolarambletadelclot\/wp-json\/wp\/v2\/posts\/5021\/revisions"}],"predecessor-version":[{"id":5032,"href":"https:\/\/agora.xtec.cat\/escolarambletadelclot\/wp-json\/wp\/v2\/posts\/5021\/revisions\/5032"}],"wp:attachment":[{"href":"https:\/\/agora.xtec.cat\/escolarambletadelclot\/wp-json\/wp\/v2\/media?parent=5021"}],"wp:term":[{"taxonomy":"category","embeddable":true,"href":"https:\/\/agora.xtec.cat\/escolarambletadelclot\/wp-json\/wp\/v2\/categories?post=5021"},{"taxonomy":"post_tag","embeddable":true,"href":"https:\/\/agora.xtec.cat\/escolarambletadelclot\/wp-json\/wp\/v2\/tags?post=5021"}],"curies":[{"name":"wp","href":"https:\/\/api.w.org\/{rel}","templated":true}]}}