{"id":4921,"date":"2020-10-26T10:56:23","date_gmt":"2020-10-26T09:56:23","guid":{"rendered":"http:\/\/agora.xtec.cat\/escolarambletadelclot\/?p=4921"},"modified":"2026-01-15T16:35:21","modified_gmt":"2026-01-15T15:35:21","slug":"beques-menjador","status":"publish","type":"post","link":"https:\/\/agora.xtec.cat\/escolarambletadelclot\/general\/beques-menjador\/","title":{"rendered":"Nou per\u00edode Beques Menjador"},"content":{"rendered":"<p dir=\"ltr\"><img loading=\"lazy\" decoding=\"async\" class=\"alignnone wp-image-4922\" src=\"https:\/\/agora.xtec.cat\/escolarambletadelclot\/wp-content\/uploads\/usu436\/2020\/06\/oferta-inicial-de-places-5-e1592931358300.png\" alt=\"\" width=\"480\" height=\"235\" srcset=\"https:\/\/agora.xtec.cat\/escolarambletadelclot\/wp-content\/uploads\/usu436\/2020\/06\/oferta-inicial-de-places-5-e1592931358300.png 413w, https:\/\/agora.xtec.cat\/escolarambletadelclot\/wp-content\/uploads\/usu436\/2020\/06\/oferta-inicial-de-places-5-e1592931358300-300x147.png 300w\" sizes=\"auto, (max-width: 480px) 100vw, 480px\" \/><\/p>\n<p dir=\"ltr\">Estimades fam\u00edlies,<\/p>\n<p>S\u2019ha obert un <strong>nou per\u00edode per demanar ajuts de menjador<\/strong>.<\/p>\n<p>Els poden demanar l\u2019<strong>alumnat de nova incorporaci\u00f3<\/strong>, matriculats despr\u00e9s del 20 de setembre, i els <strong>alumnes que hagin patit una situaci\u00f3 sobrevinguda<\/strong>.<\/p>\n<p>El per\u00edode de presentaci\u00f3 \u00e9s fins el <strong>4 de desembre de 2020<\/strong>.<\/p>\n<p>Les fam\u00edlies que el vulguin demanar han d\u2019emplenar la sol\u00b7licitud telem\u00e0tica a trav\u00e9s <strong><a href=\"https:\/\/www.edubcn.cat\/ext\/html\/Ajuts\/ajutsmenjador.html\">d\u2019aquest enlla\u00e7<\/a><\/strong> al web del Consorci d\u2019Educaci\u00f3 de Barcelona.<\/p>\n<p>Una vegada emplenada la sol\u00b7licitud i enviada es generar\u00e0 un PDF que <strong>CAL signar i lliurar al centre.<\/strong><\/p>\n","protected":false},"excerpt":{"rendered":"<p>Estimades fam\u00edlies, S\u2019ha obert un nou per\u00edode per demanar ajuts de menjador. Els poden demanar l\u2019alumnat de nova incorporaci\u00f3, matriculats despr\u00e9s del 20 de setembre, i els alumnes que hagin patit una situaci\u00f3 sobrevinguda. El per\u00edode de presentaci\u00f3 \u00e9s fins el 4 de desembre de 2020. Les fam\u00edlies que el vulguin demanar han d\u2019emplenar la [&hellip;]<\/p>\n","protected":false},"author":1,"featured_media":4922,"comment_status":"open","ping_status":"closed","sticky":false,"template":"","format":"standard","meta":{"_bbp_topic_count":0,"_bbp_reply_count":0,"_bbp_total_topic_count":0,"_bbp_total_reply_count":0,"_bbp_voice_count":0,"_bbp_anonymous_reply_count":0,"_bbp_topic_count_hidden":0,"_bbp_reply_count_hidden":0,"_bbp_forum_subforum_count":0,"site-sidebar-layout":"default","site-content-layout":"","ast-site-content-layout":"","site-content-style":"default","site-sidebar-style":"default","ast-global-header-display":"","ast-banner-title-visibility":"","ast-main-header-display":"","ast-hfb-above-header-display":"","ast-hfb-below-header-display":"","ast-hfb-mobile-header-display":"","site-post-title":"","ast-breadcrumbs-content":"","ast-featured-img":"","footer-sml-layout":"","theme-transparent-header-meta":"","adv-header-id-meta":"","stick-header-meta":"","header-above-stick-meta":"","header-main-stick-meta":"","header-below-stick-meta":"","astra-migrate-meta-layouts":"default","ast-page-background-enabled":"default","ast-page-background-meta":{"desktop":{"background-color":"var(--ast-global-color-4)","background-image":"","background-repeat":"repeat","background-position":"center center","background-size":"auto","background-attachment":"scroll","background-type":"","background-media":"","overlay-type":"","overlay-color":"","overlay-opacity":"","overlay-gradient":""},"tablet":{"background-color":"","background-image":"","background-repeat":"repeat","background-position":"center center","background-size":"auto","background-attachment":"scroll","background-type":"","background-media":"","overlay-type":"","overlay-color":"","overlay-opacity":"","overlay-gradient":""},"mobile":{"background-color":"","background-image":"","background-repeat":"repeat","background-position":"center center","background-size":"auto","background-attachment":"scroll","background-type":"","background-media":"","overlay-type":"","overlay-color":"","overlay-opacity":"","overlay-gradient":""}},"ast-content-background-meta":{"desktop":{"background-color":"var(--ast-global-color-5)","background-image":"","background-repeat":"repeat","background-position":"center center","background-size":"auto","background-attachment":"scroll","background-type":"","background-media":"","overlay-type":"","overlay-color":"","overlay-opacity":"","overlay-gradient":""},"tablet":{"background-color":"var(--ast-global-color-5)","background-image":"","background-repeat":"repeat","background-position":"center center","background-size":"auto","background-attachment":"scroll","background-type":"","background-media":"","overlay-type":"","overlay-color":"","overlay-opacity":"","overlay-gradient":""},"mobile":{"background-color":"var(--ast-global-color-5)","background-image":"","background-repeat":"repeat","background-position":"center center","background-size":"auto","background-attachment":"scroll","background-type":"","background-media":"","overlay-type":"","overlay-color":"","overlay-opacity":"","overlay-gradient":""}},"footnotes":""},"categories":[1],"tags":[],"class_list":["post-4921","post","type-post","status-publish","format-standard","has-post-thumbnail","hentry","category-general"],"post_mailing_queue_ids":[],"_links":{"self":[{"href":"https:\/\/agora.xtec.cat\/escolarambletadelclot\/wp-json\/wp\/v2\/posts\/4921","targetHints":{"allow":["GET"]}}],"collection":[{"href":"https:\/\/agora.xtec.cat\/escolarambletadelclot\/wp-json\/wp\/v2\/posts"}],"about":[{"href":"https:\/\/agora.xtec.cat\/escolarambletadelclot\/wp-json\/wp\/v2\/types\/post"}],"author":[{"embeddable":true,"href":"https:\/\/agora.xtec.cat\/escolarambletadelclot\/wp-json\/wp\/v2\/users\/1"}],"replies":[{"embeddable":true,"href":"https:\/\/agora.xtec.cat\/escolarambletadelclot\/wp-json\/wp\/v2\/comments?post=4921"}],"version-history":[{"count":3,"href":"https:\/\/agora.xtec.cat\/escolarambletadelclot\/wp-json\/wp\/v2\/posts\/4921\/revisions"}],"predecessor-version":[{"id":4983,"href":"https:\/\/agora.xtec.cat\/escolarambletadelclot\/wp-json\/wp\/v2\/posts\/4921\/revisions\/4983"}],"wp:featuredmedia":[{"embeddable":true,"href":"https:\/\/agora.xtec.cat\/escolarambletadelclot\/wp-json\/wp\/v2\/media\/4922"}],"wp:attachment":[{"href":"https:\/\/agora.xtec.cat\/escolarambletadelclot\/wp-json\/wp\/v2\/media?parent=4921"}],"wp:term":[{"taxonomy":"category","embeddable":true,"href":"https:\/\/agora.xtec.cat\/escolarambletadelclot\/wp-json\/wp\/v2\/categories?post=4921"},{"taxonomy":"post_tag","embeddable":true,"href":"https:\/\/agora.xtec.cat\/escolarambletadelclot\/wp-json\/wp\/v2\/tags?post=4921"}],"curies":[{"name":"wp","href":"https:\/\/api.w.org\/{rel}","templated":true}]}}