{"id":4777,"date":"2020-04-02T13:35:14","date_gmt":"2020-04-02T11:35:14","guid":{"rendered":"http:\/\/agora.xtec.cat\/escolarambletadelclot\/?p=4777"},"modified":"2026-01-15T16:36:42","modified_gmt":"2026-01-15T15:36:42","slug":"continuem-aprenent-des-de-casa","status":"publish","type":"post","link":"https:\/\/agora.xtec.cat\/escolarambletadelclot\/general\/continuem-aprenent-des-de-casa\/","title":{"rendered":"#JoEmQuedoaCasa"},"content":{"rendered":"<p><img loading=\"lazy\" decoding=\"async\" class=\"alignnone wp-image-4779\" src=\"https:\/\/agora.xtec.cat\/escolarambletadelclot\/wp-content\/uploads\/usu436\/2020\/03\/recursos-300x240.jpg\" alt=\"\" width=\"410\" height=\"328\" srcset=\"https:\/\/agora.xtec.cat\/escolarambletadelclot\/wp-content\/uploads\/usu436\/2020\/03\/recursos-300x240.jpg 300w, https:\/\/agora.xtec.cat\/escolarambletadelclot\/wp-content\/uploads\/usu436\/2020\/03\/recursos-768x614.jpg 768w, https:\/\/agora.xtec.cat\/escolarambletadelclot\/wp-content\/uploads\/usu436\/2020\/03\/recursos-1024x819.jpg 1024w, https:\/\/agora.xtec.cat\/escolarambletadelclot\/wp-content\/uploads\/usu436\/2020\/03\/recursos.jpg 2000w\" sizes=\"auto, (max-width: 410px) 100vw, 410px\" \/><\/p>\n<p>Benvolgudes fam\u00edlies,<\/p>\n<p>Davant la situaci\u00f3 extraordin\u00e0ria que estem vivint aquests dies, l&#8217;equip de mestres prepara una s\u00e8rie de propostes setmanals que enviem als vostres fills i filles per diversos mitjans. A m\u00e9s a m\u00e9s anem actualitzant aquest recull de recursos per a que continueu aprenent i experimentant des de casa.<\/p>\n<p><strong>INFANTIL<\/strong><\/p>\n<ul>\n<li><strong><span style=\"color: #008000;\"><a style=\"color: #008000;\" href=\"http:\/\/www.edu365.cat\/infantil\/\"><span style=\"color: #806800;\"><span style=\"color: #808000;\">Edu365.cat INFANTIL<\/span><\/span><\/a><\/span><\/strong><\/li>\n<li><strong><span style=\"color: #808000;\"><a style=\"color: #808000;\" href=\"https:\/\/natibergada.cat\/recursos-educatius-per-aprendre-des-de-casa\">N<\/a><\/span><a href=\"https:\/\/natibergada.cat\/recursos-educatius-per-aprendre-des-de-casa\"><span style=\"color: #808000;\">ati Bergada: 80 recursos per aprendre des de casa<\/span><\/a><\/strong><\/li>\n<li><strong><span style=\"color: #808000;\"><a style=\"color: #808000;\" href=\"https:\/\/www.youtube.com\/user\/SuperSimpleSongs?gl=ES&amp;hl=es\" target=\"_blank\" rel=\"noopener noreferrer\">SuperSimpleSongs<\/a><\/span><\/strong><\/li>\n<li><strong><span style=\"color: #808000;\"><a style=\"color: #808000;\" href=\"https:\/\/www.educaciontrespuntocero.com\/recursos\/museos-visitas-virtuales-seleccion-mejores\/\">20 museus del m\u00f3n obren per a visites virtuals<\/a><\/span><\/strong><\/li>\n<li><strong><a href=\"https:\/\/biblioteques.gencat.cat\/ca\/biblioteques\/catalegs\/eBiblio\/\"><span style=\"color: #808000;\">eBiblio.cat: Biblioteca Digital<\/span><\/a><\/strong><\/li>\n<li><strong><a href=\"http:\/\/ensenyament.gencat.cat\/ca\/inici\/nota-premsa\/?id=384012\"><span style=\"color: #808000;\">Propostes d&#8217;aprenentatge de TV de Catalunya i Catalunya<\/span><\/a><a href=\"http:\/\/ensenyament.gencat.cat\/ca\/inici\/nota-premsa\/?id=384012\"><span style=\"color: #808000;\"> R\u00e0dio<\/span><\/a><\/strong><\/li>\n<li><strong><span style=\"color: #808000;\"><a style=\"color: #808000;\" href=\"https:\/\/www.miriamtirado.com\/coronavirus-como-vivir-esta-crisis-de-una-forma-consciente-y-serena\/\" target=\"_blank\" rel=\"noopener noreferrer\">V\u00eddeo de M\u00edriam Tirado: C\u00f3mo vivir esta crisis de una forma consciente y serena<\/a><\/span><\/strong><\/li>\n<li><a href=\"https:\/\/www.butlletinsxbm.cat\/Butlleti\/Butlleti.aspx?But_Id=5067\" target=\"_blank\" rel=\"noopener noreferrer\"><span style=\"color: #808000;\">Idees per gaudir de les biblioteques des de casa #joemquedoacasaXBM (mar\u00e7 2020)<\/span><\/a><\/li>\n<li><a href=\"https:\/\/youtu.be\/WrlxrLIkJYs\" target=\"_blank\" rel=\"noopener noreferrer\"><span style=\"color: #808000;\">El gran Teatre del Liceu ofereix El Pere i el Llop<\/span><\/a><\/li>\n<li><a href=\"https:\/\/cavallfort.cat\/jo-em-quedo-a-casa\/\" target=\"_blank\" rel=\"noopener noreferrer\"><span style=\"color: #808000;\">Revista Cavall Fort: activitats<\/span><\/a><\/li>\n<li><a href=\"https:\/\/barcelona.lagranja.top\/ca\/recursos-idees\/consultori-emocional-confinament\/\"><span style=\"color: #808000;\">Consultori emocional per a mares i pares en confinament<\/span><\/a><\/li>\n<\/ul>\n<p><strong>PRIM\u00c0RIA<\/strong><\/p>\n<ul>\n<li><strong><span style=\"color: #808000;\"><a style=\"color: #808000;\" href=\"https:\/\/natibergada.cat\/recursos-educatius-per-aprendre-des-de-casa\">N<\/a><\/span><span style=\"color: #808000;\"><a style=\"color: #808000;\" href=\"https:\/\/natibergada.cat\/recursos-educatius-per-aprendre-des-de-casa\" target=\"_blank\" rel=\"noopener noreferrer\"><span style=\"color: #808000;\">ati Bergada: 80 recursos per aprendre des de casa<\/span><\/a><\/span><\/strong><\/li>\n<li><strong><span style=\"color: #808000;\"><a style=\"color: #808000;\" href=\"http:\/\/koalatext.com\/\" target=\"_blank\" rel=\"noopener noreferrer\">Web per a practicar tots els nivells d&#8217;angl\u00e8s: Koalatext<\/a><\/span><\/strong><\/li>\n<li><strong><a href=\"https:\/\/www.duolingo.com\/\"><span style=\"color: #808000;\">Classes d&#8217;idiomes: Duolingo<\/span><\/a><\/strong><\/li>\n<li><strong><span style=\"color: #808000;\"><a style=\"color: #808000;\" href=\"http:\/\/www.edu365.cat\/primaria\/\" target=\"_blank\" rel=\"noopener noreferrer\">Edu365.cat PRIM\u00c0RIA<\/a><\/span><\/strong><\/li>\n<li><strong><span style=\"color: #808000;\"><a style=\"color: #808000;\" href=\"https:\/\/edu.cerebriti.com\/\" target=\"_blank\" rel=\"noopener noreferrer\">Cerebriti<\/a><\/span><\/strong><\/li>\n<li><strong><span style=\"color: #808000;\"><a style=\"color: #808000;\" href=\"https:\/\/www.educaciontrespuntocero.com\/recursos\/museos-visitas-virtuales-seleccion-mejores\/\" target=\"_blank\" rel=\"noopener noreferrer\">20 museus del m\u00f3n obren per a visites virtuals<\/a><\/span><\/strong><\/li>\n<li><strong><span style=\"color: #808000;\"><a style=\"color: #808000;\" href=\"https:\/\/biblioteques.gencat.cat\/ca\/biblioteques\/catalegs\/eBiblio\/\" target=\"_blank\" rel=\"noopener noreferrer\"><span style=\"color: #808000;\">eBiblio.cat: Biblioteca Digital<\/span><\/a><\/span><\/strong><\/li>\n<li><strong><span style=\"color: #808000;\"><a style=\"color: #808000;\" href=\"http:\/\/www.academons.com\/\" target=\"_blank\" rel=\"noopener noreferrer\">Academons<\/a><\/span><\/strong><\/li>\n<li><strong><a href=\"https:\/\/smileandlearn.com\/\" target=\"_blank\" rel=\"noopener noreferrer\"><span style=\"color: #808000;\">Smile &amp; Learn<\/span><\/a><\/strong><\/li>\n<li><strong><span style=\"color: #808000;\"><a style=\"color: #808000;\" href=\"https:\/\/www.jocsdelectura.cat\/\" target=\"_blank\" rel=\"noopener noreferrer\">Jocs de Lectura<\/a><\/span><\/strong><\/li>\n<li><span style=\"color: #808000;\">Idees per a gaudir a casa d&#8217;Abacus<\/span><\/li>\n<li><strong><span style=\"color: #808000;\"><a style=\"color: #808000;\" href=\"http:\/\/ensenyament.gencat.cat\/ca\/inici\/nota-premsa\/?id=384012\" target=\"_blank\" rel=\"noopener noreferrer\">Propostes d&#8217;aprenentatge de TV de Catalunya i <span style=\"color: #808000;\">Catalunya<\/span> R\u00e0dio<\/a><\/span><\/strong><\/li>\n<li><strong><a href=\"https:\/\/www.miriamtirado.com\/coronavirus-como-vivir-esta-crisis-de-una-forma-consciente-y-serena\/\" target=\"_blank\" rel=\"noopener noreferrer\"><span style=\"color: #808000;\">V\u00eddeo de M\u00edriam Tirado: C\u00f3mo vivir esta crisis de una forma consciente y serena<\/span><\/a><\/strong><\/li>\n<li><a href=\"https:\/\/youtu.be\/nQ5eUJNXrMw\" target=\"_blank\" rel=\"noopener noreferrer\"><span style=\"color: #808000;\">El gran Teatre del Liceu ofereix :60 minute special \/Cirque du Soleil<\/span><\/a><\/li>\n<li><a href=\"https:\/\/cavallfort.cat\/jo-em-quedo-a-casa\/\" target=\"_blank\" rel=\"noopener noreferrer\"><span style=\"color: #808000;\">Revista Cavall Fort: activitats<\/span><\/a><\/li>\n<li><span style=\"color: #808000;\"><a style=\"color: #808000;\" href=\"https:\/\/www.parla.cat\/pres_catalaenlinia\/AppPHP\/login\/index.php\" target=\"_blank\" rel=\"noopener noreferrer\">Material acollida 1<\/a><\/span><\/li>\n<li><span style=\"color: #808000;\"><a style=\"color: #808000;\" href=\"https:\/\/clic.xtec.cat\/gali\/\" target=\"_blank\" rel=\"noopener noreferrer\">Material acollida 2<\/a><\/span><\/li>\n<li><span style=\"color: #808000;\"><a style=\"color: #808000;\" href=\"http:\/\/www.edu365.cat\/eso\/catala\/mudsmots\/index.html\" target=\"_blank\" rel=\"noopener noreferrer\">Material acollida 3<\/a><\/span><\/li>\n<li><a href=\"https:\/\/barcelona.lagranja.top\/ca\/recursos-idees\/consultori-emocional-confinament\/\"><span style=\"color: #808000;\">Consultori emocional per a mares i pares en confinament<\/span><\/a><\/li>\n<li><a href=\"https:\/\/www.cocoter.cat\/pages\/activitats?utm_source=cocoter&amp;utm_medium=email&amp;utm_campaign=activitatsescoles&amp;utm_content=templactivitatsescoles\"><span style=\"color: #808000;\">Revista Cocoter: Activitats<\/span><\/a><\/li>\n<\/ul>\n<p>Tamb\u00e9 us adjuntem un manual de recursos inclosos per a l&#8217;alumnat amb TEA:<\/p>\n<ul>\n<li><a href=\"http:\/\/es.carrilet.org\/wp-cohttp:\/\/es.carrilet.org\/wp-content\/uploads\/2020\/03\/ens-quedem-a-casa-def3.pdfntent\/uploads\/2020\/03\/ens-quedem-a-casa-def3.pdf\" target=\"_blank\" rel=\"noopener noreferrer\"><span style=\"color: #808000;\">ESCOLA CARRILET<\/span><\/a><\/li>\n<li><span style=\"color: #808000;\"><strong><a style=\"color: #808000;\" href=\"https:\/\/agora.xtec.cat\/escolarambletadelclot\/wp-content\/uploads\/usu436\/2020\/03\/Ideas-para-personas-con-TEA.pdf\" target=\"_blank\" rel=\"noopener noreferrer\">IDEES PER A PERSONES AMB TEA<\/a><\/strong><\/span><\/li>\n<\/ul>\n<p>&nbsp;<\/p>\n<p>Esperem que els gaudiu!<\/p>\n","protected":false},"excerpt":{"rendered":"<p>Benvolgudes fam\u00edlies, Davant la situaci\u00f3 extraordin\u00e0ria que estem vivint aquests dies, l&#8217;equip de mestres prepara una s\u00e8rie de propostes setmanals que enviem als vostres fills i filles per diversos mitjans. A m\u00e9s a m\u00e9s anem actualitzant aquest recull de recursos per a que continueu aprenent i experimentant des de casa. INFANTIL Edu365.cat INFANTIL Nati Bergada: [&hellip;]<\/p>\n","protected":false},"author":1,"featured_media":4779,"comment_status":"open","ping_status":"closed","sticky":false,"template":"","format":"standard","meta":{"_bbp_topic_count":0,"_bbp_reply_count":0,"_bbp_total_topic_count":0,"_bbp_total_reply_count":0,"_bbp_voice_count":0,"_bbp_anonymous_reply_count":0,"_bbp_topic_count_hidden":0,"_bbp_reply_count_hidden":0,"_bbp_forum_subforum_count":0,"site-sidebar-layout":"default","site-content-layout":"","ast-site-content-layout":"","site-content-style":"default","site-sidebar-style":"default","ast-global-header-display":"","ast-banner-title-visibility":"","ast-main-header-display":"","ast-hfb-above-header-display":"","ast-hfb-below-header-display":"","ast-hfb-mobile-header-display":"","site-post-title":"","ast-breadcrumbs-content":"","ast-featured-img":"","footer-sml-layout":"","theme-transparent-header-meta":"","adv-header-id-meta":"","stick-header-meta":"","header-above-stick-meta":"","header-main-stick-meta":"","header-below-stick-meta":"","astra-migrate-meta-layouts":"default","ast-page-background-enabled":"default","ast-page-background-meta":{"desktop":{"background-color":"var(--ast-global-color-4)","background-image":"","background-repeat":"repeat","background-position":"center center","background-size":"auto","background-attachment":"scroll","background-type":"","background-media":"","overlay-type":"","overlay-color":"","overlay-opacity":"","overlay-gradient":""},"tablet":{"background-color":"","background-image":"","background-repeat":"repeat","background-position":"center center","background-size":"auto","background-attachment":"scroll","background-type":"","background-media":"","overlay-type":"","overlay-color":"","overlay-opacity":"","overlay-gradient":""},"mobile":{"background-color":"","background-image":"","background-repeat":"repeat","background-position":"center center","background-size":"auto","background-attachment":"scroll","background-type":"","background-media":"","overlay-type":"","overlay-color":"","overlay-opacity":"","overlay-gradient":""}},"ast-content-background-meta":{"desktop":{"background-color":"var(--ast-global-color-5)","background-image":"","background-repeat":"repeat","background-position":"center center","background-size":"auto","background-attachment":"scroll","background-type":"","background-media":"","overlay-type":"","overlay-color":"","overlay-opacity":"","overlay-gradient":""},"tablet":{"background-color":"var(--ast-global-color-5)","background-image":"","background-repeat":"repeat","background-position":"center center","background-size":"auto","background-attachment":"scroll","background-type":"","background-media":"","overlay-type":"","overlay-color":"","overlay-opacity":"","overlay-gradient":""},"mobile":{"background-color":"var(--ast-global-color-5)","background-image":"","background-repeat":"repeat","background-position":"center center","background-size":"auto","background-attachment":"scroll","background-type":"","background-media":"","overlay-type":"","overlay-color":"","overlay-opacity":"","overlay-gradient":""}},"footnotes":""},"categories":[1],"tags":[],"class_list":["post-4777","post","type-post","status-publish","format-standard","has-post-thumbnail","hentry","category-general"],"post_mailing_queue_ids":[],"_links":{"self":[{"href":"https:\/\/agora.xtec.cat\/escolarambletadelclot\/wp-json\/wp\/v2\/posts\/4777","targetHints":{"allow":["GET"]}}],"collection":[{"href":"https:\/\/agora.xtec.cat\/escolarambletadelclot\/wp-json\/wp\/v2\/posts"}],"about":[{"href":"https:\/\/agora.xtec.cat\/escolarambletadelclot\/wp-json\/wp\/v2\/types\/post"}],"author":[{"embeddable":true,"href":"https:\/\/agora.xtec.cat\/escolarambletadelclot\/wp-json\/wp\/v2\/users\/1"}],"replies":[{"embeddable":true,"href":"https:\/\/agora.xtec.cat\/escolarambletadelclot\/wp-json\/wp\/v2\/comments?post=4777"}],"version-history":[{"count":3,"href":"https:\/\/agora.xtec.cat\/escolarambletadelclot\/wp-json\/wp\/v2\/posts\/4777\/revisions"}],"predecessor-version":[{"id":4820,"href":"https:\/\/agora.xtec.cat\/escolarambletadelclot\/wp-json\/wp\/v2\/posts\/4777\/revisions\/4820"}],"wp:featuredmedia":[{"embeddable":true,"href":"https:\/\/agora.xtec.cat\/escolarambletadelclot\/wp-json\/wp\/v2\/media\/4779"}],"wp:attachment":[{"href":"https:\/\/agora.xtec.cat\/escolarambletadelclot\/wp-json\/wp\/v2\/media?parent=4777"}],"wp:term":[{"taxonomy":"category","embeddable":true,"href":"https:\/\/agora.xtec.cat\/escolarambletadelclot\/wp-json\/wp\/v2\/categories?post=4777"},{"taxonomy":"post_tag","embeddable":true,"href":"https:\/\/agora.xtec.cat\/escolarambletadelclot\/wp-json\/wp\/v2\/tags?post=4777"}],"curies":[{"name":"wp","href":"https:\/\/api.w.org\/{rel}","templated":true}]}}