{"id":4712,"date":"2020-01-22T13:17:32","date_gmt":"2020-01-22T12:17:32","guid":{"rendered":"http:\/\/agora.xtec.cat\/escolarambletadelclot\/?p=4712"},"modified":"2026-01-15T16:37:04","modified_gmt":"2026-01-15T15:37:04","slug":"marato-per-lemergencia-climatica","status":"publish","type":"post","link":"https:\/\/agora.xtec.cat\/escolarambletadelclot\/general\/marato-per-lemergencia-climatica\/","title":{"rendered":"Marat\u00f3 per l&#8217;emerg\u00e8ncia clim\u00e0tica"},"content":{"rendered":"<p><span style=\"font-weight: 400;\">Els reptes ens agraden i \u00e9s per aix\u00f2 que aquest any<strong> hem decidit participar a la \u201cMarat\u00f3 per l\u2019emerg\u00e8ncia clim\u00e0tica\u201d<\/strong>. Fa temps que pensem que les nostres accions tenen un impacte directe sobre el canvi clim\u00e0tic i amb la voluntat de reduir la nostra petjada hem decidit actuar reduint el nostre consum d\u2019aigua, electricitat i gas.\u00a0<\/span><\/p>\n\r\n\t<div class=\"slideshow_container slideshow_container_style-light\" style=\" \" data-slideshow-id=\"4721\" data-style-name=\"style-light\" data-style-version=\"2.3.1\" >\r\n\r\n\t\t\t\t\t<div class=\"slideshow_loading_icon\"><\/div>\r\n\t\t\r\n\t\t<div class=\"slideshow_content\" style=\"display: none;\">\r\n\r\n\t\t\t<div class=\"slideshow_view\">\r\n\t\t\t\t<div class=\"slideshow_slide slideshow_slide_image\">\r\n\t\t\t\t\t\t\t\t\t\t\t<img src=\"https:\/\/agora.xtec.cat\/escolarambletadelclot\/wp-content\/uploads\/usu436\/2020\/01\/C\u00a6pia-de-IMG_9081.jpg\" alt=\"C+\u00a6pia de IMG_9081\" width=\"4032\" height=\"3024\" \/>\r\n\t\t\t\t\t\t\t\t\t\t<div class=\"slideshow_description_box slideshow_transparent\">\r\n\t\t\t\t\t\t<div class=\"slideshow_title\">C+\u00a6pia de IMG_9081<\/div>\t\t\t\t\t\t\t\t\t\t\t<\/div>\r\n\t\t\t\t<\/div>\r\n\r\n\t\t\t\t\t\t<div style=\"clear: both;\"><\/div><\/div><div class=\"slideshow_view\">\r\n\t\t\t\t<div class=\"slideshow_slide slideshow_slide_image\">\r\n\t\t\t\t\t\t\t\t\t\t\t<img src=\"https:\/\/agora.xtec.cat\/escolarambletadelclot\/wp-content\/uploads\/usu436\/2020\/01\/download.png\" alt=\"download\" width=\"301\" height=\"168\" \/>\r\n\t\t\t\t\t\t\t\t\t\t<div class=\"slideshow_description_box slideshow_transparent\">\r\n\t\t\t\t\t\t<div class=\"slideshow_title\">download<\/div>\t\t\t\t\t\t\t\t\t\t\t<\/div>\r\n\t\t\t\t<\/div>\r\n\r\n\t\t\t\t\t\t<div style=\"clear: both;\"><\/div><\/div><div class=\"slideshow_view\">\r\n\t\t\t\t<div class=\"slideshow_slide slideshow_slide_image\">\r\n\t\t\t\t\t\t\t\t\t\t\t<img src=\"https:\/\/agora.xtec.cat\/escolarambletadelclot\/wp-content\/uploads\/usu436\/2020\/01\/C\u00a6pia-de-IMG_9082.jpg\" alt=\"C+\u00a6pia de IMG_9082\" width=\"3024\" height=\"4032\" \/>\r\n\t\t\t\t\t\t\t\t\t\t<div class=\"slideshow_description_box slideshow_transparent\">\r\n\t\t\t\t\t\t<div class=\"slideshow_title\">C+\u00a6pia de IMG_9082<\/div>\t\t\t\t\t\t\t\t\t\t\t<\/div>\r\n\t\t\t\t<\/div>\r\n\r\n\t\t\t\t\t\t<div style=\"clear: both;\"><\/div><\/div><div class=\"slideshow_view\">\r\n\t\t\t\t<div class=\"slideshow_slide slideshow_slide_image\">\r\n\t\t\t\t\t\t\t\t\t\t\t<img src=\"https:\/\/agora.xtec.cat\/escolarambletadelclot\/wp-content\/uploads\/usu436\/2020\/01\/C\u00a6pia-de-IMG_9083.jpg\" alt=\"C+\u00a6pia de IMG_9083\" width=\"3024\" height=\"4032\" \/>\r\n\t\t\t\t\t\t\t\t\t\t<div class=\"slideshow_description_box slideshow_transparent\">\r\n\t\t\t\t\t\t<div class=\"slideshow_title\">C+\u00a6pia de IMG_9083<\/div>\t\t\t\t\t\t\t\t\t\t\t<\/div>\r\n\t\t\t\t<\/div>\r\n\r\n\t\t\t\t\t\t<div style=\"clear: both;\"><\/div><\/div>\r\n\t\t<\/div>\r\n\r\n\t\t<div class=\"slideshow_controlPanel slideshow_transparent\" style=\"display: none;\"><ul><li class=\"slideshow_togglePlay\" data-play-text=\"Visualitza\" data-pause-text=\"Pausa\"><\/li><\/ul><\/div>\r\n\r\n\t\t<div class=\"slideshow_button slideshow_previous slideshow_transparent\" role=\"button\" data-previous-text=\"Anterior\" style=\"display: none;\"><\/div>\r\n\t\t<div class=\"slideshow_button slideshow_next slideshow_transparent\" role=\"button\" data-next-text=\"Seg\u00fcent\" style=\"display: none;\"><\/div>\r\n\r\n\t\t<div class=\"slideshow_pagination\" style=\"display: none;\" data-go-to-text=\"V\u00e9s a la diapositiva\"><div class=\"slideshow_pagination_center\"><\/div><\/div>\r\n\r\n\t\t<!-- WordPress Slideshow Version 2.3.1 -->\r\n\r\n\t\t\t<\/div>\r\n\r\n\n<p><span style=\"font-weight: 400;\">I com ho aconseguirem? Doncs de dues maneres: <strong>d<\/strong><strong>uent a terme petites accions pensades de manera col\u00b7lectiva<\/strong> a les rotllanes pels nostres alumnes, i per una altra banda els nostres delegats verds <strong>prendran nota de la lectura dels comptadors d\u2019aigua, gas i electricitat<\/strong> cada divendres fins que acabi el mes de febrer. Aquest pla d\u2019acci\u00f3 dissenyat pels nens i nenes es veur\u00e0 reflexat en les lectures dels comptadors, de manera que podrem comprovar exactament quin ha sigut el nostre estalvi.\u00a0<\/span><\/p>\n<p><span style=\"font-weight: 400;\">Aquest <\/span><span style=\"font-weight: 400;\">estalvi que generem entre totes les entitats que participem <strong>es traduir\u00e0 en una quantitat de diners que es destinar\u00e0 al projecte de creaci\u00f3 d\u2019horts socials en cobertes municipals<\/strong>, gestionats per una entitat sense afany de lucre.<\/span><span style=\"font-weight: 400;\">\u00a0<\/span><\/p>\n<p><span style=\"font-weight: 400;\">Ja hem comen\u00e7at a treballar per dur endavant la Marat\u00f3. Dijous passat l\u2019equip de mestres i els delegats verds ens v\u00e0rem reunir amb les persones que gestionen aquest projecte i ens van explicar en qu\u00e8 consisteix la marat\u00f3, i els divendres els nostres delegats verds ja van prendre nota de les lectures dels contadors. A partir d\u2019ara i fins a l\u2019\u00faltim divendres de febrer llegiran els contadors de llum, aigua i gas de l\u2019escola per veure si les nostres accions tenen el resultat que desitgem.<\/span><\/p>\n<p><span style=\"font-weight: 400;\">Us deixem un enlla\u00e7 sobre la Marat\u00f3 per si us interessa saber alguna cosa m\u00e9s. <\/span><a href=\"http:\/\/energia.barcelona\/ca\/que-es-la-marato-demergencia-climatica\"><span style=\"font-weight: 400;\">http:\/\/energia.barcelona\/ca\/que-es-la-marato-demergencia-climatica<\/span><\/a><\/p>\n<p><span style=\"font-weight: 400;\">I recordeu: les petites accions produeixen els grans canvis!<\/span><\/p>\n","protected":false},"excerpt":{"rendered":"<p>Els reptes ens agraden i \u00e9s per aix\u00f2 que aquest any hem decidit participar a la \u201cMarat\u00f3 per l\u2019emerg\u00e8ncia clim\u00e0tica\u201d. Fa temps que pensem que les nostres accions tenen un impacte directe sobre el canvi clim\u00e0tic i amb la voluntat de reduir la nostra petjada hem decidit actuar reduint el nostre consum d\u2019aigua, electricitat i [&hellip;]<\/p>\n","protected":false},"author":1,"featured_media":4718,"comment_status":"open","ping_status":"closed","sticky":false,"template":"","format":"standard","meta":{"_bbp_topic_count":0,"_bbp_reply_count":0,"_bbp_total_topic_count":0,"_bbp_total_reply_count":0,"_bbp_voice_count":0,"_bbp_anonymous_reply_count":0,"_bbp_topic_count_hidden":0,"_bbp_reply_count_hidden":0,"_bbp_forum_subforum_count":0,"site-sidebar-layout":"default","site-content-layout":"","ast-site-content-layout":"","site-content-style":"default","site-sidebar-style":"default","ast-global-header-display":"","ast-banner-title-visibility":"","ast-main-header-display":"","ast-hfb-above-header-display":"","ast-hfb-below-header-display":"","ast-hfb-mobile-header-display":"","site-post-title":"","ast-breadcrumbs-content":"","ast-featured-img":"","footer-sml-layout":"","theme-transparent-header-meta":"","adv-header-id-meta":"","stick-header-meta":"","header-above-stick-meta":"","header-main-stick-meta":"","header-below-stick-meta":"","astra-migrate-meta-layouts":"default","ast-page-background-enabled":"default","ast-page-background-meta":{"desktop":{"background-color":"var(--ast-global-color-4)","background-image":"","background-repeat":"repeat","background-position":"center center","background-size":"auto","background-attachment":"scroll","background-type":"","background-media":"","overlay-type":"","overlay-color":"","overlay-opacity":"","overlay-gradient":""},"tablet":{"background-color":"","background-image":"","background-repeat":"repeat","background-position":"center center","background-size":"auto","background-attachment":"scroll","background-type":"","background-media":"","overlay-type":"","overlay-color":"","overlay-opacity":"","overlay-gradient":""},"mobile":{"background-color":"","background-image":"","background-repeat":"repeat","background-position":"center center","background-size":"auto","background-attachment":"scroll","background-type":"","background-media":"","overlay-type":"","overlay-color":"","overlay-opacity":"","overlay-gradient":""}},"ast-content-background-meta":{"desktop":{"background-color":"var(--ast-global-color-5)","background-image":"","background-repeat":"repeat","background-position":"center center","background-size":"auto","background-attachment":"scroll","background-type":"","background-media":"","overlay-type":"","overlay-color":"","overlay-opacity":"","overlay-gradient":""},"tablet":{"background-color":"var(--ast-global-color-5)","background-image":"","background-repeat":"repeat","background-position":"center center","background-size":"auto","background-attachment":"scroll","background-type":"","background-media":"","overlay-type":"","overlay-color":"","overlay-opacity":"","overlay-gradient":""},"mobile":{"background-color":"var(--ast-global-color-5)","background-image":"","background-repeat":"repeat","background-position":"center center","background-size":"auto","background-attachment":"scroll","background-type":"","background-media":"","overlay-type":"","overlay-color":"","overlay-opacity":"","overlay-gradient":""}},"footnotes":""},"categories":[1],"tags":[],"class_list":["post-4712","post","type-post","status-publish","format-standard","has-post-thumbnail","hentry","category-general"],"post_mailing_queue_ids":[],"_links":{"self":[{"href":"https:\/\/agora.xtec.cat\/escolarambletadelclot\/wp-json\/wp\/v2\/posts\/4712","targetHints":{"allow":["GET"]}}],"collection":[{"href":"https:\/\/agora.xtec.cat\/escolarambletadelclot\/wp-json\/wp\/v2\/posts"}],"about":[{"href":"https:\/\/agora.xtec.cat\/escolarambletadelclot\/wp-json\/wp\/v2\/types\/post"}],"author":[{"embeddable":true,"href":"https:\/\/agora.xtec.cat\/escolarambletadelclot\/wp-json\/wp\/v2\/users\/1"}],"replies":[{"embeddable":true,"href":"https:\/\/agora.xtec.cat\/escolarambletadelclot\/wp-json\/wp\/v2\/comments?post=4712"}],"version-history":[{"count":3,"href":"https:\/\/agora.xtec.cat\/escolarambletadelclot\/wp-json\/wp\/v2\/posts\/4712\/revisions"}],"predecessor-version":[{"id":4737,"href":"https:\/\/agora.xtec.cat\/escolarambletadelclot\/wp-json\/wp\/v2\/posts\/4712\/revisions\/4737"}],"wp:featuredmedia":[{"embeddable":true,"href":"https:\/\/agora.xtec.cat\/escolarambletadelclot\/wp-json\/wp\/v2\/media\/4718"}],"wp:attachment":[{"href":"https:\/\/agora.xtec.cat\/escolarambletadelclot\/wp-json\/wp\/v2\/media?parent=4712"}],"wp:term":[{"taxonomy":"category","embeddable":true,"href":"https:\/\/agora.xtec.cat\/escolarambletadelclot\/wp-json\/wp\/v2\/categories?post=4712"},{"taxonomy":"post_tag","embeddable":true,"href":"https:\/\/agora.xtec.cat\/escolarambletadelclot\/wp-json\/wp\/v2\/tags?post=4712"}],"curies":[{"name":"wp","href":"https:\/\/api.w.org\/{rel}","templated":true}]}}