{"id":4604,"date":"2019-06-20T10:42:29","date_gmt":"2019-06-20T08:42:29","guid":{"rendered":"http:\/\/agora.xtec.cat\/escolarambletadelclot\/?p=4604"},"modified":"2026-01-15T16:38:02","modified_gmt":"2026-01-15T15:38:02","slug":"matriculacio-i-beques-menjador-2019-2020","status":"publish","type":"post","link":"https:\/\/agora.xtec.cat\/escolarambletadelclot\/general\/matriculacio-i-beques-menjador-2019-2020\/","title":{"rendered":"Matriculaci\u00f3 i beques menjador 2019-2020"},"content":{"rendered":"<p><img loading=\"lazy\" decoding=\"async\" class=\"alignnone wp-image-4605\" src=\"https:\/\/agora.xtec.cat\/escolarambletadelclot\/wp-content\/uploads\/usu436\/2019\/06\/Untitled-design.png\" alt=\"\" width=\"558\" height=\"468\" srcset=\"https:\/\/agora.xtec.cat\/escolarambletadelclot\/wp-content\/uploads\/usu436\/2019\/06\/Untitled-design.png 940w, https:\/\/agora.xtec.cat\/escolarambletadelclot\/wp-content\/uploads\/usu436\/2019\/06\/Untitled-design-300x251.png 300w, https:\/\/agora.xtec.cat\/escolarambletadelclot\/wp-content\/uploads\/usu436\/2019\/06\/Untitled-design-768x644.png 768w\" sizes=\"auto, (max-width: 558px) 100vw, 558px\" \/><\/p>\n<p>Les persones que han de fer nova matr\u00edcula per al curs 2019-2020 han de<strong> passar per l\u2019escola a recollir un sobre<\/strong> amb la documentaci\u00f3 que cal emplenar.<\/p>\n<p>Tamb\u00e9 se\u2019ls donar\u00e0 l\u2019hora per presentar aquesta documentaci\u00f3.<\/p>\n<p>Recordar que a m\u00e9s, han de portar <strong>4 fotos format carnet, fotoc\u00f2pia de les vacunes i fotoc\u00f2pia del NIF<\/strong> (nom\u00e9s dels pares que no l\u2019hagin presentat amb el full de preinscripci\u00f3).<\/p>\n<p>A m\u00e9s a m\u00e9s s\u2019han convocat les beques menjador per al curs 2019-20. El <strong>termini de presentaci\u00f3 de sol\u00b7licituds \u00e9s des del 21 fins al 28 de juny<\/strong>.<\/p>\n<p>Enguany, els que ja tenien una beca concedida per aquest curs, nom\u00e9s han de signar la renovaci\u00f3. Els alumnes que aquest curs no tenien beca o que s\u00f3n nous al centre, han de fer la sol\u00b7licitud.<\/p>\n<p>L\u2019horari \u00e9s: del <strong>divendres 21 fins el divendres 28<\/strong>, en horari escolar <strong>de 9,00h a 13,30h<\/strong>.<\/p>\n<p>Tamb\u00e9 les tardes del <strong>dimarts 25 i dimecres 26 de 15,15 a 17,00h<\/strong><\/p>\n","protected":false},"excerpt":{"rendered":"<p>Les persones que han de fer nova matr\u00edcula per al curs 2019-2020 han de passar per l\u2019escola a recollir un sobre amb la documentaci\u00f3 que cal emplenar. Tamb\u00e9 se\u2019ls donar\u00e0 l\u2019hora per presentar aquesta documentaci\u00f3. Recordar que a m\u00e9s, han de portar 4 fotos format carnet, fotoc\u00f2pia de les vacunes i fotoc\u00f2pia del NIF (nom\u00e9s [&hellip;]<\/p>\n","protected":false},"author":1,"featured_media":0,"comment_status":"open","ping_status":"closed","sticky":false,"template":"","format":"standard","meta":{"_bbp_topic_count":0,"_bbp_reply_count":0,"_bbp_total_topic_count":0,"_bbp_total_reply_count":0,"_bbp_voice_count":0,"_bbp_anonymous_reply_count":0,"_bbp_topic_count_hidden":0,"_bbp_reply_count_hidden":0,"_bbp_forum_subforum_count":0,"site-sidebar-layout":"default","site-content-layout":"","ast-site-content-layout":"","site-content-style":"default","site-sidebar-style":"default","ast-global-header-display":"","ast-banner-title-visibility":"","ast-main-header-display":"","ast-hfb-above-header-display":"","ast-hfb-below-header-display":"","ast-hfb-mobile-header-display":"","site-post-title":"","ast-breadcrumbs-content":"","ast-featured-img":"","footer-sml-layout":"","theme-transparent-header-meta":"","adv-header-id-meta":"","stick-header-meta":"","header-above-stick-meta":"","header-main-stick-meta":"","header-below-stick-meta":"","astra-migrate-meta-layouts":"default","ast-page-background-enabled":"default","ast-page-background-meta":{"desktop":{"background-color":"var(--ast-global-color-4)","background-image":"","background-repeat":"repeat","background-position":"center center","background-size":"auto","background-attachment":"scroll","background-type":"","background-media":"","overlay-type":"","overlay-color":"","overlay-opacity":"","overlay-gradient":""},"tablet":{"background-color":"","background-image":"","background-repeat":"repeat","background-position":"center center","background-size":"auto","background-attachment":"scroll","background-type":"","background-media":"","overlay-type":"","overlay-color":"","overlay-opacity":"","overlay-gradient":""},"mobile":{"background-color":"","background-image":"","background-repeat":"repeat","background-position":"center center","background-size":"auto","background-attachment":"scroll","background-type":"","background-media":"","overlay-type":"","overlay-color":"","overlay-opacity":"","overlay-gradient":""}},"ast-content-background-meta":{"desktop":{"background-color":"var(--ast-global-color-5)","background-image":"","background-repeat":"repeat","background-position":"center center","background-size":"auto","background-attachment":"scroll","background-type":"","background-media":"","overlay-type":"","overlay-color":"","overlay-opacity":"","overlay-gradient":""},"tablet":{"background-color":"var(--ast-global-color-5)","background-image":"","background-repeat":"repeat","background-position":"center center","background-size":"auto","background-attachment":"scroll","background-type":"","background-media":"","overlay-type":"","overlay-color":"","overlay-opacity":"","overlay-gradient":""},"mobile":{"background-color":"var(--ast-global-color-5)","background-image":"","background-repeat":"repeat","background-position":"center center","background-size":"auto","background-attachment":"scroll","background-type":"","background-media":"","overlay-type":"","overlay-color":"","overlay-opacity":"","overlay-gradient":""}},"footnotes":""},"categories":[1],"tags":[],"class_list":["post-4604","post","type-post","status-publish","format-standard","hentry","category-general"],"post_mailing_queue_ids":[],"_links":{"self":[{"href":"https:\/\/agora.xtec.cat\/escolarambletadelclot\/wp-json\/wp\/v2\/posts\/4604","targetHints":{"allow":["GET"]}}],"collection":[{"href":"https:\/\/agora.xtec.cat\/escolarambletadelclot\/wp-json\/wp\/v2\/posts"}],"about":[{"href":"https:\/\/agora.xtec.cat\/escolarambletadelclot\/wp-json\/wp\/v2\/types\/post"}],"author":[{"embeddable":true,"href":"https:\/\/agora.xtec.cat\/escolarambletadelclot\/wp-json\/wp\/v2\/users\/1"}],"replies":[{"embeddable":true,"href":"https:\/\/agora.xtec.cat\/escolarambletadelclot\/wp-json\/wp\/v2\/comments?post=4604"}],"version-history":[{"count":1,"href":"https:\/\/agora.xtec.cat\/escolarambletadelclot\/wp-json\/wp\/v2\/posts\/4604\/revisions"}],"predecessor-version":[{"id":4606,"href":"https:\/\/agora.xtec.cat\/escolarambletadelclot\/wp-json\/wp\/v2\/posts\/4604\/revisions\/4606"}],"wp:attachment":[{"href":"https:\/\/agora.xtec.cat\/escolarambletadelclot\/wp-json\/wp\/v2\/media?parent=4604"}],"wp:term":[{"taxonomy":"category","embeddable":true,"href":"https:\/\/agora.xtec.cat\/escolarambletadelclot\/wp-json\/wp\/v2\/categories?post=4604"},{"taxonomy":"post_tag","embeddable":true,"href":"https:\/\/agora.xtec.cat\/escolarambletadelclot\/wp-json\/wp\/v2\/tags?post=4604"}],"curies":[{"name":"wp","href":"https:\/\/api.w.org\/{rel}","templated":true}]}}