{"id":4366,"date":"2019-01-25T12:12:11","date_gmt":"2019-01-25T11:12:11","guid":{"rendered":"http:\/\/agora.xtec.cat\/escolarambletadelclot\/?p=4366"},"modified":"2026-01-15T16:38:53","modified_gmt":"2026-01-15T15:38:53","slug":"pla-de-convivencia","status":"publish","type":"post","link":"https:\/\/agora.xtec.cat\/escolarambletadelclot\/general\/pla-de-convivencia\/","title":{"rendered":"Pla de Conviv\u00e8ncia"},"content":{"rendered":"<p><a href=\"https:\/\/agora.xtec.cat\/escolarambletadelclot\/wp-content\/uploads\/usu436\/2019\/01\/eix-convivencia-i-gestio-positiva-del-conflicte-95649.jpg\"><img loading=\"lazy\" decoding=\"async\" class=\"size-full wp-image-4367 aligncenter\" src=\"https:\/\/agora.xtec.cat\/escolarambletadelclot\/wp-content\/uploads\/usu436\/2019\/01\/eix-convivencia-i-gestio-positiva-del-conflicte-95649.jpg\" alt=\"\" width=\"539\" height=\"359\" srcset=\"https:\/\/agora.xtec.cat\/escolarambletadelclot\/wp-content\/uploads\/usu436\/2019\/01\/eix-convivencia-i-gestio-positiva-del-conflicte-95649.jpg 539w, https:\/\/agora.xtec.cat\/escolarambletadelclot\/wp-content\/uploads\/usu436\/2019\/01\/eix-convivencia-i-gestio-positiva-del-conflicte-95649-300x200.jpg 300w\" sizes=\"auto, (max-width: 539px) 100vw, 539px\" \/><\/a><\/p>\n<p>Benvolgudes fam\u00edlies,<\/p>\n<p>Una de les feines que l\u2019escola ha de fer els propers dos cursos \u00e9s elaborar el Projecte de Conviv\u00e8ncia del Centre, tal i com estableix la resoluci\u00f3 ENS\/585\/2017, de 17 de mar\u00e7. En el darrer Consell Escolar del mes de desembre, vam presentar i dissenyar les primeres actuacions a fer.<\/p>\n<p>El Projecte de conviv\u00e8ncia, com el seu nom indica no \u00e9s la simple coexist\u00e8ncia, sin\u00f3 que \u00e9s ent\u00e8s, com la necess\u00e0ria relaci\u00f3 entre persones basada en xarxes de sentit compartit.<\/p>\n<p>L\u2019escola \u00e9s el reflex i exemple m\u00e9s evident d\u2019aquesta societat. Per l\u2019elaboraci\u00f3 d\u2019aquest Projecte, hem de sensibilitzar les nostres fam\u00edlies i fer una petita diagnosi participativa sobre la situaci\u00f3 de conviv\u00e8ncia en el centre i despr\u00e9s crear espais de debat. Aix\u00ed que necessitem el vostre ajut.<\/p>\n<p>L\u2019opini\u00f3 de les fam\u00edlies \u00e9s molt rellevant i el Consell Escolar va decidir passar uns formularis a fam\u00edlies de cada cicle per tenir una mostra. D\u2019aquesta manera, demanem que les fam\u00edlies de P4, 1r, 3r i 5\u00e8 respongueu el formulari i agra\u00efm anticipadament la vostra col\u00b7laboraci\u00f3.<\/p>\n","protected":false},"excerpt":{"rendered":"<p>Benvolgudes fam\u00edlies, Una de les feines que l\u2019escola ha de fer els propers dos cursos \u00e9s elaborar el Projecte de Conviv\u00e8ncia del Centre, tal i com estableix la resoluci\u00f3 ENS\/585\/2017, de 17 de mar\u00e7. En el darrer Consell Escolar del mes de desembre, vam presentar i dissenyar les primeres actuacions a fer. El Projecte de [&hellip;]<\/p>\n","protected":false},"author":1,"featured_media":0,"comment_status":"open","ping_status":"closed","sticky":false,"template":"","format":"standard","meta":{"_bbp_topic_count":0,"_bbp_reply_count":0,"_bbp_total_topic_count":0,"_bbp_total_reply_count":0,"_bbp_voice_count":0,"_bbp_anonymous_reply_count":0,"_bbp_topic_count_hidden":0,"_bbp_reply_count_hidden":0,"_bbp_forum_subforum_count":0,"site-sidebar-layout":"default","site-content-layout":"","ast-site-content-layout":"","site-content-style":"default","site-sidebar-style":"default","ast-global-header-display":"","ast-banner-title-visibility":"","ast-main-header-display":"","ast-hfb-above-header-display":"","ast-hfb-below-header-display":"","ast-hfb-mobile-header-display":"","site-post-title":"","ast-breadcrumbs-content":"","ast-featured-img":"","footer-sml-layout":"","theme-transparent-header-meta":"","adv-header-id-meta":"","stick-header-meta":"","header-above-stick-meta":"","header-main-stick-meta":"","header-below-stick-meta":"","astra-migrate-meta-layouts":"default","ast-page-background-enabled":"default","ast-page-background-meta":{"desktop":{"background-color":"var(--ast-global-color-4)","background-image":"","background-repeat":"repeat","background-position":"center center","background-size":"auto","background-attachment":"scroll","background-type":"","background-media":"","overlay-type":"","overlay-color":"","overlay-opacity":"","overlay-gradient":""},"tablet":{"background-color":"","background-image":"","background-repeat":"repeat","background-position":"center center","background-size":"auto","background-attachment":"scroll","background-type":"","background-media":"","overlay-type":"","overlay-color":"","overlay-opacity":"","overlay-gradient":""},"mobile":{"background-color":"","background-image":"","background-repeat":"repeat","background-position":"center center","background-size":"auto","background-attachment":"scroll","background-type":"","background-media":"","overlay-type":"","overlay-color":"","overlay-opacity":"","overlay-gradient":""}},"ast-content-background-meta":{"desktop":{"background-color":"var(--ast-global-color-5)","background-image":"","background-repeat":"repeat","background-position":"center center","background-size":"auto","background-attachment":"scroll","background-type":"","background-media":"","overlay-type":"","overlay-color":"","overlay-opacity":"","overlay-gradient":""},"tablet":{"background-color":"var(--ast-global-color-5)","background-image":"","background-repeat":"repeat","background-position":"center center","background-size":"auto","background-attachment":"scroll","background-type":"","background-media":"","overlay-type":"","overlay-color":"","overlay-opacity":"","overlay-gradient":""},"mobile":{"background-color":"var(--ast-global-color-5)","background-image":"","background-repeat":"repeat","background-position":"center center","background-size":"auto","background-attachment":"scroll","background-type":"","background-media":"","overlay-type":"","overlay-color":"","overlay-opacity":"","overlay-gradient":""}},"footnotes":""},"categories":[1],"tags":[],"class_list":["post-4366","post","type-post","status-publish","format-standard","hentry","category-general"],"post_mailing_queue_ids":[],"_links":{"self":[{"href":"https:\/\/agora.xtec.cat\/escolarambletadelclot\/wp-json\/wp\/v2\/posts\/4366","targetHints":{"allow":["GET"]}}],"collection":[{"href":"https:\/\/agora.xtec.cat\/escolarambletadelclot\/wp-json\/wp\/v2\/posts"}],"about":[{"href":"https:\/\/agora.xtec.cat\/escolarambletadelclot\/wp-json\/wp\/v2\/types\/post"}],"author":[{"embeddable":true,"href":"https:\/\/agora.xtec.cat\/escolarambletadelclot\/wp-json\/wp\/v2\/users\/1"}],"replies":[{"embeddable":true,"href":"https:\/\/agora.xtec.cat\/escolarambletadelclot\/wp-json\/wp\/v2\/comments?post=4366"}],"version-history":[{"count":1,"href":"https:\/\/agora.xtec.cat\/escolarambletadelclot\/wp-json\/wp\/v2\/posts\/4366\/revisions"}],"predecessor-version":[{"id":4368,"href":"https:\/\/agora.xtec.cat\/escolarambletadelclot\/wp-json\/wp\/v2\/posts\/4366\/revisions\/4368"}],"wp:attachment":[{"href":"https:\/\/agora.xtec.cat\/escolarambletadelclot\/wp-json\/wp\/v2\/media?parent=4366"}],"wp:term":[{"taxonomy":"category","embeddable":true,"href":"https:\/\/agora.xtec.cat\/escolarambletadelclot\/wp-json\/wp\/v2\/categories?post=4366"},{"taxonomy":"post_tag","embeddable":true,"href":"https:\/\/agora.xtec.cat\/escolarambletadelclot\/wp-json\/wp\/v2\/tags?post=4366"}],"curies":[{"name":"wp","href":"https:\/\/api.w.org\/{rel}","templated":true}]}}