{"id":4262,"date":"2018-06-08T10:22:38","date_gmt":"2018-06-08T08:22:38","guid":{"rendered":"http:\/\/agora.xtec.cat\/escolarambletadelclot\/?p=4262"},"modified":"2018-06-08T10:22:38","modified_gmt":"2018-06-08T08:22:38","slug":"ens-mengem-un-drac-de-fruita","status":"publish","type":"post","link":"https:\/\/agora.xtec.cat\/escolarambletadelclot\/general\/ens-mengem-un-drac-de-fruita\/","title":{"rendered":"ENS MENGEM UN DRAC DE FRUITA!!!"},"content":{"rendered":"<p class=\"normal\"><span lang=\"ca\" style=\"font-size: 12.0pt; line-height: 115%;\">Aquest Sant Jordi els alumnes de 6\u00e8 i els seus fillols i filloles de 2n van crear uns dracs de fruita molt originals. Despr\u00e9s ens els vam menjar i tamb\u00e9 vam convidar als nens i nenes de P5. Estaven bon\u00edssims i vam gaudir molt de la companyia! <a href=\"https:\/\/drive.google.com\/drive\/folders\/1g72TI6c08z0streEnR848_DPiKHLuexd?usp=sharing\" target=\"_blank\" rel=\"noopener noreferrer\">Aqu\u00ed teniu les FOTOS<\/a>.<\/span><\/p>\n<p class=\"normal\"><a href=\"https:\/\/drive.google.com\/drive\/folders\/1g72TI6c08z0streEnR848_DPiKHLuexd?usp=sharing\" target=\"_blank\" rel=\"noopener noreferrer\"><img loading=\"lazy\" decoding=\"async\" class=\"size-medium wp-image-4271 aligncenter\" src=\"http:\/\/agora.xtec.cat\/escolarambletadelclot\/wp-content\/uploads\/usu436\/2018\/06\/Drac-300x231.jpg\" alt=\"\" width=\"300\" height=\"231\" srcset=\"https:\/\/agora.xtec.cat\/escolarambletadelclot\/wp-content\/uploads\/usu436\/2018\/06\/Drac-300x231.jpg 300w, https:\/\/agora.xtec.cat\/escolarambletadelclot\/wp-content\/uploads\/usu436\/2018\/06\/Drac-768x590.jpg 768w, https:\/\/agora.xtec.cat\/escolarambletadelclot\/wp-content\/uploads\/usu436\/2018\/06\/Drac-1024x787.jpg 1024w\" sizes=\"auto, (max-width: 300px) 100vw, 300px\" \/><\/a><\/p>\n","protected":false},"excerpt":{"rendered":"<p>Aquest Sant Jordi els alumnes de 6\u00e8 i els seus fillols i filloles de 2n van crear uns dracs de fruita molt originals. Despr\u00e9s ens els vam menjar i tamb\u00e9 vam convidar als nens i nenes de P5. Estaven bon\u00edssims i vam gaudir molt de la companyia! Aqu\u00ed teniu les FOTOS.<\/p>\n","protected":false},"author":1,"featured_media":1710,"comment_status":"open","ping_status":"closed","sticky":false,"template":"","format":"standard","meta":{"_bbp_topic_count":0,"_bbp_reply_count":0,"_bbp_total_topic_count":0,"_bbp_total_reply_count":0,"_bbp_voice_count":0,"_bbp_anonymous_reply_count":0,"_bbp_topic_count_hidden":0,"_bbp_reply_count_hidden":0,"_bbp_forum_subforum_count":0,"site-sidebar-layout":"default","site-content-layout":"","ast-site-content-layout":"","site-content-style":"default","site-sidebar-style":"default","ast-global-header-display":"","ast-banner-title-visibility":"","ast-main-header-display":"","ast-hfb-above-header-display":"","ast-hfb-below-header-display":"","ast-hfb-mobile-header-display":"","site-post-title":"","ast-breadcrumbs-content":"","ast-featured-img":"","footer-sml-layout":"","theme-transparent-header-meta":"","adv-header-id-meta":"","stick-header-meta":"","header-above-stick-meta":"","header-main-stick-meta":"","header-below-stick-meta":"","astra-migrate-meta-layouts":"default","ast-page-background-enabled":"default","ast-page-background-meta":{"desktop":{"background-color":"var(--ast-global-color-4)","background-image":"","background-repeat":"repeat","background-position":"center center","background-size":"auto","background-attachment":"scroll","background-type":"","background-media":"","overlay-type":"","overlay-color":"","overlay-opacity":"","overlay-gradient":""},"tablet":{"background-color":"","background-image":"","background-repeat":"repeat","background-position":"center center","background-size":"auto","background-attachment":"scroll","background-type":"","background-media":"","overlay-type":"","overlay-color":"","overlay-opacity":"","overlay-gradient":""},"mobile":{"background-color":"","background-image":"","background-repeat":"repeat","background-position":"center center","background-size":"auto","background-attachment":"scroll","background-type":"","background-media":"","overlay-type":"","overlay-color":"","overlay-opacity":"","overlay-gradient":""}},"ast-content-background-meta":{"desktop":{"background-color":"var(--ast-global-color-5)","background-image":"","background-repeat":"repeat","background-position":"center center","background-size":"auto","background-attachment":"scroll","background-type":"","background-media":"","overlay-type":"","overlay-color":"","overlay-opacity":"","overlay-gradient":""},"tablet":{"background-color":"var(--ast-global-color-5)","background-image":"","background-repeat":"repeat","background-position":"center center","background-size":"auto","background-attachment":"scroll","background-type":"","background-media":"","overlay-type":"","overlay-color":"","overlay-opacity":"","overlay-gradient":""},"mobile":{"background-color":"var(--ast-global-color-5)","background-image":"","background-repeat":"repeat","background-position":"center center","background-size":"auto","background-attachment":"scroll","background-type":"","background-media":"","overlay-type":"","overlay-color":"","overlay-opacity":"","overlay-gradient":""}},"footnotes":""},"categories":[37,36,1,29,27,46],"tags":[56,42,101,41,81,90],"class_list":["post-4262","post","type-post","status-publish","format-standard","has-post-thumbnail","hentry","category-2n","category-6e","category-general","category-cicle-superior","category-cicle-inicial","category-sant-jordi","tag-activitats","tag-festes","tag-cicle-superior","tag-intercicles","tag-cicle-inicial","tag-st-jordi"],"post_mailing_queue_ids":[],"_links":{"self":[{"href":"https:\/\/agora.xtec.cat\/escolarambletadelclot\/wp-json\/wp\/v2\/posts\/4262","targetHints":{"allow":["GET"]}}],"collection":[{"href":"https:\/\/agora.xtec.cat\/escolarambletadelclot\/wp-json\/wp\/v2\/posts"}],"about":[{"href":"https:\/\/agora.xtec.cat\/escolarambletadelclot\/wp-json\/wp\/v2\/types\/post"}],"author":[{"embeddable":true,"href":"https:\/\/agora.xtec.cat\/escolarambletadelclot\/wp-json\/wp\/v2\/users\/1"}],"replies":[{"embeddable":true,"href":"https:\/\/agora.xtec.cat\/escolarambletadelclot\/wp-json\/wp\/v2\/comments?post=4262"}],"version-history":[{"count":3,"href":"https:\/\/agora.xtec.cat\/escolarambletadelclot\/wp-json\/wp\/v2\/posts\/4262\/revisions"}],"predecessor-version":[{"id":4274,"href":"https:\/\/agora.xtec.cat\/escolarambletadelclot\/wp-json\/wp\/v2\/posts\/4262\/revisions\/4274"}],"wp:featuredmedia":[{"embeddable":true,"href":"https:\/\/agora.xtec.cat\/escolarambletadelclot\/wp-json\/wp\/v2\/media\/1710"}],"wp:attachment":[{"href":"https:\/\/agora.xtec.cat\/escolarambletadelclot\/wp-json\/wp\/v2\/media?parent=4262"}],"wp:term":[{"taxonomy":"category","embeddable":true,"href":"https:\/\/agora.xtec.cat\/escolarambletadelclot\/wp-json\/wp\/v2\/categories?post=4262"},{"taxonomy":"post_tag","embeddable":true,"href":"https:\/\/agora.xtec.cat\/escolarambletadelclot\/wp-json\/wp\/v2\/tags?post=4262"}],"curies":[{"name":"wp","href":"https:\/\/api.w.org\/{rel}","templated":true}]}}