{"id":4219,"date":"2018-05-09T13:19:17","date_gmt":"2018-05-09T11:19:17","guid":{"rendered":"http:\/\/agora.xtec.cat\/escolarambletadelclot\/?p=4219"},"modified":"2018-06-07T10:33:22","modified_gmt":"2018-06-07T08:33:22","slug":"ens-visita-una-il%c2%b7lustradora","status":"publish","type":"post","link":"https:\/\/agora.xtec.cat\/escolarambletadelclot\/primaria\/cicle-superior\/ens-visita-una-il%c2%b7lustradora\/","title":{"rendered":"ENS VISITA UNA IL\u00b7LUSTRADORA"},"content":{"rendered":"<p><span style=\"font-weight: 400;\">Per acabar de celebrar la Diada de Sant Jordi ha vingut a l\u2019escola la il.lustradora <a href=\"https:\/\/drive.google.com\/drive\/folders\/1dXqXAnSkb1gVp9f0GpLMhvV9J5onbTV4\" target=\"_blank\" rel=\"noopener noreferrer\"><strong>Roc\u00edo Bonilla<\/strong><\/a>. A sis\u00e8 ens ha parlat sobre els \u00e0lbums il.lustrats, sobre el proc\u00e9s de creaci\u00f3 d\u2019un conte, ens ha ensenyat alguns dels seus llibres publicats i en un moment ens ha fet un dibuix dedicat per les dues classes. Ha sigut una visita molt inspiradora!<\/span><\/p>\n<p><a href=\"https:\/\/drive.google.com\/drive\/folders\/1dXqXAnSkb1gVp9f0GpLMhvV9J5onbTV4?usp=sharing\" target=\"_blank\" rel=\"noopener noreferrer\"><img loading=\"lazy\" decoding=\"async\" class=\"wp-image-4223 aligncenter\" src=\"http:\/\/agora.xtec.cat\/escolarambletadelclot\/wp-content\/uploads\/usu436\/2018\/05\/Rocio-Bonilla-treballant-al-estudi_1899420251_51816662_1500x1000-300x200.jpg\" alt=\"\" width=\"341\" height=\"227\" srcset=\"https:\/\/agora.xtec.cat\/escolarambletadelclot\/wp-content\/uploads\/usu436\/2018\/05\/Rocio-Bonilla-treballant-al-estudi_1899420251_51816662_1500x1000-300x200.jpg 300w, https:\/\/agora.xtec.cat\/escolarambletadelclot\/wp-content\/uploads\/usu436\/2018\/05\/Rocio-Bonilla-treballant-al-estudi_1899420251_51816662_1500x1000-768x512.jpg 768w, https:\/\/agora.xtec.cat\/escolarambletadelclot\/wp-content\/uploads\/usu436\/2018\/05\/Rocio-Bonilla-treballant-al-estudi_1899420251_51816662_1500x1000-1024x683.jpg 1024w, https:\/\/agora.xtec.cat\/escolarambletadelclot\/wp-content\/uploads\/usu436\/2018\/05\/Rocio-Bonilla-treballant-al-estudi_1899420251_51816662_1500x1000.jpg 1500w\" sizes=\"auto, (max-width: 341px) 100vw, 341px\" \/><\/a><\/p>\n<p>&nbsp;<\/p>\n","protected":false},"excerpt":{"rendered":"<p>Per acabar de celebrar la Diada de Sant Jordi ha vingut a l\u2019escola la il.lustradora Roc\u00edo Bonilla. A sis\u00e8 ens ha parlat sobre els \u00e0lbums il.lustrats, sobre el proc\u00e9s de creaci\u00f3 d\u2019un conte, ens ha ensenyat alguns dels seus llibres publicats i en un moment ens ha fet un dibuix dedicat per les dues classes. [&hellip;]<\/p>\n","protected":false},"author":1,"featured_media":0,"comment_status":"open","ping_status":"closed","sticky":false,"template":"","format":"standard","meta":{"_bbp_topic_count":0,"_bbp_reply_count":0,"_bbp_total_topic_count":0,"_bbp_total_reply_count":0,"_bbp_voice_count":0,"_bbp_anonymous_reply_count":0,"_bbp_topic_count_hidden":0,"_bbp_reply_count_hidden":0,"_bbp_forum_subforum_count":0,"site-sidebar-layout":"default","site-content-layout":"","ast-site-content-layout":"","site-content-style":"default","site-sidebar-style":"default","ast-global-header-display":"","ast-banner-title-visibility":"","ast-main-header-display":"","ast-hfb-above-header-display":"","ast-hfb-below-header-display":"","ast-hfb-mobile-header-display":"","site-post-title":"","ast-breadcrumbs-content":"","ast-featured-img":"","footer-sml-layout":"","theme-transparent-header-meta":"","adv-header-id-meta":"","stick-header-meta":"","header-above-stick-meta":"","header-main-stick-meta":"","header-below-stick-meta":"","astra-migrate-meta-layouts":"default","ast-page-background-enabled":"default","ast-page-background-meta":{"desktop":{"background-color":"var(--ast-global-color-4)","background-image":"","background-repeat":"repeat","background-position":"center center","background-size":"auto","background-attachment":"scroll","background-type":"","background-media":"","overlay-type":"","overlay-color":"","overlay-opacity":"","overlay-gradient":""},"tablet":{"background-color":"","background-image":"","background-repeat":"repeat","background-position":"center center","background-size":"auto","background-attachment":"scroll","background-type":"","background-media":"","overlay-type":"","overlay-color":"","overlay-opacity":"","overlay-gradient":""},"mobile":{"background-color":"","background-image":"","background-repeat":"repeat","background-position":"center center","background-size":"auto","background-attachment":"scroll","background-type":"","background-media":"","overlay-type":"","overlay-color":"","overlay-opacity":"","overlay-gradient":""}},"ast-content-background-meta":{"desktop":{"background-color":"var(--ast-global-color-5)","background-image":"","background-repeat":"repeat","background-position":"center center","background-size":"auto","background-attachment":"scroll","background-type":"","background-media":"","overlay-type":"","overlay-color":"","overlay-opacity":"","overlay-gradient":""},"tablet":{"background-color":"var(--ast-global-color-5)","background-image":"","background-repeat":"repeat","background-position":"center center","background-size":"auto","background-attachment":"scroll","background-type":"","background-media":"","overlay-type":"","overlay-color":"","overlay-opacity":"","overlay-gradient":""},"mobile":{"background-color":"var(--ast-global-color-5)","background-image":"","background-repeat":"repeat","background-position":"center center","background-size":"auto","background-attachment":"scroll","background-type":"","background-media":"","overlay-type":"","overlay-color":"","overlay-opacity":"","overlay-gradient":""}},"footnotes":""},"categories":[36,29],"tags":[],"class_list":["post-4219","post","type-post","status-publish","format-standard","hentry","category-6e","category-cicle-superior"],"post_mailing_queue_ids":[],"_links":{"self":[{"href":"https:\/\/agora.xtec.cat\/escolarambletadelclot\/wp-json\/wp\/v2\/posts\/4219","targetHints":{"allow":["GET"]}}],"collection":[{"href":"https:\/\/agora.xtec.cat\/escolarambletadelclot\/wp-json\/wp\/v2\/posts"}],"about":[{"href":"https:\/\/agora.xtec.cat\/escolarambletadelclot\/wp-json\/wp\/v2\/types\/post"}],"author":[{"embeddable":true,"href":"https:\/\/agora.xtec.cat\/escolarambletadelclot\/wp-json\/wp\/v2\/users\/1"}],"replies":[{"embeddable":true,"href":"https:\/\/agora.xtec.cat\/escolarambletadelclot\/wp-json\/wp\/v2\/comments?post=4219"}],"version-history":[{"count":3,"href":"https:\/\/agora.xtec.cat\/escolarambletadelclot\/wp-json\/wp\/v2\/posts\/4219\/revisions"}],"predecessor-version":[{"id":4260,"href":"https:\/\/agora.xtec.cat\/escolarambletadelclot\/wp-json\/wp\/v2\/posts\/4219\/revisions\/4260"}],"wp:attachment":[{"href":"https:\/\/agora.xtec.cat\/escolarambletadelclot\/wp-json\/wp\/v2\/media?parent=4219"}],"wp:term":[{"taxonomy":"category","embeddable":true,"href":"https:\/\/agora.xtec.cat\/escolarambletadelclot\/wp-json\/wp\/v2\/categories?post=4219"},{"taxonomy":"post_tag","embeddable":true,"href":"https:\/\/agora.xtec.cat\/escolarambletadelclot\/wp-json\/wp\/v2\/tags?post=4219"}],"curies":[{"name":"wp","href":"https:\/\/api.w.org\/{rel}","templated":true}]}}