{"id":4168,"date":"2018-03-19T11:31:15","date_gmt":"2018-03-19T10:31:15","guid":{"rendered":"http:\/\/agora.xtec.cat\/escolarambletadelclot\/?p=4168"},"modified":"2026-01-15T16:39:48","modified_gmt":"2026-01-15T15:39:48","slug":"preinscripcio-curs-2018-2019","status":"publish","type":"post","link":"https:\/\/agora.xtec.cat\/escolarambletadelclot\/general\/preinscripcio-curs-2018-2019\/","title":{"rendered":"Preinscripci\u00f3 curs 2018-2019"},"content":{"rendered":"<p>El per\u00edode de presentaci\u00f3 de sol\u00b7licituds previstes per al\u00a0segon cicle d\u2019educaci\u00f3 infantil i prim\u00e0ria ser\u00e0 del\u00a0<strong>13 al 24 d\u2019abril<\/strong>. Podeu descarregar-vos la <strong>sol\u00b7licitud de preinscripci\u00f3<\/strong> <a href=\"https:\/\/drive.google.com\/file\/d\/0B62KWBXgFUbQaGdLOExDaThtNll4bERiUEkyQ2pzc3IwUVRj\/view?usp=sharing\">AQUI.<\/a><br \/>\nPer a m\u00e9s informaci\u00f3 cliqueu en aquest<em> <a href=\"http:\/\/educacio.gencat.cat\/portal\/page\/portal\/Educacio\/PCentrePrivat\/PCPInici\/PCPPreinscripcioMatricula\" target=\"_blank\" rel=\"noopener noreferrer\">enlla\u00e7.<\/a><\/em><\/p>\n<p><a href=\"http:\/\/agora.xtec.cat\/escolarambletadelclot\/wp-content\/uploads\/usu436\/2018\/01\/Nueva-imagen.bmp\"><img loading=\"lazy\" decoding=\"async\" class=\" wp-image-4104 aligncenter\" src=\"http:\/\/agora.xtec.cat\/escolarambletadelclot\/wp-content\/uploads\/usu436\/2018\/01\/Nueva-imagen.bmp\" alt=\"\" width=\"326\" height=\"290\" \/><\/a><\/p>\n<p>El calendari d&#8217;atenci\u00f3 a les fam\u00edlies per a formalitzar les preinscripcions ser\u00e0 el seg\u00fcent:<\/p>\n<p><span style=\"font-weight: 400;\">\u2219<\/span><span style=\"font-weight: 400;\">\u00a0<\/span><span style=\"font-weight: 400;\">Divendres 13 d\u2019abril\u00a0 de\u00a0<\/span><span style=\"font-weight: 400;\">9:00 a 13:30 h<\/span><\/p>\n<p><span style=\"font-weight: 400;\">\u2219<\/span><span style=\"font-weight: 400;\">\u00a0<\/span><span style=\"font-weight: 400;\">Dilluns 16 d\u2019abril \u00a0<\/span>de\u00a0<span style=\"font-weight: 400;\">9:00 a 14:00 h<\/span><\/p>\n<p><span style=\"font-weight: 400;\">\u2219<\/span><span style=\"font-weight: 400;\">\u00a0<\/span><span style=\"font-weight: 400;\">Dimarts 17 d\u2019abril <\/span>\u00a0de\u00a0<span style=\"font-weight: 400;\">9:00 a 11:00 i de 15:00 a 16:30 h<\/span><\/p>\n<p><span style=\"font-weight: 400;\">\u2219<\/span><span style=\"font-weight: 400;\">\u00a0<\/span><span style=\"font-weight: 400;\">Dimecres 18 d\u2019abril \u00a0<\/span>de\u00a0<span style=\"font-weight: 400;\">9:00 a 13:30 h<\/span><\/p>\n<p><span style=\"font-weight: 400;\">\u2219<\/span><span style=\"font-weight: 400;\">\u00a0<\/span><span style=\"font-weight: 400;\">Dijous 19 d\u2019abril\u00a0 de<\/span> <span style=\"font-weight: 400;\">15:00 \u00a0a 16:30 h<\/span><\/p>\n<p><span style=\"font-weight: 400;\">\u2219<\/span><span style=\"font-weight: 400;\">\u00a0<\/span><span style=\"font-weight: 400;\">Divendres 20 d\u2019abril <\/span>\u00a0de\u00a0<span style=\"font-weight: 400;\">9:00 a 13:30 h<\/span><\/p>\n<p><span style=\"font-weight: 400;\">\u2219<\/span><span style=\"font-weight: 400;\">\u00a0<\/span><span style=\"font-weight: 400;\">Dilluns 23 d\u2019abril \u00a0<\/span>de\u00a0<span style=\"font-weight: 400;\">9:00 a 14:00 h<\/span><\/p>\n<p><span style=\"font-weight: 400;\">\u2219<\/span><span style=\"font-weight: 400;\">\u00a0<\/span><span style=\"font-weight: 400;\">Dimarts 24 d\u2019abril \u00a0<\/span>de\u00a0<span style=\"font-weight: 400;\">9:00 \u00a0a 13:30 h i de 15:00 a 16:30 h<\/span><\/p>\n","protected":false},"excerpt":{"rendered":"<p>El per\u00edode de presentaci\u00f3 de sol\u00b7licituds previstes per al\u00a0segon cicle d\u2019educaci\u00f3 infantil i prim\u00e0ria ser\u00e0 del\u00a013 al 24 d\u2019abril. Podeu descarregar-vos la sol\u00b7licitud de preinscripci\u00f3 AQUI. Per a m\u00e9s informaci\u00f3 cliqueu en aquest enlla\u00e7. El calendari d&#8217;atenci\u00f3 a les fam\u00edlies per a formalitzar les preinscripcions ser\u00e0 el seg\u00fcent: \u2219\u00a0Divendres 13 d\u2019abril\u00a0 de\u00a09:00 a 13:30 h [&hellip;]<\/p>\n","protected":false},"author":1,"featured_media":1710,"comment_status":"open","ping_status":"closed","sticky":false,"template":"","format":"standard","meta":{"_bbp_topic_count":0,"_bbp_reply_count":0,"_bbp_total_topic_count":0,"_bbp_total_reply_count":0,"_bbp_voice_count":0,"_bbp_anonymous_reply_count":0,"_bbp_topic_count_hidden":0,"_bbp_reply_count_hidden":0,"_bbp_forum_subforum_count":0,"site-sidebar-layout":"default","site-content-layout":"","ast-site-content-layout":"","site-content-style":"default","site-sidebar-style":"default","ast-global-header-display":"","ast-banner-title-visibility":"","ast-main-header-display":"","ast-hfb-above-header-display":"","ast-hfb-below-header-display":"","ast-hfb-mobile-header-display":"","site-post-title":"","ast-breadcrumbs-content":"","ast-featured-img":"","footer-sml-layout":"","theme-transparent-header-meta":"","adv-header-id-meta":"","stick-header-meta":"","header-above-stick-meta":"","header-main-stick-meta":"","header-below-stick-meta":"","astra-migrate-meta-layouts":"default","ast-page-background-enabled":"default","ast-page-background-meta":{"desktop":{"background-color":"var(--ast-global-color-4)","background-image":"","background-repeat":"repeat","background-position":"center center","background-size":"auto","background-attachment":"scroll","background-type":"","background-media":"","overlay-type":"","overlay-color":"","overlay-opacity":"","overlay-gradient":""},"tablet":{"background-color":"","background-image":"","background-repeat":"repeat","background-position":"center center","background-size":"auto","background-attachment":"scroll","background-type":"","background-media":"","overlay-type":"","overlay-color":"","overlay-opacity":"","overlay-gradient":""},"mobile":{"background-color":"","background-image":"","background-repeat":"repeat","background-position":"center center","background-size":"auto","background-attachment":"scroll","background-type":"","background-media":"","overlay-type":"","overlay-color":"","overlay-opacity":"","overlay-gradient":""}},"ast-content-background-meta":{"desktop":{"background-color":"var(--ast-global-color-5)","background-image":"","background-repeat":"repeat","background-position":"center center","background-size":"auto","background-attachment":"scroll","background-type":"","background-media":"","overlay-type":"","overlay-color":"","overlay-opacity":"","overlay-gradient":""},"tablet":{"background-color":"var(--ast-global-color-5)","background-image":"","background-repeat":"repeat","background-position":"center center","background-size":"auto","background-attachment":"scroll","background-type":"","background-media":"","overlay-type":"","overlay-color":"","overlay-opacity":"","overlay-gradient":""},"mobile":{"background-color":"var(--ast-global-color-5)","background-image":"","background-repeat":"repeat","background-position":"center center","background-size":"auto","background-attachment":"scroll","background-type":"","background-media":"","overlay-type":"","overlay-color":"","overlay-opacity":"","overlay-gradient":""}},"footnotes":""},"categories":[1],"tags":[],"class_list":["post-4168","post","type-post","status-publish","format-standard","has-post-thumbnail","hentry","category-general"],"post_mailing_queue_ids":[],"_links":{"self":[{"href":"https:\/\/agora.xtec.cat\/escolarambletadelclot\/wp-json\/wp\/v2\/posts\/4168","targetHints":{"allow":["GET"]}}],"collection":[{"href":"https:\/\/agora.xtec.cat\/escolarambletadelclot\/wp-json\/wp\/v2\/posts"}],"about":[{"href":"https:\/\/agora.xtec.cat\/escolarambletadelclot\/wp-json\/wp\/v2\/types\/post"}],"author":[{"embeddable":true,"href":"https:\/\/agora.xtec.cat\/escolarambletadelclot\/wp-json\/wp\/v2\/users\/1"}],"replies":[{"embeddable":true,"href":"https:\/\/agora.xtec.cat\/escolarambletadelclot\/wp-json\/wp\/v2\/comments?post=4168"}],"version-history":[{"count":3,"href":"https:\/\/agora.xtec.cat\/escolarambletadelclot\/wp-json\/wp\/v2\/posts\/4168\/revisions"}],"predecessor-version":[{"id":4179,"href":"https:\/\/agora.xtec.cat\/escolarambletadelclot\/wp-json\/wp\/v2\/posts\/4168\/revisions\/4179"}],"wp:featuredmedia":[{"embeddable":true,"href":"https:\/\/agora.xtec.cat\/escolarambletadelclot\/wp-json\/wp\/v2\/media\/1710"}],"wp:attachment":[{"href":"https:\/\/agora.xtec.cat\/escolarambletadelclot\/wp-json\/wp\/v2\/media?parent=4168"}],"wp:term":[{"taxonomy":"category","embeddable":true,"href":"https:\/\/agora.xtec.cat\/escolarambletadelclot\/wp-json\/wp\/v2\/categories?post=4168"},{"taxonomy":"post_tag","embeddable":true,"href":"https:\/\/agora.xtec.cat\/escolarambletadelclot\/wp-json\/wp\/v2\/tags?post=4168"}],"curies":[{"name":"wp","href":"https:\/\/api.w.org\/{rel}","templated":true}]}}