{"id":4157,"date":"2018-03-14T20:11:21","date_gmt":"2018-03-14T19:11:21","guid":{"rendered":"http:\/\/agora.xtec.cat\/escolarambletadelclot\/?p=4157"},"modified":"2026-01-15T16:39:54","modified_gmt":"2026-01-15T15:39:54","slug":"presentacio-del-nostre-projecte-descola-a-murcia","status":"publish","type":"post","link":"https:\/\/agora.xtec.cat\/escolarambletadelclot\/general\/presentacio-del-nostre-projecte-descola-a-murcia\/","title":{"rendered":"Presentaci\u00f3 del nostre projecte d&#8217;escola a M\u00farcia"},"content":{"rendered":"<p><a href=\"http:\/\/agora.xtec.cat\/escolarambletadelclot\/wp-content\/uploads\/usu436\/2018\/03\/IMG-20180310-WA0028.jpg\"><img loading=\"lazy\" decoding=\"async\" class=\"wp-image-4160 aligncenter\" src=\"http:\/\/agora.xtec.cat\/escolarambletadelclot\/wp-content\/uploads\/usu436\/2018\/03\/IMG-20180310-WA0028-300x225.jpg\" alt=\"\" width=\"420\" height=\"315\" srcset=\"https:\/\/agora.xtec.cat\/escolarambletadelclot\/wp-content\/uploads\/usu436\/2018\/03\/IMG-20180310-WA0028-300x225.jpg 300w, https:\/\/agora.xtec.cat\/escolarambletadelclot\/wp-content\/uploads\/usu436\/2018\/03\/IMG-20180310-WA0028-768x576.jpg 768w, https:\/\/agora.xtec.cat\/escolarambletadelclot\/wp-content\/uploads\/usu436\/2018\/03\/IMG-20180310-WA0028-1024x768.jpg 1024w, https:\/\/agora.xtec.cat\/escolarambletadelclot\/wp-content\/uploads\/usu436\/2018\/03\/IMG-20180310-WA0028-200x150.jpg 200w, https:\/\/agora.xtec.cat\/escolarambletadelclot\/wp-content\/uploads\/usu436\/2018\/03\/IMG-20180310-WA0028.jpg 1600w\" sizes=\"auto, (max-width: 420px) 100vw, 420px\" \/><\/a><\/p>\n<p>El cap de setmana passat, la Maite i la Vict\u00f2ria, la nostra directora i cap d&#8217;estudis respectivament, van enfilar cap a M\u00farcia ciutat per a presentar el nostre projecte d&#8217;escola en el marc de les jornades &#8220;Experiencias de centros educativos para la mejora de la competencia ling\u00fc\u00edstica en lengua castellana&#8221;<br \/>\nA m\u00e9s de la nostra, es van presentar diferents experi\u00e8ncies educatives d\u2019arreu del pa\u00eds: M\u00farcia, Cant\u00e0bria i Plasencia (C\u00e1ceres).<br \/>\nDe fet la nostra participaci\u00f3, com \u00e9s l\u00f2gic, anava adre\u00e7ada a la millora de la compet\u00e8ncia<br \/>\nling\u00fc\u00edstica pluriling\u00fce (catal\u00e0, castell\u00e0 i angl\u00e8s).<br \/>\nVam\u00a0creure oport\u00fa distribuir l\u2019espai en rotllanes de conversa i iniciar la pon\u00e8ncia amb unes din\u00e0miques de grup que\u00a0hem treballat a la nostra formaci\u00f3 T\u00e0ndem amb el British Council.<br \/>\nDespr\u00e8s vam contextualitzar l\u2019escola i vam compartir la nostra experi\u00e8ncia de transformaci\u00f3 i<br \/>\nrenovaci\u00f3 pedag\u00f2gica.<br \/>\nPer acabar, els assistents van poder manipular i experimentar amb el material did\u00e0ctic que utilitzem en la nostra pr\u00e0ctica di\u00e0ria.<br \/>\nVal a dir que el nostre projecte els va entusiasmar molt i\u00a0hem tingut un feedback molt positiu. I nosaltres tamb\u00e9 vam gaudir molt amb l&#8217;experi\u00e8ncia!<\/p>\n<p><a href=\"http:\/\/agora.xtec.cat\/escolarambletadelclot\/wp-content\/uploads\/usu436\/2018\/03\/IMG-20180310-WA0043.jpg\"><img loading=\"lazy\" decoding=\"async\" class=\"wp-image-4161 aligncenter\" src=\"http:\/\/agora.xtec.cat\/escolarambletadelclot\/wp-content\/uploads\/usu436\/2018\/03\/IMG-20180310-WA0043-180x300.jpg\" alt=\"\" width=\"239\" height=\"398\" srcset=\"https:\/\/agora.xtec.cat\/escolarambletadelclot\/wp-content\/uploads\/usu436\/2018\/03\/IMG-20180310-WA0043-180x300.jpg 180w, https:\/\/agora.xtec.cat\/escolarambletadelclot\/wp-content\/uploads\/usu436\/2018\/03\/IMG-20180310-WA0043.jpg 768w, https:\/\/agora.xtec.cat\/escolarambletadelclot\/wp-content\/uploads\/usu436\/2018\/03\/IMG-20180310-WA0043-614x1024.jpg 614w\" sizes=\"auto, (max-width: 239px) 100vw, 239px\" \/><\/a><\/p>\n","protected":false},"excerpt":{"rendered":"<p>El cap de setmana passat, la Maite i la Vict\u00f2ria, la nostra directora i cap d&#8217;estudis respectivament, van enfilar cap a M\u00farcia ciutat per a presentar el nostre projecte d&#8217;escola en el marc de les jornades &#8220;Experiencias de centros educativos para la mejora de la competencia ling\u00fc\u00edstica en lengua castellana&#8221; A m\u00e9s de la nostra, [&hellip;]<\/p>\n","protected":false},"author":1,"featured_media":1710,"comment_status":"open","ping_status":"closed","sticky":false,"template":"","format":"standard","meta":{"_bbp_topic_count":0,"_bbp_reply_count":0,"_bbp_total_topic_count":0,"_bbp_total_reply_count":0,"_bbp_voice_count":0,"_bbp_anonymous_reply_count":0,"_bbp_topic_count_hidden":0,"_bbp_reply_count_hidden":0,"_bbp_forum_subforum_count":0,"site-sidebar-layout":"default","site-content-layout":"","ast-site-content-layout":"","site-content-style":"default","site-sidebar-style":"default","ast-global-header-display":"","ast-banner-title-visibility":"","ast-main-header-display":"","ast-hfb-above-header-display":"","ast-hfb-below-header-display":"","ast-hfb-mobile-header-display":"","site-post-title":"","ast-breadcrumbs-content":"","ast-featured-img":"","footer-sml-layout":"","theme-transparent-header-meta":"","adv-header-id-meta":"","stick-header-meta":"","header-above-stick-meta":"","header-main-stick-meta":"","header-below-stick-meta":"","astra-migrate-meta-layouts":"default","ast-page-background-enabled":"default","ast-page-background-meta":{"desktop":{"background-color":"var(--ast-global-color-4)","background-image":"","background-repeat":"repeat","background-position":"center center","background-size":"auto","background-attachment":"scroll","background-type":"","background-media":"","overlay-type":"","overlay-color":"","overlay-opacity":"","overlay-gradient":""},"tablet":{"background-color":"","background-image":"","background-repeat":"repeat","background-position":"center center","background-size":"auto","background-attachment":"scroll","background-type":"","background-media":"","overlay-type":"","overlay-color":"","overlay-opacity":"","overlay-gradient":""},"mobile":{"background-color":"","background-image":"","background-repeat":"repeat","background-position":"center center","background-size":"auto","background-attachment":"scroll","background-type":"","background-media":"","overlay-type":"","overlay-color":"","overlay-opacity":"","overlay-gradient":""}},"ast-content-background-meta":{"desktop":{"background-color":"var(--ast-global-color-5)","background-image":"","background-repeat":"repeat","background-position":"center center","background-size":"auto","background-attachment":"scroll","background-type":"","background-media":"","overlay-type":"","overlay-color":"","overlay-opacity":"","overlay-gradient":""},"tablet":{"background-color":"var(--ast-global-color-5)","background-image":"","background-repeat":"repeat","background-position":"center center","background-size":"auto","background-attachment":"scroll","background-type":"","background-media":"","overlay-type":"","overlay-color":"","overlay-opacity":"","overlay-gradient":""},"mobile":{"background-color":"var(--ast-global-color-5)","background-image":"","background-repeat":"repeat","background-position":"center center","background-size":"auto","background-attachment":"scroll","background-type":"","background-media":"","overlay-type":"","overlay-color":"","overlay-opacity":"","overlay-gradient":""}},"footnotes":""},"categories":[1],"tags":[77,40,98,96],"class_list":["post-4157","post","type-post","status-publish","format-standard","has-post-thumbnail","hentry","category-general","tag-espirals","tag-projectes","tag-propostes","tag-tandem"],"post_mailing_queue_ids":[],"_links":{"self":[{"href":"https:\/\/agora.xtec.cat\/escolarambletadelclot\/wp-json\/wp\/v2\/posts\/4157","targetHints":{"allow":["GET"]}}],"collection":[{"href":"https:\/\/agora.xtec.cat\/escolarambletadelclot\/wp-json\/wp\/v2\/posts"}],"about":[{"href":"https:\/\/agora.xtec.cat\/escolarambletadelclot\/wp-json\/wp\/v2\/types\/post"}],"author":[{"embeddable":true,"href":"https:\/\/agora.xtec.cat\/escolarambletadelclot\/wp-json\/wp\/v2\/users\/1"}],"replies":[{"embeddable":true,"href":"https:\/\/agora.xtec.cat\/escolarambletadelclot\/wp-json\/wp\/v2\/comments?post=4157"}],"version-history":[{"count":3,"href":"https:\/\/agora.xtec.cat\/escolarambletadelclot\/wp-json\/wp\/v2\/posts\/4157\/revisions"}],"predecessor-version":[{"id":4163,"href":"https:\/\/agora.xtec.cat\/escolarambletadelclot\/wp-json\/wp\/v2\/posts\/4157\/revisions\/4163"}],"wp:featuredmedia":[{"embeddable":true,"href":"https:\/\/agora.xtec.cat\/escolarambletadelclot\/wp-json\/wp\/v2\/media\/1710"}],"wp:attachment":[{"href":"https:\/\/agora.xtec.cat\/escolarambletadelclot\/wp-json\/wp\/v2\/media?parent=4157"}],"wp:term":[{"taxonomy":"category","embeddable":true,"href":"https:\/\/agora.xtec.cat\/escolarambletadelclot\/wp-json\/wp\/v2\/categories?post=4157"},{"taxonomy":"post_tag","embeddable":true,"href":"https:\/\/agora.xtec.cat\/escolarambletadelclot\/wp-json\/wp\/v2\/tags?post=4157"}],"curies":[{"name":"wp","href":"https:\/\/api.w.org\/{rel}","templated":true}]}}