{"id":3978,"date":"2019-12-17T09:20:56","date_gmt":"2019-12-17T08:20:56","guid":{"rendered":"http:\/\/agora.xtec.cat\/escolarambletadelclot\/?p=3978"},"modified":"2026-01-15T16:37:30","modified_gmt":"2026-01-15T15:37:30","slug":"concert-de-nadal","status":"publish","type":"post","link":"https:\/\/agora.xtec.cat\/escolarambletadelclot\/general\/concert-de-nadal\/","title":{"rendered":"Concert de Nadal"},"content":{"rendered":"<p>Benvolgudes fam\u00edlies,<\/p>\n<p>El proper <strong>divendres 20 de desembre<\/strong> celebrarem el <strong>Concert de Nadal<\/strong> a la Parr\u00f2quia de Sant Joan Bosco dels Salesians (Pla\u00e7a de Ferran Reyes, 2 a Sagrera). El concert comen\u00e7ar\u00e0 a les <strong><u>10h i est\u00e0 previst acabar cap a les 11h.<\/u><\/strong><\/p>\n<p>Recordeu que els nens i nenes no han de venir vestits de cap manera especial per\u00f2 s\u00ed mudats per a l\u2019acte.<\/p>\n<p>Us hi esperem!<\/p>\n<p><a href=\"http:\/\/agora.xtec.cat\/escolarambletadelclot\/wp-content\/uploads\/usu436\/2017\/12\/childrens-christmas-clipart-4.png\"><img loading=\"lazy\" decoding=\"async\" class=\"alignnone wp-image-4681\" src=\"https:\/\/agora.xtec.cat\/escolarambletadelclot\/wp-content\/uploads\/usu436\/2017\/12\/Red-and-White-Christmas-Card-300x213.png\" alt=\"\" width=\"472\" height=\"335\" srcset=\"https:\/\/agora.xtec.cat\/escolarambletadelclot\/wp-content\/uploads\/usu436\/2017\/12\/Red-and-White-Christmas-Card-300x213.png 300w, https:\/\/agora.xtec.cat\/escolarambletadelclot\/wp-content\/uploads\/usu436\/2017\/12\/Red-and-White-Christmas-Card-768x545.png 768w, https:\/\/agora.xtec.cat\/escolarambletadelclot\/wp-content\/uploads\/usu436\/2017\/12\/Red-and-White-Christmas-Card-1024x727.png 1024w, https:\/\/agora.xtec.cat\/escolarambletadelclot\/wp-content\/uploads\/usu436\/2017\/12\/Red-and-White-Christmas-Card.png 1747w\" sizes=\"auto, (max-width: 472px) 100vw, 472px\" \/><\/a><\/p>\n<p>&nbsp;<\/p>\n<p>&nbsp;<\/p>\n","protected":false},"excerpt":{"rendered":"<p>Benvolgudes fam\u00edlies, El proper divendres 20 de desembre celebrarem el Concert de Nadal a la Parr\u00f2quia de Sant Joan Bosco dels Salesians (Pla\u00e7a de Ferran Reyes, 2 a Sagrera). El concert comen\u00e7ar\u00e0 a les 10h i est\u00e0 previst acabar cap a les 11h. Recordeu que els nens i nenes no han de venir vestits de [&hellip;]<\/p>\n","protected":false},"author":1,"featured_media":0,"comment_status":"open","ping_status":"closed","sticky":false,"template":"","format":"standard","meta":{"_bbp_topic_count":0,"_bbp_reply_count":0,"_bbp_total_topic_count":0,"_bbp_total_reply_count":0,"_bbp_voice_count":0,"_bbp_anonymous_reply_count":0,"_bbp_topic_count_hidden":0,"_bbp_reply_count_hidden":0,"_bbp_forum_subforum_count":0,"site-sidebar-layout":"default","site-content-layout":"","ast-site-content-layout":"","site-content-style":"default","site-sidebar-style":"default","ast-global-header-display":"","ast-banner-title-visibility":"","ast-main-header-display":"","ast-hfb-above-header-display":"","ast-hfb-below-header-display":"","ast-hfb-mobile-header-display":"","site-post-title":"","ast-breadcrumbs-content":"","ast-featured-img":"","footer-sml-layout":"","theme-transparent-header-meta":"","adv-header-id-meta":"","stick-header-meta":"","header-above-stick-meta":"","header-main-stick-meta":"","header-below-stick-meta":"","astra-migrate-meta-layouts":"default","ast-page-background-enabled":"default","ast-page-background-meta":{"desktop":{"background-color":"var(--ast-global-color-4)","background-image":"","background-repeat":"repeat","background-position":"center center","background-size":"auto","background-attachment":"scroll","background-type":"","background-media":"","overlay-type":"","overlay-color":"","overlay-opacity":"","overlay-gradient":""},"tablet":{"background-color":"","background-image":"","background-repeat":"repeat","background-position":"center center","background-size":"auto","background-attachment":"scroll","background-type":"","background-media":"","overlay-type":"","overlay-color":"","overlay-opacity":"","overlay-gradient":""},"mobile":{"background-color":"","background-image":"","background-repeat":"repeat","background-position":"center center","background-size":"auto","background-attachment":"scroll","background-type":"","background-media":"","overlay-type":"","overlay-color":"","overlay-opacity":"","overlay-gradient":""}},"ast-content-background-meta":{"desktop":{"background-color":"var(--ast-global-color-5)","background-image":"","background-repeat":"repeat","background-position":"center center","background-size":"auto","background-attachment":"scroll","background-type":"","background-media":"","overlay-type":"","overlay-color":"","overlay-opacity":"","overlay-gradient":""},"tablet":{"background-color":"var(--ast-global-color-5)","background-image":"","background-repeat":"repeat","background-position":"center center","background-size":"auto","background-attachment":"scroll","background-type":"","background-media":"","overlay-type":"","overlay-color":"","overlay-opacity":"","overlay-gradient":""},"mobile":{"background-color":"var(--ast-global-color-5)","background-image":"","background-repeat":"repeat","background-position":"center center","background-size":"auto","background-attachment":"scroll","background-type":"","background-media":"","overlay-type":"","overlay-color":"","overlay-opacity":"","overlay-gradient":""}},"footnotes":""},"categories":[1],"tags":[56,39,52],"class_list":["post-3978","post","type-post","status-publish","format-standard","hentry","category-general","tag-activitats","tag-music-english","tag-musica"],"post_mailing_queue_ids":[],"_links":{"self":[{"href":"https:\/\/agora.xtec.cat\/escolarambletadelclot\/wp-json\/wp\/v2\/posts\/3978","targetHints":{"allow":["GET"]}}],"collection":[{"href":"https:\/\/agora.xtec.cat\/escolarambletadelclot\/wp-json\/wp\/v2\/posts"}],"about":[{"href":"https:\/\/agora.xtec.cat\/escolarambletadelclot\/wp-json\/wp\/v2\/types\/post"}],"author":[{"embeddable":true,"href":"https:\/\/agora.xtec.cat\/escolarambletadelclot\/wp-json\/wp\/v2\/users\/1"}],"replies":[{"embeddable":true,"href":"https:\/\/agora.xtec.cat\/escolarambletadelclot\/wp-json\/wp\/v2\/comments?post=3978"}],"version-history":[{"count":4,"href":"https:\/\/agora.xtec.cat\/escolarambletadelclot\/wp-json\/wp\/v2\/posts\/3978\/revisions"}],"predecessor-version":[{"id":4685,"href":"https:\/\/agora.xtec.cat\/escolarambletadelclot\/wp-json\/wp\/v2\/posts\/3978\/revisions\/4685"}],"wp:attachment":[{"href":"https:\/\/agora.xtec.cat\/escolarambletadelclot\/wp-json\/wp\/v2\/media?parent=3978"}],"wp:term":[{"taxonomy":"category","embeddable":true,"href":"https:\/\/agora.xtec.cat\/escolarambletadelclot\/wp-json\/wp\/v2\/categories?post=3978"},{"taxonomy":"post_tag","embeddable":true,"href":"https:\/\/agora.xtec.cat\/escolarambletadelclot\/wp-json\/wp\/v2\/tags?post=3978"}],"curies":[{"name":"wp","href":"https:\/\/api.w.org\/{rel}","templated":true}]}}