{"id":3907,"date":"2017-11-18T12:21:26","date_gmt":"2017-11-18T11:21:26","guid":{"rendered":"http:\/\/agora.xtec.cat\/escolarambletadelclot\/?p=3907"},"modified":"2026-01-15T16:40:20","modified_gmt":"2026-01-15T15:40:20","slug":"concert-de-santa-cecilia-2017","status":"publish","type":"post","link":"https:\/\/agora.xtec.cat\/escolarambletadelclot\/general\/concert-de-santa-cecilia-2017\/","title":{"rendered":"Concert de Santa Cec\u00edlia 2017"},"content":{"rendered":"<p>&nbsp;<\/p>\n<p>El proper <strong>dimecres 22 de novembre<\/strong> us convidem a totes les fam\u00edlies al <strong>Concert de Santa Cec\u00edlia<\/strong> d&#8217;enguany.\u00a0Celebrar plegats el dia de la m\u00fasica amb vosaltres: pares, mares, avis i \u00e0vies ens sembla una experi\u00e8ncia meravellosa. \u00c9s un dia especial, alguns nom\u00e9s sou espectadors per\u00f2 d\u2019altres sou protagonistes alhora. Agrair-vos la vostra participaci\u00f3, dedicaci\u00f3 i il\u00b7lusi\u00f3 que\u00a0el fa possible!<\/p>\n<p>Aquests seran els diferents passis:<\/p>\n<ul>\n<li><strong>Educaci\u00f3 Infantil<\/strong> a les 9:15 h.<\/li>\n<li><strong>Cicle Mitj\u00e0<\/strong> a les 10:15 h.<\/li>\n<li><strong>Cicle Inicial<\/strong> a les 11:35 h.<\/li>\n<li><strong>Cicle Superior<\/strong> a les 15:15 h.<\/li>\n<\/ul>\n<p><img loading=\"lazy\" decoding=\"async\" class=\" wp-image-3909 aligncenter\" src=\"http:\/\/agora.xtec.cat\/escolarambletadelclot\/wp-content\/uploads\/usu436\/2017\/11\/musicians_top-300x152.jpg\" alt=\"\" width=\"442\" height=\"224\" srcset=\"https:\/\/agora.xtec.cat\/escolarambletadelclot\/wp-content\/uploads\/usu436\/2017\/11\/musicians_top-300x152.jpg 300w, https:\/\/agora.xtec.cat\/escolarambletadelclot\/wp-content\/uploads\/usu436\/2017\/11\/musicians_top.jpg 550w\" sizes=\"auto, (max-width: 442px) 100vw, 442px\" \/><\/p>\n<p>&nbsp;<\/p>\n<p>Us hi esperem!<\/p>\n<p>&nbsp;<\/p>\n","protected":false},"excerpt":{"rendered":"<p>&nbsp; El proper dimecres 22 de novembre us convidem a totes les fam\u00edlies al Concert de Santa Cec\u00edlia d&#8217;enguany.\u00a0Celebrar plegats el dia de la m\u00fasica amb vosaltres: pares, mares, avis i \u00e0vies ens sembla una experi\u00e8ncia meravellosa. \u00c9s un dia especial, alguns nom\u00e9s sou espectadors per\u00f2 d\u2019altres sou protagonistes alhora. Agrair-vos la vostra participaci\u00f3, dedicaci\u00f3 [&hellip;]<\/p>\n","protected":false},"author":1,"featured_media":0,"comment_status":"open","ping_status":"closed","sticky":false,"template":"","format":"standard","meta":{"_bbp_topic_count":0,"_bbp_reply_count":0,"_bbp_total_topic_count":0,"_bbp_total_reply_count":0,"_bbp_voice_count":0,"_bbp_anonymous_reply_count":0,"_bbp_topic_count_hidden":0,"_bbp_reply_count_hidden":0,"_bbp_forum_subforum_count":0,"site-sidebar-layout":"default","site-content-layout":"","ast-site-content-layout":"","site-content-style":"default","site-sidebar-style":"default","ast-global-header-display":"","ast-banner-title-visibility":"","ast-main-header-display":"","ast-hfb-above-header-display":"","ast-hfb-below-header-display":"","ast-hfb-mobile-header-display":"","site-post-title":"","ast-breadcrumbs-content":"","ast-featured-img":"","footer-sml-layout":"","theme-transparent-header-meta":"","adv-header-id-meta":"","stick-header-meta":"","header-above-stick-meta":"","header-main-stick-meta":"","header-below-stick-meta":"","astra-migrate-meta-layouts":"default","ast-page-background-enabled":"default","ast-page-background-meta":{"desktop":{"background-color":"var(--ast-global-color-4)","background-image":"","background-repeat":"repeat","background-position":"center center","background-size":"auto","background-attachment":"scroll","background-type":"","background-media":"","overlay-type":"","overlay-color":"","overlay-opacity":"","overlay-gradient":""},"tablet":{"background-color":"","background-image":"","background-repeat":"repeat","background-position":"center center","background-size":"auto","background-attachment":"scroll","background-type":"","background-media":"","overlay-type":"","overlay-color":"","overlay-opacity":"","overlay-gradient":""},"mobile":{"background-color":"","background-image":"","background-repeat":"repeat","background-position":"center center","background-size":"auto","background-attachment":"scroll","background-type":"","background-media":"","overlay-type":"","overlay-color":"","overlay-opacity":"","overlay-gradient":""}},"ast-content-background-meta":{"desktop":{"background-color":"var(--ast-global-color-5)","background-image":"","background-repeat":"repeat","background-position":"center center","background-size":"auto","background-attachment":"scroll","background-type":"","background-media":"","overlay-type":"","overlay-color":"","overlay-opacity":"","overlay-gradient":""},"tablet":{"background-color":"var(--ast-global-color-5)","background-image":"","background-repeat":"repeat","background-position":"center center","background-size":"auto","background-attachment":"scroll","background-type":"","background-media":"","overlay-type":"","overlay-color":"","overlay-opacity":"","overlay-gradient":""},"mobile":{"background-color":"var(--ast-global-color-5)","background-image":"","background-repeat":"repeat","background-position":"center center","background-size":"auto","background-attachment":"scroll","background-type":"","background-media":"","overlay-type":"","overlay-color":"","overlay-opacity":"","overlay-gradient":""}},"footnotes":""},"categories":[1],"tags":[39,52],"class_list":["post-3907","post","type-post","status-publish","format-standard","hentry","category-general","tag-music-english","tag-musica"],"post_mailing_queue_ids":[],"_links":{"self":[{"href":"https:\/\/agora.xtec.cat\/escolarambletadelclot\/wp-json\/wp\/v2\/posts\/3907","targetHints":{"allow":["GET"]}}],"collection":[{"href":"https:\/\/agora.xtec.cat\/escolarambletadelclot\/wp-json\/wp\/v2\/posts"}],"about":[{"href":"https:\/\/agora.xtec.cat\/escolarambletadelclot\/wp-json\/wp\/v2\/types\/post"}],"author":[{"embeddable":true,"href":"https:\/\/agora.xtec.cat\/escolarambletadelclot\/wp-json\/wp\/v2\/users\/1"}],"replies":[{"embeddable":true,"href":"https:\/\/agora.xtec.cat\/escolarambletadelclot\/wp-json\/wp\/v2\/comments?post=3907"}],"version-history":[{"count":3,"href":"https:\/\/agora.xtec.cat\/escolarambletadelclot\/wp-json\/wp\/v2\/posts\/3907\/revisions"}],"predecessor-version":[{"id":3981,"href":"https:\/\/agora.xtec.cat\/escolarambletadelclot\/wp-json\/wp\/v2\/posts\/3907\/revisions\/3981"}],"wp:attachment":[{"href":"https:\/\/agora.xtec.cat\/escolarambletadelclot\/wp-json\/wp\/v2\/media?parent=3907"}],"wp:term":[{"taxonomy":"category","embeddable":true,"href":"https:\/\/agora.xtec.cat\/escolarambletadelclot\/wp-json\/wp\/v2\/categories?post=3907"},{"taxonomy":"post_tag","embeddable":true,"href":"https:\/\/agora.xtec.cat\/escolarambletadelclot\/wp-json\/wp\/v2\/tags?post=3907"}],"curies":[{"name":"wp","href":"https:\/\/api.w.org\/{rel}","templated":true}]}}