{"id":3656,"date":"2017-05-09T16:26:45","date_gmt":"2017-05-09T14:26:45","guid":{"rendered":"http:\/\/agora.xtec.cat\/escolarambletadelclot\/?p=3656"},"modified":"2017-05-09T16:26:45","modified_gmt":"2017-05-09T14:26:45","slug":"taller-de-residus","status":"publish","type":"post","link":"https:\/\/agora.xtec.cat\/escolarambletadelclot\/primaria\/cicle-mitja\/3r\/taller-de-residus\/","title":{"rendered":"Taller de residus"},"content":{"rendered":"<p><a href=\"https:\/\/goo.gl\/photos\/Ah3fHJbpWcpg6V6BA\" target=\"_blank\"><img loading=\"lazy\" decoding=\"async\" class=\"aligncenter size-full wp-image-3661\" src=\"http:\/\/agora.xtec.cat\/escolarambletadelclot\/wp-content\/uploads\/usu436\/2017\/05\/3-Residus.jpg\" alt=\"3-Residus\" width=\"2982\" height=\"2989\" srcset=\"https:\/\/agora.xtec.cat\/escolarambletadelclot\/wp-content\/uploads\/usu436\/2017\/05\/3-Residus.jpg 2982w, https:\/\/agora.xtec.cat\/escolarambletadelclot\/wp-content\/uploads\/usu436\/2017\/05\/3-Residus-150x150.jpg 150w, https:\/\/agora.xtec.cat\/escolarambletadelclot\/wp-content\/uploads\/usu436\/2017\/05\/3-Residus-300x300.jpg 300w, https:\/\/agora.xtec.cat\/escolarambletadelclot\/wp-content\/uploads\/usu436\/2017\/05\/3-Residus-768x770.jpg 768w, https:\/\/agora.xtec.cat\/escolarambletadelclot\/wp-content\/uploads\/usu436\/2017\/05\/3-Residus-1022x1024.jpg 1022w\" sizes=\"auto, (max-width: 2982px) 100vw, 2982px\" \/><\/a><\/p>\n<p>Els nens i nenes de tercer hem fet uns tallers molt interessants sobre el tractament de residus.<\/p>\n<p>Aquests tallers ens serveixen com a preparaci\u00f3 per la sortida que farem m\u00e9s endavant a la Planta de Residus de Matar\u00f3.<\/p>\n<p>Hem treballat com separem i classifiquem els residus per reciclar i la import\u00e0ncia de l\u2019aprofitament d\u2019energies alternatives.<\/p>\n<p>Mireu <a href=\"https:\/\/goo.gl\/photos\/Ah3fHJbpWcpg6V6BA\" target=\"_blank\"><strong>AQU\u00cd<\/strong><\/a> les fotos.<\/p>\n","protected":false},"excerpt":{"rendered":"<p>Els nens i nenes de tercer hem fet uns tallers molt interessants sobre el tractament de residus. Aquests tallers ens serveixen com a preparaci\u00f3 per la sortida que farem m\u00e9s endavant a la Planta de Residus de Matar\u00f3. Hem treballat com separem i classifiquem els residus per reciclar i la import\u00e0ncia de l\u2019aprofitament d\u2019energies alternatives. [&hellip;]<\/p>\n","protected":false},"author":1,"featured_media":3661,"comment_status":"open","ping_status":"open","sticky":false,"template":"","format":"standard","meta":{"_bbp_topic_count":0,"_bbp_reply_count":0,"_bbp_total_topic_count":0,"_bbp_total_reply_count":0,"_bbp_voice_count":0,"_bbp_anonymous_reply_count":0,"_bbp_topic_count_hidden":0,"_bbp_reply_count_hidden":0,"_bbp_forum_subforum_count":0,"site-sidebar-layout":"default","site-content-layout":"","ast-site-content-layout":"","site-content-style":"default","site-sidebar-style":"default","ast-global-header-display":"","ast-banner-title-visibility":"","ast-main-header-display":"","ast-hfb-above-header-display":"","ast-hfb-below-header-display":"","ast-hfb-mobile-header-display":"","site-post-title":"","ast-breadcrumbs-content":"","ast-featured-img":"","footer-sml-layout":"","theme-transparent-header-meta":"","adv-header-id-meta":"","stick-header-meta":"","header-above-stick-meta":"","header-main-stick-meta":"","header-below-stick-meta":"","astra-migrate-meta-layouts":"default","ast-page-background-enabled":"default","ast-page-background-meta":{"desktop":{"background-color":"var(--ast-global-color-4)","background-image":"","background-repeat":"repeat","background-position":"center center","background-size":"auto","background-attachment":"scroll","background-type":"","background-media":"","overlay-type":"","overlay-color":"","overlay-opacity":"","overlay-gradient":""},"tablet":{"background-color":"","background-image":"","background-repeat":"repeat","background-position":"center center","background-size":"auto","background-attachment":"scroll","background-type":"","background-media":"","overlay-type":"","overlay-color":"","overlay-opacity":"","overlay-gradient":""},"mobile":{"background-color":"","background-image":"","background-repeat":"repeat","background-position":"center center","background-size":"auto","background-attachment":"scroll","background-type":"","background-media":"","overlay-type":"","overlay-color":"","overlay-opacity":"","overlay-gradient":""}},"ast-content-background-meta":{"desktop":{"background-color":"var(--ast-global-color-5)","background-image":"","background-repeat":"repeat","background-position":"center center","background-size":"auto","background-attachment":"scroll","background-type":"","background-media":"","overlay-type":"","overlay-color":"","overlay-opacity":"","overlay-gradient":""},"tablet":{"background-color":"var(--ast-global-color-5)","background-image":"","background-repeat":"repeat","background-position":"center center","background-size":"auto","background-attachment":"scroll","background-type":"","background-media":"","overlay-type":"","overlay-color":"","overlay-opacity":"","overlay-gradient":""},"mobile":{"background-color":"var(--ast-global-color-5)","background-image":"","background-repeat":"repeat","background-position":"center center","background-size":"auto","background-attachment":"scroll","background-type":"","background-media":"","overlay-type":"","overlay-color":"","overlay-opacity":"","overlay-gradient":""}},"footnotes":""},"categories":[33],"tags":[56,44,77,57],"class_list":["post-3656","post","type-post","status-publish","format-standard","has-post-thumbnail","hentry","category-3r","tag-activitats","tag-ciencia","tag-espirals","tag-cicle-mitja"],"post_mailing_queue_ids":[],"_links":{"self":[{"href":"https:\/\/agora.xtec.cat\/escolarambletadelclot\/wp-json\/wp\/v2\/posts\/3656","targetHints":{"allow":["GET"]}}],"collection":[{"href":"https:\/\/agora.xtec.cat\/escolarambletadelclot\/wp-json\/wp\/v2\/posts"}],"about":[{"href":"https:\/\/agora.xtec.cat\/escolarambletadelclot\/wp-json\/wp\/v2\/types\/post"}],"author":[{"embeddable":true,"href":"https:\/\/agora.xtec.cat\/escolarambletadelclot\/wp-json\/wp\/v2\/users\/1"}],"replies":[{"embeddable":true,"href":"https:\/\/agora.xtec.cat\/escolarambletadelclot\/wp-json\/wp\/v2\/comments?post=3656"}],"version-history":[{"count":3,"href":"https:\/\/agora.xtec.cat\/escolarambletadelclot\/wp-json\/wp\/v2\/posts\/3656\/revisions"}],"predecessor-version":[{"id":3663,"href":"https:\/\/agora.xtec.cat\/escolarambletadelclot\/wp-json\/wp\/v2\/posts\/3656\/revisions\/3663"}],"wp:featuredmedia":[{"embeddable":true,"href":"https:\/\/agora.xtec.cat\/escolarambletadelclot\/wp-json\/wp\/v2\/media\/3661"}],"wp:attachment":[{"href":"https:\/\/agora.xtec.cat\/escolarambletadelclot\/wp-json\/wp\/v2\/media?parent=3656"}],"wp:term":[{"taxonomy":"category","embeddable":true,"href":"https:\/\/agora.xtec.cat\/escolarambletadelclot\/wp-json\/wp\/v2\/categories?post=3656"},{"taxonomy":"post_tag","embeddable":true,"href":"https:\/\/agora.xtec.cat\/escolarambletadelclot\/wp-json\/wp\/v2\/tags?post=3656"}],"curies":[{"name":"wp","href":"https:\/\/api.w.org\/{rel}","templated":true}]}}