{"id":3572,"date":"2017-04-20T11:24:27","date_gmt":"2017-04-20T09:24:27","guid":{"rendered":"http:\/\/agora.xtec.cat\/escolarambletadelclot\/?p=3572"},"modified":"2026-01-15T16:41:20","modified_gmt":"2026-01-15T15:41:20","slug":"sant-jordi-2017-i-jocs-florals","status":"publish","type":"post","link":"https:\/\/agora.xtec.cat\/escolarambletadelclot\/sant-jordi\/sant-jordi-2017-i-jocs-florals\/","title":{"rendered":"Sant Jordi 2017 i Jocs Florals"},"content":{"rendered":"<p><a href=\"http:\/\/agora.xtec.cat\/escolarambletadelclot\/wp-content\/uploads\/usu436\/2017\/04\/jocsflorals-300x300.jpg\"><img loading=\"lazy\" decoding=\"async\" class=\"aligncenter wp-image-3573\" src=\"http:\/\/agora.xtec.cat\/escolarambletadelclot\/wp-content\/uploads\/usu436\/2017\/04\/jocsflorals-300x300.jpg\" alt=\"jocsflorals-300x300\" width=\"366\" height=\"366\" srcset=\"https:\/\/agora.xtec.cat\/escolarambletadelclot\/wp-content\/uploads\/usu436\/2017\/04\/jocsflorals-300x300.jpg 300w, https:\/\/agora.xtec.cat\/escolarambletadelclot\/wp-content\/uploads\/usu436\/2017\/04\/jocsflorals-300x300-150x150.jpg 150w\" sizes=\"auto, (max-width: 366px) 100vw, 366px\" \/><\/a><\/p>\n<p>Encetem el tercer trimestre amb la celebraci\u00f3 de la <strong>diada de Sant Jordi<\/strong> i del <strong>certamen de Jocs Florals<\/strong> d&#8217;enguany, ja portem molts dies fent d&#8217;escriptors i poetes per a poder participar-hi!<\/p>\n<p>A m\u00e9s a m\u00e9s farem altres <strong>activitats culturals<\/strong>, com la <strong>sessi\u00f3 de conta-contes en angl\u00e8s<\/strong> per a tots els nivells a c\u00e0rrec del <strong>British Council<\/strong>, l&#8217;<strong>intercanvi de llibres<\/strong> entre padrins i fillols, una <strong>representaci\u00f3 teatral<\/strong> per part de les fam\u00edlies d&#8217;infantil&#8230; i no oblideu que l&#8217;AFA muntar\u00e0 una <strong>paradeta de llibres<\/strong> al pati el divendres 21 a les 16:30h.<\/p>\n","protected":false},"excerpt":{"rendered":"<p>Encetem el tercer trimestre amb la celebraci\u00f3 de la diada de Sant Jordi i del certamen de Jocs Florals d&#8217;enguany, ja portem molts dies fent d&#8217;escriptors i poetes per a poder participar-hi! A m\u00e9s a m\u00e9s farem altres activitats culturals, com la sessi\u00f3 de conta-contes en angl\u00e8s per a tots els nivells a c\u00e0rrec del [&hellip;]<\/p>\n","protected":false},"author":1,"featured_media":3573,"comment_status":"open","ping_status":"open","sticky":false,"template":"","format":"standard","meta":{"_bbp_topic_count":0,"_bbp_reply_count":0,"_bbp_total_topic_count":0,"_bbp_total_reply_count":0,"_bbp_voice_count":0,"_bbp_anonymous_reply_count":0,"_bbp_topic_count_hidden":0,"_bbp_reply_count_hidden":0,"_bbp_forum_subforum_count":0,"site-sidebar-layout":"default","site-content-layout":"","ast-site-content-layout":"","site-content-style":"default","site-sidebar-style":"default","ast-global-header-display":"","ast-banner-title-visibility":"","ast-main-header-display":"","ast-hfb-above-header-display":"","ast-hfb-below-header-display":"","ast-hfb-mobile-header-display":"","site-post-title":"","ast-breadcrumbs-content":"","ast-featured-img":"","footer-sml-layout":"","theme-transparent-header-meta":"","adv-header-id-meta":"","stick-header-meta":"","header-above-stick-meta":"","header-main-stick-meta":"","header-below-stick-meta":"","astra-migrate-meta-layouts":"default","ast-page-background-enabled":"default","ast-page-background-meta":{"desktop":{"background-color":"var(--ast-global-color-4)","background-image":"","background-repeat":"repeat","background-position":"center center","background-size":"auto","background-attachment":"scroll","background-type":"","background-media":"","overlay-type":"","overlay-color":"","overlay-opacity":"","overlay-gradient":""},"tablet":{"background-color":"","background-image":"","background-repeat":"repeat","background-position":"center center","background-size":"auto","background-attachment":"scroll","background-type":"","background-media":"","overlay-type":"","overlay-color":"","overlay-opacity":"","overlay-gradient":""},"mobile":{"background-color":"","background-image":"","background-repeat":"repeat","background-position":"center center","background-size":"auto","background-attachment":"scroll","background-type":"","background-media":"","overlay-type":"","overlay-color":"","overlay-opacity":"","overlay-gradient":""}},"ast-content-background-meta":{"desktop":{"background-color":"var(--ast-global-color-5)","background-image":"","background-repeat":"repeat","background-position":"center center","background-size":"auto","background-attachment":"scroll","background-type":"","background-media":"","overlay-type":"","overlay-color":"","overlay-opacity":"","overlay-gradient":""},"tablet":{"background-color":"var(--ast-global-color-5)","background-image":"","background-repeat":"repeat","background-position":"center center","background-size":"auto","background-attachment":"scroll","background-type":"","background-media":"","overlay-type":"","overlay-color":"","overlay-opacity":"","overlay-gradient":""},"mobile":{"background-color":"var(--ast-global-color-5)","background-image":"","background-repeat":"repeat","background-position":"center center","background-size":"auto","background-attachment":"scroll","background-type":"","background-media":"","overlay-type":"","overlay-color":"","overlay-opacity":"","overlay-gradient":""}},"footnotes":""},"categories":[46],"tags":[56,42],"class_list":["post-3572","post","type-post","status-publish","format-standard","has-post-thumbnail","hentry","category-sant-jordi","tag-activitats","tag-festes"],"post_mailing_queue_ids":[],"_links":{"self":[{"href":"https:\/\/agora.xtec.cat\/escolarambletadelclot\/wp-json\/wp\/v2\/posts\/3572","targetHints":{"allow":["GET"]}}],"collection":[{"href":"https:\/\/agora.xtec.cat\/escolarambletadelclot\/wp-json\/wp\/v2\/posts"}],"about":[{"href":"https:\/\/agora.xtec.cat\/escolarambletadelclot\/wp-json\/wp\/v2\/types\/post"}],"author":[{"embeddable":true,"href":"https:\/\/agora.xtec.cat\/escolarambletadelclot\/wp-json\/wp\/v2\/users\/1"}],"replies":[{"embeddable":true,"href":"https:\/\/agora.xtec.cat\/escolarambletadelclot\/wp-json\/wp\/v2\/comments?post=3572"}],"version-history":[{"count":3,"href":"https:\/\/agora.xtec.cat\/escolarambletadelclot\/wp-json\/wp\/v2\/posts\/3572\/revisions"}],"predecessor-version":[{"id":3601,"href":"https:\/\/agora.xtec.cat\/escolarambletadelclot\/wp-json\/wp\/v2\/posts\/3572\/revisions\/3601"}],"wp:featuredmedia":[{"embeddable":true,"href":"https:\/\/agora.xtec.cat\/escolarambletadelclot\/wp-json\/wp\/v2\/media\/3573"}],"wp:attachment":[{"href":"https:\/\/agora.xtec.cat\/escolarambletadelclot\/wp-json\/wp\/v2\/media?parent=3572"}],"wp:term":[{"taxonomy":"category","embeddable":true,"href":"https:\/\/agora.xtec.cat\/escolarambletadelclot\/wp-json\/wp\/v2\/categories?post=3572"},{"taxonomy":"post_tag","embeddable":true,"href":"https:\/\/agora.xtec.cat\/escolarambletadelclot\/wp-json\/wp\/v2\/tags?post=3572"}],"curies":[{"name":"wp","href":"https:\/\/api.w.org\/{rel}","templated":true}]}}