{"id":2811,"date":"2018-11-08T10:51:15","date_gmt":"2018-11-08T09:51:15","guid":{"rendered":"http:\/\/agora.xtec.cat\/escolarambletadelclot\/?p=2811"},"modified":"2026-01-15T16:39:05","modified_gmt":"2026-01-15T15:39:05","slug":"eleccions-al-consell-escolar","status":"publish","type":"post","link":"https:\/\/agora.xtec.cat\/escolarambletadelclot\/general\/eleccions-al-consell-escolar\/","title":{"rendered":"Eleccions al Consell Escolar"},"content":{"rendered":"<p><a href=\"http:\/\/agora.xtec.cat\/escolarambletadelclot\/wp-content\/uploads\/usu436\/2016\/11\/mans-amunt.jpg\"><img loading=\"lazy\" decoding=\"async\" class=\"aligncenter wp-image-2813\" src=\"http:\/\/agora.xtec.cat\/escolarambletadelclot\/wp-content\/uploads\/usu436\/2016\/11\/mans-amunt-300x183.jpg\" alt=\"mans-amunt\" width=\"416\" height=\"254\" srcset=\"https:\/\/agora.xtec.cat\/escolarambletadelclot\/wp-content\/uploads\/usu436\/2016\/11\/mans-amunt-300x183.jpg 300w, https:\/\/agora.xtec.cat\/escolarambletadelclot\/wp-content\/uploads\/usu436\/2016\/11\/mans-amunt.jpg 468w\" sizes=\"auto, (max-width: 416px) 100vw, 416px\" \/><\/a><\/p>\n<p>Benvolgudes fam\u00edlies,<\/p>\n<p>En la RESOLUCI\u00d3 ENS\/2232\/2018 d\u20191 d\u2019octubre s\u2019estableix el calendari del proc\u00e9s electoral per renovar els membres dels Consell Escolars dels centres p\u00fablics i privats sostinguts amb fons p\u00fablics.<\/p>\n<p>El proper dimecres, dia <strong><u>7 de novembre<\/u><\/strong> podreu consultar a consergeria el cens electoral provisional del sector de pares i la publicaci\u00f3 del nombre de representants que s\u2019han de renovar. \u00c9s important que comproveu si les vostres dades consten correctament.<\/p>\n<p><strong>El nombre de representants electes del sector pares\/mares al Consell Escolar \u00e9s de 5 persones i <u>en aquesta convocat\u00f2ria cal renovar un membre.<\/u><\/strong><\/p>\n<p><strong><em>Us animem a participar de manera directa com a candidats i de manera indirecta mitjan\u00e7ant el vostre vot. Tots som necessaris per el bon funcionament del centre.<\/em><\/strong><\/p>\n<p>Aquest \u00e9s el calendari amb tot el proc\u00e9s electoral:<\/p>\n<table style=\"height: 682px; width: 351px;\" width=\"351\">\n<tbody>\n<tr>\n<td style=\"width: 345px;\" colspan=\"2\">\n<h6><strong>Calendari electoral<\/strong><\/h6>\n<\/td>\n<\/tr>\n<tr>\n<td style=\"width: 87px;\">\n<h6><strong>7 de novembre<\/strong><\/h6>\n<\/td>\n<td style=\"width: 256px;\">\n<h6><strong>Publicaci\u00f3 del cens electoral provisional de pares i mares.<\/strong><\/h6>\n<\/td>\n<\/tr>\n<tr>\n<td style=\"width: 87px;\">\n<h6><strong>12 de novembre<\/strong><\/h6>\n<\/td>\n<td style=\"width: 256px;\">\n<h6><strong>Termini de presentaci\u00f3 de reclamacions al cens electoral \u00a0fins a les 16,30h.<\/strong><\/h6>\n<\/td>\n<\/tr>\n<tr>\n<td style=\"width: 87px;\">\n<h6><strong>12 de novembre<\/strong><\/h6>\n<\/td>\n<td style=\"width: 256px;\">\n<h6><strong>Sorteig per tal de designar els membres vocals de la mesa, a les 12,30 h a la biblioteca del centre.<\/strong><\/h6>\n<\/td>\n<\/tr>\n<tr>\n<td style=\"width: 87px;\">\n<h6><strong>15 de novembre<\/strong><\/h6>\n<\/td>\n<td style=\"width: 256px;\">\n<h6><strong>Constituci\u00f3 mesa electoral a les 12,30h. Resoluci\u00f3 de les reclamacions i aprovaci\u00f3 del cens definitiu.<\/strong><\/h6>\n<\/td>\n<\/tr>\n<tr>\n<td style=\"width: 87px;\">\n<h6><strong>fins 16 de novembre<\/strong><\/h6>\n<\/td>\n<td style=\"width: 256px;\">\n<h6><strong>Presentaci\u00f3 candidatures a secretaria fins a les 16,30h. Els aspirants cal que portin una fotografia tamany carnet.<\/strong><\/h6>\n<\/td>\n<\/tr>\n<tr>\n<td style=\"width: 87px;\">\n<h6><strong>19 de novembre<\/strong><\/h6>\n<\/td>\n<td style=\"width: 256px;\">\n<h6><strong>Publicaci\u00f3 de candidatures<\/strong><\/h6>\n<\/td>\n<\/tr>\n<tr>\n<td style=\"width: 87px;\">\n<h6><strong>21 de novembre<\/strong><\/h6>\n<\/td>\n<td style=\"width: 256px;\">\n<h6><strong>Publicaci\u00f3 cens definitiu <\/strong><\/h6>\n<\/td>\n<\/tr>\n<tr>\n<td style=\"width: 87px;\">\n<h6><strong>fins 28 de novembre<\/strong><\/h6>\n<\/td>\n<td style=\"width: 256px;\">\n<h6><strong>Els candidats poden donar a con\u00e8ixer les seves propostes.<\/strong><\/h6>\n<\/td>\n<\/tr>\n<tr>\n<td style=\"width: 87px;\">\n<h6><strong>30 de novembre<\/strong><\/h6>\n<\/td>\n<td style=\"width: 256px;\">\n<h6><strong>Eleccions de pares i mares de 14,30 a 17 h a l\u2019entrada de l\u2019escola, C\/ Arag\u00f3<\/strong><\/h6>\n<\/td>\n<\/tr>\n<tr>\n<td style=\"width: 87px;\">\n<h6><strong>4 de desembre<\/strong><\/h6>\n<\/td>\n<td style=\"width: 256px;\">\n<h6><strong>Constituci\u00f3 del Consell Escolar resultant<\/strong><\/h6>\n<\/td>\n<\/tr>\n<\/tbody>\n<\/table>\n<p>Barcelona, 5 de novembre de 2018<\/p>\n<p><a href=\"http:\/\/agora.xtec.cat\/escolarambletadelclot\/wp-content\/uploads\/usu436\/2016\/11\/mans-amunt.jpg\">\u00a0<\/a><\/p>\n","protected":false},"excerpt":{"rendered":"<p>Benvolgudes fam\u00edlies, En la RESOLUCI\u00d3 ENS\/2232\/2018 d\u20191 d\u2019octubre s\u2019estableix el calendari del proc\u00e9s electoral per renovar els membres dels Consell Escolars dels centres p\u00fablics i privats sostinguts amb fons p\u00fablics. El proper dimecres, dia 7 de novembre podreu consultar a consergeria el cens electoral provisional del sector de pares i la publicaci\u00f3 del nombre de [&hellip;]<\/p>\n","protected":false},"author":1,"featured_media":2813,"comment_status":"open","ping_status":"closed","sticky":false,"template":"","format":"standard","meta":{"_bbp_topic_count":0,"_bbp_reply_count":0,"_bbp_total_topic_count":0,"_bbp_total_reply_count":0,"_bbp_voice_count":0,"_bbp_anonymous_reply_count":0,"_bbp_topic_count_hidden":0,"_bbp_reply_count_hidden":0,"_bbp_forum_subforum_count":0,"site-sidebar-layout":"default","site-content-layout":"","ast-site-content-layout":"","site-content-style":"default","site-sidebar-style":"default","ast-global-header-display":"","ast-banner-title-visibility":"","ast-main-header-display":"","ast-hfb-above-header-display":"","ast-hfb-below-header-display":"","ast-hfb-mobile-header-display":"","site-post-title":"","ast-breadcrumbs-content":"","ast-featured-img":"","footer-sml-layout":"","theme-transparent-header-meta":"","adv-header-id-meta":"","stick-header-meta":"","header-above-stick-meta":"","header-main-stick-meta":"","header-below-stick-meta":"","astra-migrate-meta-layouts":"default","ast-page-background-enabled":"default","ast-page-background-meta":{"desktop":{"background-color":"var(--ast-global-color-4)","background-image":"","background-repeat":"repeat","background-position":"center center","background-size":"auto","background-attachment":"scroll","background-type":"","background-media":"","overlay-type":"","overlay-color":"","overlay-opacity":"","overlay-gradient":""},"tablet":{"background-color":"","background-image":"","background-repeat":"repeat","background-position":"center center","background-size":"auto","background-attachment":"scroll","background-type":"","background-media":"","overlay-type":"","overlay-color":"","overlay-opacity":"","overlay-gradient":""},"mobile":{"background-color":"","background-image":"","background-repeat":"repeat","background-position":"center center","background-size":"auto","background-attachment":"scroll","background-type":"","background-media":"","overlay-type":"","overlay-color":"","overlay-opacity":"","overlay-gradient":""}},"ast-content-background-meta":{"desktop":{"background-color":"var(--ast-global-color-5)","background-image":"","background-repeat":"repeat","background-position":"center center","background-size":"auto","background-attachment":"scroll","background-type":"","background-media":"","overlay-type":"","overlay-color":"","overlay-opacity":"","overlay-gradient":""},"tablet":{"background-color":"var(--ast-global-color-5)","background-image":"","background-repeat":"repeat","background-position":"center center","background-size":"auto","background-attachment":"scroll","background-type":"","background-media":"","overlay-type":"","overlay-color":"","overlay-opacity":"","overlay-gradient":""},"mobile":{"background-color":"var(--ast-global-color-5)","background-image":"","background-repeat":"repeat","background-position":"center center","background-size":"auto","background-attachment":"scroll","background-type":"","background-media":"","overlay-type":"","overlay-color":"","overlay-opacity":"","overlay-gradient":""}},"footnotes":""},"categories":[1],"tags":[],"class_list":["post-2811","post","type-post","status-publish","format-standard","has-post-thumbnail","hentry","category-general"],"post_mailing_queue_ids":[],"_links":{"self":[{"href":"https:\/\/agora.xtec.cat\/escolarambletadelclot\/wp-json\/wp\/v2\/posts\/2811","targetHints":{"allow":["GET"]}}],"collection":[{"href":"https:\/\/agora.xtec.cat\/escolarambletadelclot\/wp-json\/wp\/v2\/posts"}],"about":[{"href":"https:\/\/agora.xtec.cat\/escolarambletadelclot\/wp-json\/wp\/v2\/types\/post"}],"author":[{"embeddable":true,"href":"https:\/\/agora.xtec.cat\/escolarambletadelclot\/wp-json\/wp\/v2\/users\/1"}],"replies":[{"embeddable":true,"href":"https:\/\/agora.xtec.cat\/escolarambletadelclot\/wp-json\/wp\/v2\/comments?post=2811"}],"version-history":[{"count":3,"href":"https:\/\/agora.xtec.cat\/escolarambletadelclot\/wp-json\/wp\/v2\/posts\/2811\/revisions"}],"predecessor-version":[{"id":4339,"href":"https:\/\/agora.xtec.cat\/escolarambletadelclot\/wp-json\/wp\/v2\/posts\/2811\/revisions\/4339"}],"wp:featuredmedia":[{"embeddable":true,"href":"https:\/\/agora.xtec.cat\/escolarambletadelclot\/wp-json\/wp\/v2\/media\/2813"}],"wp:attachment":[{"href":"https:\/\/agora.xtec.cat\/escolarambletadelclot\/wp-json\/wp\/v2\/media?parent=2811"}],"wp:term":[{"taxonomy":"category","embeddable":true,"href":"https:\/\/agora.xtec.cat\/escolarambletadelclot\/wp-json\/wp\/v2\/categories?post=2811"},{"taxonomy":"post_tag","embeddable":true,"href":"https:\/\/agora.xtec.cat\/escolarambletadelclot\/wp-json\/wp\/v2\/tags?post=2811"}],"curies":[{"name":"wp","href":"https:\/\/api.w.org\/{rel}","templated":true}]}}