{"id":2770,"date":"2016-10-22T12:22:41","date_gmt":"2016-10-22T10:22:41","guid":{"rendered":"http:\/\/agora.xtec.cat\/escolarambletadelclot\/?p=2770"},"modified":"2016-11-15T17:14:19","modified_gmt":"2016-11-15T16:14:19","slug":"espirals-a-4t","status":"publish","type":"post","link":"https:\/\/agora.xtec.cat\/escolarambletadelclot\/primaria\/cicle-mitja\/espirals-a-4t\/","title":{"rendered":"ESPIRALS a 4t"},"content":{"rendered":"<p><a href=\"http:\/\/agora.xtec.cat\/escolarambletadelclot\/wp-content\/uploads\/usu436\/2016\/10\/ESPIRAL.jpg\"><img loading=\"lazy\" decoding=\"async\" class=\"aligncenter size-medium wp-image-2769\" src=\"http:\/\/agora.xtec.cat\/escolarambletadelclot\/wp-content\/uploads\/usu436\/2016\/10\/ESPIRAL-300x300.jpg\" alt=\"espiral\" width=\"300\" height=\"300\" srcset=\"https:\/\/agora.xtec.cat\/escolarambletadelclot\/wp-content\/uploads\/usu436\/2016\/10\/ESPIRAL-300x300.jpg 300w, https:\/\/agora.xtec.cat\/escolarambletadelclot\/wp-content\/uploads\/usu436\/2016\/10\/ESPIRAL-150x150.jpg 150w, https:\/\/agora.xtec.cat\/escolarambletadelclot\/wp-content\/uploads\/usu436\/2016\/10\/ESPIRAL-768x771.jpg 768w, https:\/\/agora.xtec.cat\/escolarambletadelclot\/wp-content\/uploads\/usu436\/2016\/10\/ESPIRAL-1020x1024.jpg 1020w, https:\/\/agora.xtec.cat\/escolarambletadelclot\/wp-content\/uploads\/usu436\/2016\/10\/ESPIRAL.jpg 1072w\" sizes=\"auto, (max-width: 300px) 100vw, 300px\" \/><\/a><\/p>\n<p>Tamb\u00e9 els alumnes de 4t iniciem el curs amb<strong> moltes novetats<\/strong>.<\/p>\n<p>Per comen\u00e7ar una ESPIRAL sobre <strong>la nutrici\u00f3<\/strong>.<\/p>\n<p>Aqu\u00ed us deixem algunes imatges:<\/p>\n<ul>\n<li><a href=\"https:\/\/photos.google.com\/share\/AF1QipMIiQ8edgQQS6xOiu15-0pvySY0k4UtbN_5MoASDViHmbeccswEmht0131BIBWwPw?key=eUdTcXBsNXhnUTkzNXRpYk1Cd3JsX2dzTm9zb1NB\" target=\"_blank\">Buscant informaci\u00f3<\/a>.<\/li>\n<li><a href=\"https:\/\/goo.gl\/photos\/Vh5aw6pKbJYsQTmb6\" target=\"_blank\">Fent murals<\/a>.<\/li>\n<li><a href=\"https:\/\/goo.gl\/photos\/6Jit6RdL5mvChhvE7\" target=\"_blank\">Visitant Mercabarna (5 al dia)<\/a><\/li>\n<li><a href=\"https:\/\/photos.google.com\/share\/AF1QipPl3iwAWo7kXc6MQngOoCaxbOLM8EZ79G_PdW78HYCJBNjOvKGjSyLJNeKN9kPl8Q?key=R1ZlZ2FZZDNtVlFqX0dEQWdqcVRHSHBmQmJOeS1n\" target=\"_blank\">Dibuixant bodegons<\/a>.<\/li>\n<li><a href=\"https:\/\/goo.gl\/photos\/Ytzr8wBdbmuJ6EYPA\" target=\"_blank\">Fent activitats de Llengua (endevinalles, receptes, men\u00fas, descripcions,&#8230;)<\/a><\/li>\n<li><a href=\"https:\/\/goo.gl\/photos\/Svm8nGP9GGWaYYUTA\" target=\"_blank\">Fent espirals (literalment!)<\/a><\/li>\n<li>&#8230;<\/li>\n<\/ul>\n<p>I com al curs passat:<\/p>\n<ul>\n<li><a href=\"https:\/\/goo.gl\/photos\/XYdDvX2VA5cq2t9TA\" target=\"_blank\">Continuant amb les Matem\u00e0tiques manipulatives.<\/a><\/li>\n<li><a href=\"https:\/\/goo.gl\/photos\/7nFWcmSYvD3v9qBV9\" target=\"_blank\">Fent activitats m\u00e9s din\u00e0miques i actives.<\/a><\/li>\n<\/ul>\n<p>&#8230;i pensant en les <strong>COL\u00d2NIES<\/strong>:<\/p>\n<ul>\n<li><a href=\"https:\/\/goo.gl\/photos\/1mcZgaqCeLSAhLpFA\" target=\"_blank\">Fent una guardiola per estalviar.<\/a><\/li>\n<\/ul>\n<p>I tot partint d&#8217;<strong>una obra d&#8217;art<\/strong>. En aquest cas el quadre:<\/p>\n<p><a href=\"http:\/\/agora.xtec.cat\/escolarambletadelclot\/wp-content\/uploads\/usu436\/2016\/10\/La-cistella-de-pa-Dal\u00ed.jpg\"><img loading=\"lazy\" decoding=\"async\" class=\"aligncenter size-medium wp-image-2784\" src=\"http:\/\/agora.xtec.cat\/escolarambletadelclot\/wp-content\/uploads\/usu436\/2016\/10\/La-cistella-de-pa-Dal\u00ed-300x280.jpg\" alt=\"la-cistella-de-pa-dali\" width=\"300\" height=\"280\" srcset=\"https:\/\/agora.xtec.cat\/escolarambletadelclot\/wp-content\/uploads\/usu436\/2016\/10\/La-cistella-de-pa-Dal\u00ed-300x280.jpg 300w, https:\/\/agora.xtec.cat\/escolarambletadelclot\/wp-content\/uploads\/usu436\/2016\/10\/La-cistella-de-pa-Dal\u00ed-768x716.jpg 768w, https:\/\/agora.xtec.cat\/escolarambletadelclot\/wp-content\/uploads\/usu436\/2016\/10\/La-cistella-de-pa-Dal\u00ed-1024x955.jpg 1024w, https:\/\/agora.xtec.cat\/escolarambletadelclot\/wp-content\/uploads\/usu436\/2016\/10\/La-cistella-de-pa-Dal\u00ed.jpg 1600w\" sizes=\"auto, (max-width: 300px) 100vw, 300px\" \/><\/a><\/p>\n<p style=\"text-align: center;\">&#8220;La cistella de pa&#8221; (Salvador Dal\u00ed)<\/p>\n","protected":false},"excerpt":{"rendered":"<p>Tamb\u00e9 els alumnes de 4t iniciem el curs amb moltes novetats. Per comen\u00e7ar una ESPIRAL sobre la nutrici\u00f3. Aqu\u00ed us deixem algunes imatges: Buscant informaci\u00f3. Fent murals. Visitant Mercabarna (5 al dia) Dibuixant bodegons. Fent activitats de Llengua (endevinalles, receptes, men\u00fas, descripcions,&#8230;) Fent espirals (literalment!) &#8230; I com al curs passat: Continuant amb les Matem\u00e0tiques [&hellip;]<\/p>\n","protected":false},"author":1,"featured_media":0,"comment_status":"open","ping_status":"open","sticky":false,"template":"","format":"standard","meta":{"_bbp_topic_count":0,"_bbp_reply_count":0,"_bbp_total_topic_count":0,"_bbp_total_reply_count":0,"_bbp_voice_count":0,"_bbp_anonymous_reply_count":0,"_bbp_topic_count_hidden":0,"_bbp_reply_count_hidden":0,"_bbp_forum_subforum_count":0,"site-sidebar-layout":"default","site-content-layout":"","ast-site-content-layout":"","site-content-style":"default","site-sidebar-style":"default","ast-global-header-display":"","ast-banner-title-visibility":"","ast-main-header-display":"","ast-hfb-above-header-display":"","ast-hfb-below-header-display":"","ast-hfb-mobile-header-display":"","site-post-title":"","ast-breadcrumbs-content":"","ast-featured-img":"","footer-sml-layout":"","theme-transparent-header-meta":"","adv-header-id-meta":"","stick-header-meta":"","header-above-stick-meta":"","header-main-stick-meta":"","header-below-stick-meta":"","astra-migrate-meta-layouts":"default","ast-page-background-enabled":"default","ast-page-background-meta":{"desktop":{"background-color":"var(--ast-global-color-4)","background-image":"","background-repeat":"repeat","background-position":"center center","background-size":"auto","background-attachment":"scroll","background-type":"","background-media":"","overlay-type":"","overlay-color":"","overlay-opacity":"","overlay-gradient":""},"tablet":{"background-color":"","background-image":"","background-repeat":"repeat","background-position":"center center","background-size":"auto","background-attachment":"scroll","background-type":"","background-media":"","overlay-type":"","overlay-color":"","overlay-opacity":"","overlay-gradient":""},"mobile":{"background-color":"","background-image":"","background-repeat":"repeat","background-position":"center center","background-size":"auto","background-attachment":"scroll","background-type":"","background-media":"","overlay-type":"","overlay-color":"","overlay-opacity":"","overlay-gradient":""}},"ast-content-background-meta":{"desktop":{"background-color":"var(--ast-global-color-5)","background-image":"","background-repeat":"repeat","background-position":"center center","background-size":"auto","background-attachment":"scroll","background-type":"","background-media":"","overlay-type":"","overlay-color":"","overlay-opacity":"","overlay-gradient":""},"tablet":{"background-color":"var(--ast-global-color-5)","background-image":"","background-repeat":"repeat","background-position":"center center","background-size":"auto","background-attachment":"scroll","background-type":"","background-media":"","overlay-type":"","overlay-color":"","overlay-opacity":"","overlay-gradient":""},"mobile":{"background-color":"var(--ast-global-color-5)","background-image":"","background-repeat":"repeat","background-position":"center center","background-size":"auto","background-attachment":"scroll","background-type":"","background-media":"","overlay-type":"","overlay-color":"","overlay-opacity":"","overlay-gradient":""}},"footnotes":""},"categories":[34,28],"tags":[56,77,57,16],"class_list":["post-2770","post","type-post","status-publish","format-standard","hentry","category-4t","category-cicle-mitja","tag-activitats","tag-espirals","tag-cicle-mitja","tag-sortides"],"post_mailing_queue_ids":[],"_links":{"self":[{"href":"https:\/\/agora.xtec.cat\/escolarambletadelclot\/wp-json\/wp\/v2\/posts\/2770","targetHints":{"allow":["GET"]}}],"collection":[{"href":"https:\/\/agora.xtec.cat\/escolarambletadelclot\/wp-json\/wp\/v2\/posts"}],"about":[{"href":"https:\/\/agora.xtec.cat\/escolarambletadelclot\/wp-json\/wp\/v2\/types\/post"}],"author":[{"embeddable":true,"href":"https:\/\/agora.xtec.cat\/escolarambletadelclot\/wp-json\/wp\/v2\/users\/1"}],"replies":[{"embeddable":true,"href":"https:\/\/agora.xtec.cat\/escolarambletadelclot\/wp-json\/wp\/v2\/comments?post=2770"}],"version-history":[{"count":3,"href":"https:\/\/agora.xtec.cat\/escolarambletadelclot\/wp-json\/wp\/v2\/posts\/2770\/revisions"}],"predecessor-version":[{"id":2867,"href":"https:\/\/agora.xtec.cat\/escolarambletadelclot\/wp-json\/wp\/v2\/posts\/2770\/revisions\/2867"}],"wp:attachment":[{"href":"https:\/\/agora.xtec.cat\/escolarambletadelclot\/wp-json\/wp\/v2\/media?parent=2770"}],"wp:term":[{"taxonomy":"category","embeddable":true,"href":"https:\/\/agora.xtec.cat\/escolarambletadelclot\/wp-json\/wp\/v2\/categories?post=2770"},{"taxonomy":"post_tag","embeddable":true,"href":"https:\/\/agora.xtec.cat\/escolarambletadelclot\/wp-json\/wp\/v2\/tags?post=2770"}],"curies":[{"name":"wp","href":"https:\/\/api.w.org\/{rel}","templated":true}]}}