{"id":2758,"date":"2016-09-25T11:08:57","date_gmt":"2016-09-25T10:08:57","guid":{"rendered":"http:\/\/agora.xtec.cat\/escolarambletadelclot\/?p=2758"},"modified":"2026-01-15T16:43:07","modified_gmt":"2026-01-15T15:43:07","slug":"programa-escola-nova-21","status":"publish","type":"post","link":"https:\/\/agora.xtec.cat\/escolarambletadelclot\/general\/programa-escola-nova-21\/","title":{"rendered":"Programa Escola Nova 21"},"content":{"rendered":"<p><a href=\"http:\/\/agora.xtec.cat\/escolarambletadelclot\/wp-content\/uploads\/usu436\/2016\/10\/escolanova_logo.png\"><img loading=\"lazy\" decoding=\"async\" class=\"aligncenter wp-image-2759\" src=\"http:\/\/agora.xtec.cat\/escolarambletadelclot\/wp-content\/uploads\/usu436\/2016\/10\/escolanova_logo-300x102.png\" alt=\"escolanova_logo\" width=\"347\" height=\"118\" srcset=\"https:\/\/agora.xtec.cat\/escolarambletadelclot\/wp-content\/uploads\/usu436\/2016\/10\/escolanova_logo-300x102.png 300w, https:\/\/agora.xtec.cat\/escolarambletadelclot\/wp-content\/uploads\/usu436\/2016\/10\/escolanova_logo.png 346w\" sizes=\"auto, (max-width: 347px) 100vw, 347px\" \/><\/a><\/p>\n<p>L&#8217;escola ha passat ha formar part dels gaireb\u00e9 500 centres seleccionats pel programa &#8220;Escola Nova 21&#8221;, una xarxa de treball conjunt entre escoles, entitats i comunitats educatives inmerses en un proc\u00e9s que ajudi a dibuixar les claus que permetin definir un objectiu conjunt per a un sistema educatiu avan\u00e7at.<\/p>\n<p>L&#8217;objectiu principal \u00e9s millorar l&#8217;educaci\u00f3 a trav\u00e9s de la col\u2022laboraci\u00f3, l\u2019intercanvi i l\u2019aprenentatge mutu.<\/p>\n<p>Podeu trobar m\u00e9s informaci\u00f3 al web: <a href=\"http:\/\/www.escolanova21.cat\" target=\"_blank\">www.escolanova21.cat<\/a><\/p>\n<p>Per a con\u00e8ixer m\u00e9s a fons el programa podeu llegir un <a href=\"http:\/\/www.ara.cat\/data\/tots-els-centres-educatius-adherits-escola-nova-21_0_1659434191.html\" target=\"_blank\">article del diari Ara<\/a> i veure un documental il\u00b7lustratiu del <a href=\"http:\/\/www.ccma.cat\/tv3\/alacarta\/programa\/titol-video\/video\/5620064\/\" target=\"_blank\">programa 30 minuts de TV3.<\/a><\/p>\n","protected":false},"excerpt":{"rendered":"<p>L&#8217;escola ha passat ha formar part dels gaireb\u00e9 500 centres seleccionats pel programa &#8220;Escola Nova 21&#8221;, una xarxa de treball conjunt entre escoles, entitats i comunitats educatives inmerses en un proc\u00e9s que ajudi a dibuixar les claus que permetin definir un objectiu conjunt per a un sistema educatiu avan\u00e7at. L&#8217;objectiu principal \u00e9s millorar l&#8217;educaci\u00f3 a [&hellip;]<\/p>\n","protected":false},"author":1,"featured_media":0,"comment_status":"open","ping_status":"open","sticky":false,"template":"","format":"standard","meta":{"_bbp_topic_count":0,"_bbp_reply_count":0,"_bbp_total_topic_count":0,"_bbp_total_reply_count":0,"_bbp_voice_count":0,"_bbp_anonymous_reply_count":0,"_bbp_topic_count_hidden":0,"_bbp_reply_count_hidden":0,"_bbp_forum_subforum_count":0,"site-sidebar-layout":"default","site-content-layout":"","ast-site-content-layout":"","site-content-style":"default","site-sidebar-style":"default","ast-global-header-display":"","ast-banner-title-visibility":"","ast-main-header-display":"","ast-hfb-above-header-display":"","ast-hfb-below-header-display":"","ast-hfb-mobile-header-display":"","site-post-title":"","ast-breadcrumbs-content":"","ast-featured-img":"","footer-sml-layout":"","theme-transparent-header-meta":"","adv-header-id-meta":"","stick-header-meta":"","header-above-stick-meta":"","header-main-stick-meta":"","header-below-stick-meta":"","astra-migrate-meta-layouts":"default","ast-page-background-enabled":"default","ast-page-background-meta":{"desktop":{"background-color":"var(--ast-global-color-4)","background-image":"","background-repeat":"repeat","background-position":"center center","background-size":"auto","background-attachment":"scroll","background-type":"","background-media":"","overlay-type":"","overlay-color":"","overlay-opacity":"","overlay-gradient":""},"tablet":{"background-color":"","background-image":"","background-repeat":"repeat","background-position":"center center","background-size":"auto","background-attachment":"scroll","background-type":"","background-media":"","overlay-type":"","overlay-color":"","overlay-opacity":"","overlay-gradient":""},"mobile":{"background-color":"","background-image":"","background-repeat":"repeat","background-position":"center center","background-size":"auto","background-attachment":"scroll","background-type":"","background-media":"","overlay-type":"","overlay-color":"","overlay-opacity":"","overlay-gradient":""}},"ast-content-background-meta":{"desktop":{"background-color":"var(--ast-global-color-5)","background-image":"","background-repeat":"repeat","background-position":"center center","background-size":"auto","background-attachment":"scroll","background-type":"","background-media":"","overlay-type":"","overlay-color":"","overlay-opacity":"","overlay-gradient":""},"tablet":{"background-color":"var(--ast-global-color-5)","background-image":"","background-repeat":"repeat","background-position":"center center","background-size":"auto","background-attachment":"scroll","background-type":"","background-media":"","overlay-type":"","overlay-color":"","overlay-opacity":"","overlay-gradient":""},"mobile":{"background-color":"var(--ast-global-color-5)","background-image":"","background-repeat":"repeat","background-position":"center center","background-size":"auto","background-attachment":"scroll","background-type":"","background-media":"","overlay-type":"","overlay-color":"","overlay-opacity":"","overlay-gradient":""}},"footnotes":""},"categories":[1],"tags":[],"class_list":["post-2758","post","type-post","status-publish","format-standard","hentry","category-general"],"post_mailing_queue_ids":[],"_links":{"self":[{"href":"https:\/\/agora.xtec.cat\/escolarambletadelclot\/wp-json\/wp\/v2\/posts\/2758","targetHints":{"allow":["GET"]}}],"collection":[{"href":"https:\/\/agora.xtec.cat\/escolarambletadelclot\/wp-json\/wp\/v2\/posts"}],"about":[{"href":"https:\/\/agora.xtec.cat\/escolarambletadelclot\/wp-json\/wp\/v2\/types\/post"}],"author":[{"embeddable":true,"href":"https:\/\/agora.xtec.cat\/escolarambletadelclot\/wp-json\/wp\/v2\/users\/1"}],"replies":[{"embeddable":true,"href":"https:\/\/agora.xtec.cat\/escolarambletadelclot\/wp-json\/wp\/v2\/comments?post=2758"}],"version-history":[{"count":2,"href":"https:\/\/agora.xtec.cat\/escolarambletadelclot\/wp-json\/wp\/v2\/posts\/2758\/revisions"}],"predecessor-version":[{"id":2761,"href":"https:\/\/agora.xtec.cat\/escolarambletadelclot\/wp-json\/wp\/v2\/posts\/2758\/revisions\/2761"}],"wp:attachment":[{"href":"https:\/\/agora.xtec.cat\/escolarambletadelclot\/wp-json\/wp\/v2\/media?parent=2758"}],"wp:term":[{"taxonomy":"category","embeddable":true,"href":"https:\/\/agora.xtec.cat\/escolarambletadelclot\/wp-json\/wp\/v2\/categories?post=2758"},{"taxonomy":"post_tag","embeddable":true,"href":"https:\/\/agora.xtec.cat\/escolarambletadelclot\/wp-json\/wp\/v2\/tags?post=2758"}],"curies":[{"name":"wp","href":"https:\/\/api.w.org\/{rel}","templated":true}]}}