{"id":2331,"date":"2016-01-25T13:24:33","date_gmt":"2016-01-25T12:24:33","guid":{"rendered":"http:\/\/agora.xtec.cat\/escolarambletadelclot\/?p=2331"},"modified":"2026-01-15T16:45:46","modified_gmt":"2026-01-15T15:45:46","slug":"la-naia-es-la-nostra-nova-auxiliar-de-conversa","status":"publish","type":"post","link":"https:\/\/agora.xtec.cat\/escolarambletadelclot\/infantil\/la-naia-es-la-nostra-nova-auxiliar-de-conversa\/","title":{"rendered":"La Naia \u00e9s la nostra nova auxiliar de conversa"},"content":{"rendered":"<p style=\"text-align: left;\">Ja fa un temps que comptem amb l&#8217;ajuda d&#8217;una nova auxiliar de conversa: la Naia.\u00a0En\u00a0Guy era d&#8217;Anglaterra i la Morgan dels Estats Units i la nostra nova auxiliar ve d&#8217;una petita illa mediterr\u00e0nia que es troba tot just al sud d&#8217;It\u00e0lia: Malta. A Malta l&#8217;angl\u00e8s \u00e9s llengua oficial i amb la Naia hem de fer el mateix esfor\u00e7 que f\u00e8iem amb en Guy i la Morgan, ja que si no li parlem en angl\u00e8s no ens ent\u00e8n \ud83d\ude42<\/p>\n<p><img loading=\"lazy\" decoding=\"async\" class=\" wp-image-2332  alignleft\" src=\"http:\/\/agora.xtec.cat\/escolarambletadelclot\/wp-content\/uploads\/usu436\/2016\/03\/IMG_3114-1024x768.jpg\" alt=\"IMG_3114\" width=\"559\" height=\"419\" srcset=\"https:\/\/agora.xtec.cat\/escolarambletadelclot\/wp-content\/uploads\/usu436\/2016\/03\/IMG_3114-1024x768.jpg 1024w, https:\/\/agora.xtec.cat\/escolarambletadelclot\/wp-content\/uploads\/usu436\/2016\/03\/IMG_3114-300x225.jpg 300w, https:\/\/agora.xtec.cat\/escolarambletadelclot\/wp-content\/uploads\/usu436\/2016\/03\/IMG_3114-200x150.jpg 200w, https:\/\/agora.xtec.cat\/escolarambletadelclot\/wp-content\/uploads\/usu436\/2016\/03\/IMG_3114.jpg 1632w\" sizes=\"auto, (max-width: 559px) 100vw, 559px\" \/><\/p>\n","protected":false},"excerpt":{"rendered":"<p>Ja fa un temps que comptem amb l&#8217;ajuda d&#8217;una nova auxiliar de conversa: la Naia.\u00a0En\u00a0Guy era d&#8217;Anglaterra i la Morgan dels Estats Units i la nostra nova auxiliar ve d&#8217;una petita illa mediterr\u00e0nia que es troba tot just al sud d&#8217;It\u00e0lia: Malta. A Malta l&#8217;angl\u00e8s \u00e9s llengua oficial i amb la Naia hem de fer [&hellip;]<\/p>\n","protected":false},"author":1,"featured_media":2332,"comment_status":"open","ping_status":"open","sticky":false,"template":"","format":"standard","meta":{"_bbp_topic_count":0,"_bbp_reply_count":0,"_bbp_total_topic_count":0,"_bbp_total_reply_count":0,"_bbp_voice_count":0,"_bbp_anonymous_reply_count":0,"_bbp_topic_count_hidden":0,"_bbp_reply_count_hidden":0,"_bbp_forum_subforum_count":0,"site-sidebar-layout":"default","site-content-layout":"","ast-site-content-layout":"","site-content-style":"default","site-sidebar-style":"default","ast-global-header-display":"","ast-banner-title-visibility":"","ast-main-header-display":"","ast-hfb-above-header-display":"","ast-hfb-below-header-display":"","ast-hfb-mobile-header-display":"","site-post-title":"","ast-breadcrumbs-content":"","ast-featured-img":"","footer-sml-layout":"","theme-transparent-header-meta":"","adv-header-id-meta":"","stick-header-meta":"","header-above-stick-meta":"","header-main-stick-meta":"","header-below-stick-meta":"","astra-migrate-meta-layouts":"default","ast-page-background-enabled":"default","ast-page-background-meta":{"desktop":{"background-color":"var(--ast-global-color-4)","background-image":"","background-repeat":"repeat","background-position":"center center","background-size":"auto","background-attachment":"scroll","background-type":"","background-media":"","overlay-type":"","overlay-color":"","overlay-opacity":"","overlay-gradient":""},"tablet":{"background-color":"","background-image":"","background-repeat":"repeat","background-position":"center center","background-size":"auto","background-attachment":"scroll","background-type":"","background-media":"","overlay-type":"","overlay-color":"","overlay-opacity":"","overlay-gradient":""},"mobile":{"background-color":"","background-image":"","background-repeat":"repeat","background-position":"center center","background-size":"auto","background-attachment":"scroll","background-type":"","background-media":"","overlay-type":"","overlay-color":"","overlay-opacity":"","overlay-gradient":""}},"ast-content-background-meta":{"desktop":{"background-color":"var(--ast-global-color-5)","background-image":"","background-repeat":"repeat","background-position":"center center","background-size":"auto","background-attachment":"scroll","background-type":"","background-media":"","overlay-type":"","overlay-color":"","overlay-opacity":"","overlay-gradient":""},"tablet":{"background-color":"var(--ast-global-color-5)","background-image":"","background-repeat":"repeat","background-position":"center center","background-size":"auto","background-attachment":"scroll","background-type":"","background-media":"","overlay-type":"","overlay-color":"","overlay-opacity":"","overlay-gradient":""},"mobile":{"background-color":"var(--ast-global-color-5)","background-image":"","background-repeat":"repeat","background-position":"center center","background-size":"auto","background-attachment":"scroll","background-type":"","background-media":"","overlay-type":"","overlay-color":"","overlay-opacity":"","overlay-gradient":""}},"footnotes":""},"categories":[30,37,33,34,35,36,29,8,9,2,28,27,5],"tags":[31],"class_list":["post-2331","post","type-post","status-publish","format-standard","has-post-thumbnail","hentry","category-1r","category-2n","category-3r","category-4t","category-5e","category-6e","category-cicle-superior","category-p4","category-p5","category-infantil","category-cicle-mitja","category-cicle-inicial","category-primaria","tag-angles"],"post_mailing_queue_ids":[],"_links":{"self":[{"href":"https:\/\/agora.xtec.cat\/escolarambletadelclot\/wp-json\/wp\/v2\/posts\/2331","targetHints":{"allow":["GET"]}}],"collection":[{"href":"https:\/\/agora.xtec.cat\/escolarambletadelclot\/wp-json\/wp\/v2\/posts"}],"about":[{"href":"https:\/\/agora.xtec.cat\/escolarambletadelclot\/wp-json\/wp\/v2\/types\/post"}],"author":[{"embeddable":true,"href":"https:\/\/agora.xtec.cat\/escolarambletadelclot\/wp-json\/wp\/v2\/users\/1"}],"replies":[{"embeddable":true,"href":"https:\/\/agora.xtec.cat\/escolarambletadelclot\/wp-json\/wp\/v2\/comments?post=2331"}],"version-history":[{"count":3,"href":"https:\/\/agora.xtec.cat\/escolarambletadelclot\/wp-json\/wp\/v2\/posts\/2331\/revisions"}],"predecessor-version":[{"id":2335,"href":"https:\/\/agora.xtec.cat\/escolarambletadelclot\/wp-json\/wp\/v2\/posts\/2331\/revisions\/2335"}],"wp:featuredmedia":[{"embeddable":true,"href":"https:\/\/agora.xtec.cat\/escolarambletadelclot\/wp-json\/wp\/v2\/media\/2332"}],"wp:attachment":[{"href":"https:\/\/agora.xtec.cat\/escolarambletadelclot\/wp-json\/wp\/v2\/media?parent=2331"}],"wp:term":[{"taxonomy":"category","embeddable":true,"href":"https:\/\/agora.xtec.cat\/escolarambletadelclot\/wp-json\/wp\/v2\/categories?post=2331"},{"taxonomy":"post_tag","embeddable":true,"href":"https:\/\/agora.xtec.cat\/escolarambletadelclot\/wp-json\/wp\/v2\/tags?post=2331"}],"curies":[{"name":"wp","href":"https:\/\/api.w.org\/{rel}","templated":true}]}}