{"id":2148,"date":"2016-01-10T19:38:06","date_gmt":"2016-01-10T18:38:06","guid":{"rendered":"http:\/\/agora.xtec.cat\/escolarambletadelclot\/?p=2148"},"modified":"2016-01-10T19:38:06","modified_gmt":"2016-01-10T18:38:06","slug":"lhort-al-final-de-trimestre","status":"publish","type":"post","link":"https:\/\/agora.xtec.cat\/escolarambletadelclot\/hort\/lhort-al-final-de-trimestre\/","title":{"rendered":"L&#8217;hort al final de trimestre"},"content":{"rendered":"<p><strong>Quin goig, l\u2019hort:<\/strong><br \/>\nHeu vist quin canvi?<br \/>\nFa goig de mirar! Tot va creixent la mar de b\u00e9: les faves, enciams i escaroles, cebes, p\u00e8sols, bledes, raves, pastanagues, porros i fins i tot els alls, creixen ben espigats al costat dels p\u00e8sols. Que b\u00e9!<\/p>\n<p><strong>Jardinera:<\/strong><br \/>\nRecordeu que maca va quedar la jardinera amb les plantes arom\u00e0tiques? Ara ja t\u00e9 la tanca protectora. Visca! Aix\u00ed creixeran molt b\u00e9 totes les plantes.<\/p>\n<p><strong>Floretes:<\/strong><br \/>\nAvui hem comen\u00e7at a arreglar les jardineres dels arbres. Quina feinada! La terra estava tant dura! Sort dels avis, que en saben molt!<br \/>\nUn cop l\u2019hem remenat b\u00e9 hi hem afegit terra bona i al voltant de dos arbres hi hem plantat flors molt boniques. A un tercer arbre hi hem plantat llavors de gespa. Ja veurem si creix b\u00e9.<br \/>\nEncara ens queda feina per fer. Cal molta terra i m\u00e9s floretes par acabar de fer-ho b\u00e9.<br \/>\nI esperem que hagin crescut, quan tornem al gener. Aix\u00ed tindrem un pati que ser\u00e0 molt bonic!<\/p>\n<p><iframe loading=\"lazy\" width=\"420\" height=\"315\" src=\"https:\/\/www.youtube.com\/embed\/zqf-8_1W4Rs\" frameborder=\"0\" allowfullscreen><\/iframe><\/p>\n","protected":false},"excerpt":{"rendered":"<p>Quin goig, l\u2019hort: Heu vist quin canvi? Fa goig de mirar! Tot va creixent la mar de b\u00e9: les faves, enciams i escaroles, cebes, p\u00e8sols, bledes, raves, pastanagues, porros i fins i tot els alls, creixen ben espigats al costat dels p\u00e8sols. Que b\u00e9! Jardinera: Recordeu que maca va quedar la jardinera amb les plantes [&hellip;]<\/p>\n","protected":false},"author":1,"featured_media":0,"comment_status":"open","ping_status":"open","sticky":false,"template":"","format":"standard","meta":{"_bbp_topic_count":0,"_bbp_reply_count":0,"_bbp_total_topic_count":0,"_bbp_total_reply_count":0,"_bbp_voice_count":0,"_bbp_anonymous_reply_count":0,"_bbp_topic_count_hidden":0,"_bbp_reply_count_hidden":0,"_bbp_forum_subforum_count":0,"site-sidebar-layout":"default","site-content-layout":"","ast-site-content-layout":"","site-content-style":"default","site-sidebar-style":"default","ast-global-header-display":"","ast-banner-title-visibility":"","ast-main-header-display":"","ast-hfb-above-header-display":"","ast-hfb-below-header-display":"","ast-hfb-mobile-header-display":"","site-post-title":"","ast-breadcrumbs-content":"","ast-featured-img":"","footer-sml-layout":"","theme-transparent-header-meta":"","adv-header-id-meta":"","stick-header-meta":"","header-above-stick-meta":"","header-main-stick-meta":"","header-below-stick-meta":"","astra-migrate-meta-layouts":"default","ast-page-background-enabled":"default","ast-page-background-meta":{"desktop":{"background-color":"var(--ast-global-color-4)","background-image":"","background-repeat":"repeat","background-position":"center center","background-size":"auto","background-attachment":"scroll","background-type":"","background-media":"","overlay-type":"","overlay-color":"","overlay-opacity":"","overlay-gradient":""},"tablet":{"background-color":"","background-image":"","background-repeat":"repeat","background-position":"center center","background-size":"auto","background-attachment":"scroll","background-type":"","background-media":"","overlay-type":"","overlay-color":"","overlay-opacity":"","overlay-gradient":""},"mobile":{"background-color":"","background-image":"","background-repeat":"repeat","background-position":"center center","background-size":"auto","background-attachment":"scroll","background-type":"","background-media":"","overlay-type":"","overlay-color":"","overlay-opacity":"","overlay-gradient":""}},"ast-content-background-meta":{"desktop":{"background-color":"var(--ast-global-color-5)","background-image":"","background-repeat":"repeat","background-position":"center center","background-size":"auto","background-attachment":"scroll","background-type":"","background-media":"","overlay-type":"","overlay-color":"","overlay-opacity":"","overlay-gradient":""},"tablet":{"background-color":"var(--ast-global-color-5)","background-image":"","background-repeat":"repeat","background-position":"center center","background-size":"auto","background-attachment":"scroll","background-type":"","background-media":"","overlay-type":"","overlay-color":"","overlay-opacity":"","overlay-gradient":""},"mobile":{"background-color":"var(--ast-global-color-5)","background-image":"","background-repeat":"repeat","background-position":"center center","background-size":"auto","background-attachment":"scroll","background-type":"","background-media":"","overlay-type":"","overlay-color":"","overlay-opacity":"","overlay-gradient":""}},"footnotes":""},"categories":[23],"tags":[],"class_list":["post-2148","post","type-post","status-publish","format-standard","hentry","category-hort"],"post_mailing_queue_ids":[],"_links":{"self":[{"href":"https:\/\/agora.xtec.cat\/escolarambletadelclot\/wp-json\/wp\/v2\/posts\/2148","targetHints":{"allow":["GET"]}}],"collection":[{"href":"https:\/\/agora.xtec.cat\/escolarambletadelclot\/wp-json\/wp\/v2\/posts"}],"about":[{"href":"https:\/\/agora.xtec.cat\/escolarambletadelclot\/wp-json\/wp\/v2\/types\/post"}],"author":[{"embeddable":true,"href":"https:\/\/agora.xtec.cat\/escolarambletadelclot\/wp-json\/wp\/v2\/users\/1"}],"replies":[{"embeddable":true,"href":"https:\/\/agora.xtec.cat\/escolarambletadelclot\/wp-json\/wp\/v2\/comments?post=2148"}],"version-history":[{"count":1,"href":"https:\/\/agora.xtec.cat\/escolarambletadelclot\/wp-json\/wp\/v2\/posts\/2148\/revisions"}],"predecessor-version":[{"id":2149,"href":"https:\/\/agora.xtec.cat\/escolarambletadelclot\/wp-json\/wp\/v2\/posts\/2148\/revisions\/2149"}],"wp:attachment":[{"href":"https:\/\/agora.xtec.cat\/escolarambletadelclot\/wp-json\/wp\/v2\/media?parent=2148"}],"wp:term":[{"taxonomy":"category","embeddable":true,"href":"https:\/\/agora.xtec.cat\/escolarambletadelclot\/wp-json\/wp\/v2\/categories?post=2148"},{"taxonomy":"post_tag","embeddable":true,"href":"https:\/\/agora.xtec.cat\/escolarambletadelclot\/wp-json\/wp\/v2\/tags?post=2148"}],"curies":[{"name":"wp","href":"https:\/\/api.w.org\/{rel}","templated":true}]}}