{"id":2137,"date":"2016-01-10T19:33:23","date_gmt":"2016-01-10T18:33:23","guid":{"rendered":"http:\/\/agora.xtec.cat\/escolarambletadelclot\/?p=2137"},"modified":"2017-01-11T13:32:53","modified_gmt":"2017-01-11T12:32:53","slug":"7na-sessio","status":"publish","type":"post","link":"https:\/\/agora.xtec.cat\/escolarambletadelclot\/hort\/7na-sessio\/","title":{"rendered":"7na sessi\u00f3"},"content":{"rendered":"<p><strong>Recuperem l\u2019hort:<\/strong><br \/>\nDe mica en mica sembla que tornem a la normalitat. Tornem a treballar la terra, replantem  p\u00e8sols, cols i escaroles (les protegim dels ocells). Tamb\u00e9 plantem porros i enciams.<br \/>\nPlanter:<br \/>\nEl planter de p\u00e8sols  va molt b\u00e9 i tamb\u00e9 comencen a germinar les escaroles i l\u2019api.<\/p>\n<p><strong>Collita de raves i bledes:<\/strong><br \/>\nAvui hem agafat unes quantes fulles de bledes i les hem portat a la cuina de l\u2019escola. Tamb\u00e9 hem agafat raves. Alguns ens els hem endut a casa. Que contents!<br \/>\nMireu quin goig!<\/p>\n<p><strong>Sembra de faves:<\/strong><br \/>\nHem arreglat una mica la sembra de faves de la setmana passada, ara fa m\u00e9s goig i algunes germinen.  Els avis ens han portat faves de planter i tamb\u00e9 les hem trasplantat a l\u2019hort.<\/p>\n<p><strong>Jardinera:<\/strong><br \/>\nA m\u00e9s de l\u2019hort, volem tenir cura de les plantes del pati. Hem recuperat una jardinera posant-hi moltes plantes arom\u00e0tiques: menta, farigola, esp\u00edgol, orenga&#8230; i unes margarides.<br \/>\nAviat ho posarem una protecci\u00f3 perqu\u00e8 a l\u2019hora del pati ning\u00fa les trepitgi!.<\/p>\n<p><iframe loading=\"lazy\" width=\"420\" height=\"315\" src=\"https:\/\/www.youtube.com\/embed\/tf-DLsGGckU\" frameborder=\"0\" allowfullscreen><\/iframe><\/p>\n","protected":false},"excerpt":{"rendered":"<p>Recuperem l\u2019hort: De mica en mica sembla que tornem a la normalitat. Tornem a treballar la terra, replantem p\u00e8sols, cols i escaroles (les protegim dels ocells). Tamb\u00e9 plantem porros i enciams. Planter: El planter de p\u00e8sols va molt b\u00e9 i tamb\u00e9 comencen a germinar les escaroles i l\u2019api. Collita de raves i bledes: Avui hem [&hellip;]<\/p>\n","protected":false},"author":1,"featured_media":0,"comment_status":"open","ping_status":"open","sticky":false,"template":"","format":"standard","meta":{"_bbp_topic_count":0,"_bbp_reply_count":0,"_bbp_total_topic_count":0,"_bbp_total_reply_count":0,"_bbp_voice_count":0,"_bbp_anonymous_reply_count":0,"_bbp_topic_count_hidden":0,"_bbp_reply_count_hidden":0,"_bbp_forum_subforum_count":0,"site-sidebar-layout":"default","site-content-layout":"","ast-site-content-layout":"","site-content-style":"default","site-sidebar-style":"default","ast-global-header-display":"","ast-banner-title-visibility":"","ast-main-header-display":"","ast-hfb-above-header-display":"","ast-hfb-below-header-display":"","ast-hfb-mobile-header-display":"","site-post-title":"","ast-breadcrumbs-content":"","ast-featured-img":"","footer-sml-layout":"","theme-transparent-header-meta":"","adv-header-id-meta":"","stick-header-meta":"","header-above-stick-meta":"","header-main-stick-meta":"","header-below-stick-meta":"","astra-migrate-meta-layouts":"default","ast-page-background-enabled":"default","ast-page-background-meta":{"desktop":{"background-color":"var(--ast-global-color-4)","background-image":"","background-repeat":"repeat","background-position":"center center","background-size":"auto","background-attachment":"scroll","background-type":"","background-media":"","overlay-type":"","overlay-color":"","overlay-opacity":"","overlay-gradient":""},"tablet":{"background-color":"","background-image":"","background-repeat":"repeat","background-position":"center center","background-size":"auto","background-attachment":"scroll","background-type":"","background-media":"","overlay-type":"","overlay-color":"","overlay-opacity":"","overlay-gradient":""},"mobile":{"background-color":"","background-image":"","background-repeat":"repeat","background-position":"center center","background-size":"auto","background-attachment":"scroll","background-type":"","background-media":"","overlay-type":"","overlay-color":"","overlay-opacity":"","overlay-gradient":""}},"ast-content-background-meta":{"desktop":{"background-color":"var(--ast-global-color-5)","background-image":"","background-repeat":"repeat","background-position":"center center","background-size":"auto","background-attachment":"scroll","background-type":"","background-media":"","overlay-type":"","overlay-color":"","overlay-opacity":"","overlay-gradient":""},"tablet":{"background-color":"var(--ast-global-color-5)","background-image":"","background-repeat":"repeat","background-position":"center center","background-size":"auto","background-attachment":"scroll","background-type":"","background-media":"","overlay-type":"","overlay-color":"","overlay-opacity":"","overlay-gradient":""},"mobile":{"background-color":"var(--ast-global-color-5)","background-image":"","background-repeat":"repeat","background-position":"center center","background-size":"auto","background-attachment":"scroll","background-type":"","background-media":"","overlay-type":"","overlay-color":"","overlay-opacity":"","overlay-gradient":""}},"footnotes":""},"categories":[33,23],"tags":[79],"class_list":["post-2137","post","type-post","status-publish","format-standard","hentry","category-3r","category-hort","tag-hort"],"post_mailing_queue_ids":[],"_links":{"self":[{"href":"https:\/\/agora.xtec.cat\/escolarambletadelclot\/wp-json\/wp\/v2\/posts\/2137","targetHints":{"allow":["GET"]}}],"collection":[{"href":"https:\/\/agora.xtec.cat\/escolarambletadelclot\/wp-json\/wp\/v2\/posts"}],"about":[{"href":"https:\/\/agora.xtec.cat\/escolarambletadelclot\/wp-json\/wp\/v2\/types\/post"}],"author":[{"embeddable":true,"href":"https:\/\/agora.xtec.cat\/escolarambletadelclot\/wp-json\/wp\/v2\/users\/1"}],"replies":[{"embeddable":true,"href":"https:\/\/agora.xtec.cat\/escolarambletadelclot\/wp-json\/wp\/v2\/comments?post=2137"}],"version-history":[{"count":1,"href":"https:\/\/agora.xtec.cat\/escolarambletadelclot\/wp-json\/wp\/v2\/posts\/2137\/revisions"}],"predecessor-version":[{"id":2147,"href":"https:\/\/agora.xtec.cat\/escolarambletadelclot\/wp-json\/wp\/v2\/posts\/2137\/revisions\/2147"}],"wp:attachment":[{"href":"https:\/\/agora.xtec.cat\/escolarambletadelclot\/wp-json\/wp\/v2\/media?parent=2137"}],"wp:term":[{"taxonomy":"category","embeddable":true,"href":"https:\/\/agora.xtec.cat\/escolarambletadelclot\/wp-json\/wp\/v2\/categories?post=2137"},{"taxonomy":"post_tag","embeddable":true,"href":"https:\/\/agora.xtec.cat\/escolarambletadelclot\/wp-json\/wp\/v2\/tags?post=2137"}],"curies":[{"name":"wp","href":"https:\/\/api.w.org\/{rel}","templated":true}]}}