{"id":1568,"date":"2015-05-28T19:22:09","date_gmt":"2015-05-28T18:22:09","guid":{"rendered":"http:\/\/agora.xtec.cat\/escolarambletadelclot\/?p=1568"},"modified":"2015-05-29T12:21:20","modified_gmt":"2015-05-29T11:21:20","slug":"sortida-al-picnic-el-pol-darbucies","status":"publish","type":"post","link":"https:\/\/agora.xtec.cat\/escolarambletadelclot\/primaria\/cicle-mitja\/sortida-al-picnic-el-pol-darbucies\/","title":{"rendered":"SORTIDA AL PICNIC &#8220;EL POL&#8221; D&#8217;ARB\u00daCIES"},"content":{"rendered":"<p>Com que arriba el final de curs tots els nens del Cicle Mitj\u00e0 hem fet la tradicional sortida l\u00fadica i de conviv\u00e8ncia al picnic &#8220;El Pol&#8221; d&#8217;Arb\u00facies (<a title=\"Picnic &quot;El Pol&quot;\" href=\"http:\/\/www.elpol.cat\/web\/\" target=\"_blank\">http:\/\/www.elpol.cat\/web\/<\/a>)<\/p>\n<p>All\u00e0 hem pogut compartir el dia refrescant-nos al riu, fent descobertes pel bosc, estudiant insectes i plantes, jugant,&#8230;<\/p>\n<p><a title=\"Picnic EL POL d'Arb\u00facies\" href=\"https:\/\/plus.google.com\/photos\/106808931189868099614\/albums\/6153981865052168017?banner=pwa\" target=\"_blank\"><img loading=\"lazy\" decoding=\"async\" class=\"aligncenter wp-image-1567\" src=\"http:\/\/agora.xtec.cat\/escolarambletadelclot\/wp-content\/uploads\/usu436\/2015\/05\/Riera-300x300.jpg\" alt=\"Riera\" width=\"800\" height=\"800\" srcset=\"https:\/\/agora.xtec.cat\/escolarambletadelclot\/wp-content\/uploads\/usu436\/2015\/05\/Riera-300x300.jpg 300w, https:\/\/agora.xtec.cat\/escolarambletadelclot\/wp-content\/uploads\/usu436\/2015\/05\/Riera-150x150.jpg 150w, https:\/\/agora.xtec.cat\/escolarambletadelclot\/wp-content\/uploads\/usu436\/2015\/05\/Riera-1024x1024.jpg 1024w, https:\/\/agora.xtec.cat\/escolarambletadelclot\/wp-content\/uploads\/usu436\/2015\/05\/Riera.jpg 1755w\" sizes=\"auto, (max-width: 800px) 100vw, 800px\" \/><\/a><\/p>\n<p>Per veure les fotos cliqueu a sobre de la imatge.<\/p>\n","protected":false},"excerpt":{"rendered":"<p>Com que arriba el final de curs tots els nens del Cicle Mitj\u00e0 hem fet la tradicional sortida l\u00fadica i de conviv\u00e8ncia al picnic &#8220;El Pol&#8221; d&#8217;Arb\u00facies (http:\/\/www.elpol.cat\/web\/) All\u00e0 hem pogut compartir el dia refrescant-nos al riu, fent descobertes pel bosc, estudiant insectes i plantes, jugant,&#8230; Per veure les fotos cliqueu a sobre de la [&hellip;]<\/p>\n","protected":false},"author":1,"featured_media":0,"comment_status":"open","ping_status":"open","sticky":false,"template":"","format":"standard","meta":{"_bbp_topic_count":0,"_bbp_reply_count":0,"_bbp_total_topic_count":0,"_bbp_total_reply_count":0,"_bbp_voice_count":0,"_bbp_anonymous_reply_count":0,"_bbp_topic_count_hidden":0,"_bbp_reply_count_hidden":0,"_bbp_forum_subforum_count":0,"site-sidebar-layout":"default","site-content-layout":"","ast-site-content-layout":"","site-content-style":"default","site-sidebar-style":"default","ast-global-header-display":"","ast-banner-title-visibility":"","ast-main-header-display":"","ast-hfb-above-header-display":"","ast-hfb-below-header-display":"","ast-hfb-mobile-header-display":"","site-post-title":"","ast-breadcrumbs-content":"","ast-featured-img":"","footer-sml-layout":"","theme-transparent-header-meta":"","adv-header-id-meta":"","stick-header-meta":"","header-above-stick-meta":"","header-main-stick-meta":"","header-below-stick-meta":"","astra-migrate-meta-layouts":"default","ast-page-background-enabled":"default","ast-page-background-meta":{"desktop":{"background-color":"var(--ast-global-color-4)","background-image":"","background-repeat":"repeat","background-position":"center center","background-size":"auto","background-attachment":"scroll","background-type":"","background-media":"","overlay-type":"","overlay-color":"","overlay-opacity":"","overlay-gradient":""},"tablet":{"background-color":"","background-image":"","background-repeat":"repeat","background-position":"center center","background-size":"auto","background-attachment":"scroll","background-type":"","background-media":"","overlay-type":"","overlay-color":"","overlay-opacity":"","overlay-gradient":""},"mobile":{"background-color":"","background-image":"","background-repeat":"repeat","background-position":"center center","background-size":"auto","background-attachment":"scroll","background-type":"","background-media":"","overlay-type":"","overlay-color":"","overlay-opacity":"","overlay-gradient":""}},"ast-content-background-meta":{"desktop":{"background-color":"var(--ast-global-color-5)","background-image":"","background-repeat":"repeat","background-position":"center center","background-size":"auto","background-attachment":"scroll","background-type":"","background-media":"","overlay-type":"","overlay-color":"","overlay-opacity":"","overlay-gradient":""},"tablet":{"background-color":"var(--ast-global-color-5)","background-image":"","background-repeat":"repeat","background-position":"center center","background-size":"auto","background-attachment":"scroll","background-type":"","background-media":"","overlay-type":"","overlay-color":"","overlay-opacity":"","overlay-gradient":""},"mobile":{"background-color":"var(--ast-global-color-5)","background-image":"","background-repeat":"repeat","background-position":"center center","background-size":"auto","background-attachment":"scroll","background-type":"","background-media":"","overlay-type":"","overlay-color":"","overlay-opacity":"","overlay-gradient":""}},"footnotes":""},"categories":[33,34,28],"tags":[56,57,16],"class_list":["post-1568","post","type-post","status-publish","format-standard","hentry","category-3r","category-4t","category-cicle-mitja","tag-activitats","tag-cicle-mitja","tag-sortides"],"post_mailing_queue_ids":[],"_links":{"self":[{"href":"https:\/\/agora.xtec.cat\/escolarambletadelclot\/wp-json\/wp\/v2\/posts\/1568","targetHints":{"allow":["GET"]}}],"collection":[{"href":"https:\/\/agora.xtec.cat\/escolarambletadelclot\/wp-json\/wp\/v2\/posts"}],"about":[{"href":"https:\/\/agora.xtec.cat\/escolarambletadelclot\/wp-json\/wp\/v2\/types\/post"}],"author":[{"embeddable":true,"href":"https:\/\/agora.xtec.cat\/escolarambletadelclot\/wp-json\/wp\/v2\/users\/1"}],"replies":[{"embeddable":true,"href":"https:\/\/agora.xtec.cat\/escolarambletadelclot\/wp-json\/wp\/v2\/comments?post=1568"}],"version-history":[{"count":3,"href":"https:\/\/agora.xtec.cat\/escolarambletadelclot\/wp-json\/wp\/v2\/posts\/1568\/revisions"}],"predecessor-version":[{"id":1580,"href":"https:\/\/agora.xtec.cat\/escolarambletadelclot\/wp-json\/wp\/v2\/posts\/1568\/revisions\/1580"}],"wp:attachment":[{"href":"https:\/\/agora.xtec.cat\/escolarambletadelclot\/wp-json\/wp\/v2\/media?parent=1568"}],"wp:term":[{"taxonomy":"category","embeddable":true,"href":"https:\/\/agora.xtec.cat\/escolarambletadelclot\/wp-json\/wp\/v2\/categories?post=1568"},{"taxonomy":"post_tag","embeddable":true,"href":"https:\/\/agora.xtec.cat\/escolarambletadelclot\/wp-json\/wp\/v2\/tags?post=1568"}],"curies":[{"name":"wp","href":"https:\/\/api.w.org\/{rel}","templated":true}]}}