{"id":1087,"date":"2015-03-04T13:12:42","date_gmt":"2015-03-04T12:12:42","guid":{"rendered":"http:\/\/agora.xtec.cat\/escolarambletadelclot\/?p=1087"},"modified":"2015-03-04T13:20:09","modified_gmt":"2015-03-04T12:20:09","slug":"can-framis-2","status":"publish","type":"post","link":"https:\/\/agora.xtec.cat\/escolarambletadelclot\/primaria\/cicle-inicial\/can-framis-2\/","title":{"rendered":"Can Framis"},"content":{"rendered":"<p>Els nens i nenes de 1r hem anat al museu de la Fundaci\u00f3 Vila Casas &#8220;Can Framis&#8221;. Hem experimentat l&#8217;art a trav\u00e9s dels nostres sentits i hem apr\u00e8s diferents t\u00e8cniques d&#8217;expressi\u00f3, com per exemple, el carbonet, el collage, l&#8217;\u00fas de diferents materials\u2026<br \/>\nTamb\u00e9 hem fet d&#8217;artistes! A partir de les nostres idees hem elaborat la nostra creaci\u00f3.<\/p>\n<p>&nbsp;<\/p>\n<table style=\"width: 214px; height: 269px;\">\n<tbody>\n<tr>\n<td style=\"height: 194px; background: url('https:\/\/www.gstatic.com\/pwa\/s\/v\/lighthousefe_20150223.00_p0\/transparent_album_background.gif') no-repeat left;\" align=\"center\">\n<p><figure style=\"width: 160px\" class=\"wp-caption aligncenter\"><a href=\"https:\/\/picasaweb.google.com\/117354683955608874214\/CanFramisCI03032015?authuser=0&amp;feat=embedwebsite\" target=\"_blank\"><img loading=\"lazy\" decoding=\"async\" style=\"margin: 1px 0 0 4px;\" src=\"https:\/\/lh4.googleusercontent.com\/-vMpH3TG-GYQ\/VPb0Un40heE\/AAAAAAAAJXE\/fEddjLhEj5U\/s160-c\/CanFramisCI03032015.jpg\" alt=\"\" width=\"160\" height=\"160\" \/><\/a><figcaption class=\"wp-caption-text\">Can Framis<\/figcaption><\/figure><\/td>\n<\/tr>\n<tr>\n<td style=\"text-align: center; font-family: arial,sans-serif; font-size: 11px;\"><a style=\"color: #4d4d4d; font-weight: bold; text-decoration: none;\" href=\"https:\/\/picasaweb.google.com\/117354683955608874214\/CanFramisCI03032015?authuser=0&amp;feat=embedwebsite\">Can Framis (CI) [03-03-2015]<\/a><\/td>\n<\/tr>\n<\/tbody>\n<\/table>\n<p>&nbsp;<\/p>\n","protected":false},"excerpt":{"rendered":"<p>Els nens i nenes de 1r hem anat al museu de la Fundaci\u00f3 Vila Casas &#8220;Can Framis&#8221;. Hem experimentat l&#8217;art a trav\u00e9s dels nostres sentits i hem apr\u00e8s diferents t\u00e8cniques d&#8217;expressi\u00f3, com per exemple, el carbonet, el collage, l&#8217;\u00fas de diferents materials\u2026 Tamb\u00e9 hem fet d&#8217;artistes! A partir de les nostres idees hem elaborat la [&hellip;]<\/p>\n","protected":false},"author":1,"featured_media":0,"comment_status":"open","ping_status":"open","sticky":false,"template":"","format":"standard","meta":{"_bbp_topic_count":0,"_bbp_reply_count":0,"_bbp_total_topic_count":0,"_bbp_total_reply_count":0,"_bbp_voice_count":0,"_bbp_anonymous_reply_count":0,"_bbp_topic_count_hidden":0,"_bbp_reply_count_hidden":0,"_bbp_forum_subforum_count":0,"site-sidebar-layout":"default","site-content-layout":"","ast-site-content-layout":"","site-content-style":"default","site-sidebar-style":"default","ast-global-header-display":"","ast-banner-title-visibility":"","ast-main-header-display":"","ast-hfb-above-header-display":"","ast-hfb-below-header-display":"","ast-hfb-mobile-header-display":"","site-post-title":"","ast-breadcrumbs-content":"","ast-featured-img":"","footer-sml-layout":"","theme-transparent-header-meta":"","adv-header-id-meta":"","stick-header-meta":"","header-above-stick-meta":"","header-main-stick-meta":"","header-below-stick-meta":"","astra-migrate-meta-layouts":"default","ast-page-background-enabled":"default","ast-page-background-meta":{"desktop":{"background-color":"var(--ast-global-color-4)","background-image":"","background-repeat":"repeat","background-position":"center center","background-size":"auto","background-attachment":"scroll","background-type":"","background-media":"","overlay-type":"","overlay-color":"","overlay-opacity":"","overlay-gradient":""},"tablet":{"background-color":"","background-image":"","background-repeat":"repeat","background-position":"center center","background-size":"auto","background-attachment":"scroll","background-type":"","background-media":"","overlay-type":"","overlay-color":"","overlay-opacity":"","overlay-gradient":""},"mobile":{"background-color":"","background-image":"","background-repeat":"repeat","background-position":"center center","background-size":"auto","background-attachment":"scroll","background-type":"","background-media":"","overlay-type":"","overlay-color":"","overlay-opacity":"","overlay-gradient":""}},"ast-content-background-meta":{"desktop":{"background-color":"var(--ast-global-color-5)","background-image":"","background-repeat":"repeat","background-position":"center center","background-size":"auto","background-attachment":"scroll","background-type":"","background-media":"","overlay-type":"","overlay-color":"","overlay-opacity":"","overlay-gradient":""},"tablet":{"background-color":"var(--ast-global-color-5)","background-image":"","background-repeat":"repeat","background-position":"center center","background-size":"auto","background-attachment":"scroll","background-type":"","background-media":"","overlay-type":"","overlay-color":"","overlay-opacity":"","overlay-gradient":""},"mobile":{"background-color":"var(--ast-global-color-5)","background-image":"","background-repeat":"repeat","background-position":"center center","background-size":"auto","background-attachment":"scroll","background-type":"","background-media":"","overlay-type":"","overlay-color":"","overlay-opacity":"","overlay-gradient":""}},"footnotes":""},"categories":[30,27],"tags":[56,17,16],"class_list":["post-1087","post","type-post","status-publish","format-standard","hentry","category-1r","category-cicle-inicial","tag-activitats","tag-plastica","tag-sortides"],"post_mailing_queue_ids":[],"_links":{"self":[{"href":"https:\/\/agora.xtec.cat\/escolarambletadelclot\/wp-json\/wp\/v2\/posts\/1087","targetHints":{"allow":["GET"]}}],"collection":[{"href":"https:\/\/agora.xtec.cat\/escolarambletadelclot\/wp-json\/wp\/v2\/posts"}],"about":[{"href":"https:\/\/agora.xtec.cat\/escolarambletadelclot\/wp-json\/wp\/v2\/types\/post"}],"author":[{"embeddable":true,"href":"https:\/\/agora.xtec.cat\/escolarambletadelclot\/wp-json\/wp\/v2\/users\/1"}],"replies":[{"embeddable":true,"href":"https:\/\/agora.xtec.cat\/escolarambletadelclot\/wp-json\/wp\/v2\/comments?post=1087"}],"version-history":[{"count":3,"href":"https:\/\/agora.xtec.cat\/escolarambletadelclot\/wp-json\/wp\/v2\/posts\/1087\/revisions"}],"predecessor-version":[{"id":1093,"href":"https:\/\/agora.xtec.cat\/escolarambletadelclot\/wp-json\/wp\/v2\/posts\/1087\/revisions\/1093"}],"wp:attachment":[{"href":"https:\/\/agora.xtec.cat\/escolarambletadelclot\/wp-json\/wp\/v2\/media?parent=1087"}],"wp:term":[{"taxonomy":"category","embeddable":true,"href":"https:\/\/agora.xtec.cat\/escolarambletadelclot\/wp-json\/wp\/v2\/categories?post=1087"},{"taxonomy":"post_tag","embeddable":true,"href":"https:\/\/agora.xtec.cat\/escolarambletadelclot\/wp-json\/wp\/v2\/tags?post=1087"}],"curies":[{"name":"wp","href":"https:\/\/api.w.org\/{rel}","templated":true}]}}