{"id":779,"date":"2021-09-28T09:42:06","date_gmt":"2021-09-28T07:42:06","guid":{"rendered":"https:\/\/agora.xtec.cat\/escolaprovencana\/?p=779"},"modified":"2023-01-23T12:01:50","modified_gmt":"2023-01-23T11:01:50","slug":"ampa","status":"publish","type":"post","link":"https:\/\/agora.xtec.cat\/escolaprovencana\/afa\/ampa\/","title":{"rendered":"AFA"},"content":{"rendered":"<p>L&#8217;AFA Proven\u00e7ana \u00e9s una entitat sense \u00e0nim de lucre formada per pares i mares de l&#8217;escola. Est\u00e0 dirigida per una junta escollida en assemblea i tots els membres hi poden col\u00b7laborar com a vocals en diferents comissions.<\/p>\n<p>Els objectius de l&#8217;AFA s\u00f3n els seg\u00fcents:<\/p>\n<ul>\n<li>Promoure la participaci\u00f3 i col\u00b7laborar amb les activitats educatives del centre.<\/li>\n<li>Promoure la representaci\u00f3 de pares i mares en els consells escolars, fent d&#8217;interlocutor davant de les fam\u00edlies.<\/li>\n<li>Promoure i realitzar activitats f\u00edsico-esportives.<\/li>\n<li>Promoure i realitzar activitats l\u00fadiques i culturals.<\/li>\n<\/ul>\n<p>L&#8217;AFA t\u00e9 la funci\u00f3 d&#8217;oferir als alumnes i serveis per millorar l&#8217;estada com: activitats extraescolars, servei d&#8217;acollida mat\u00ed, servei de menjador, casalet de juny (complementant l&#8217;horari lectiu qun hi ha jornada intensiva), casal d&#8217;estiu&#8230;<\/p>\n<p>Per altra banda, l&#8217;AFA col\u00b7labora amb projectes juntament amb l&#8217;escola: Biblioteca, millora de les infraestructures de l&#8217;escola i compra de materials (mobiliari del menjador nou, compra de pissarres digitals..), festes: Sant Jordi, Carnestoltes, fi de curs, venda de llibres i projecte de socialitzaci\u00f3 de llibres, xerrades i confer\u00e8ncies, xarxa de crian\u00e7a, entre d&#8217;altres.<\/p>\n<p>&nbsp;<\/p>\n<p style=\"text-align: center;\">CONTACTE: afaprovencana@gmail.com<\/p>\n<p style=\"text-align: center;\"><a href=\"http:\/\/www.ampaproven\u00e7ana.cat\" target=\"_blank\" rel=\"noopener\">ENLLA\u00c7 WEB AFA PROVEN\u00c7ANA<\/a><\/p>\n<p><a href=\"https:\/\/agora.xtec.cat\/escolaprovencana\/wp-content\/uploads\/usu2442\/2021\/09\/AE9E2CD4-6830-4029-AFA0-F97488751BF0.jpg\"><img loading=\"lazy\" decoding=\"async\" class=\"alignnone size-large wp-image-783\" src=\"https:\/\/agora.xtec.cat\/escolaprovencana\/wp-content\/uploads\/usu2442\/2021\/09\/AE9E2CD4-6830-4029-AFA0-F97488751BF0-1024x223.jpg\" alt=\"\" width=\"1024\" height=\"223\" srcset=\"https:\/\/agora.xtec.cat\/escolaprovencana\/wp-content\/uploads\/usu2442\/2021\/09\/AE9E2CD4-6830-4029-AFA0-F97488751BF0-1024x223.jpg 1024w, https:\/\/agora.xtec.cat\/escolaprovencana\/wp-content\/uploads\/usu2442\/2021\/09\/AE9E2CD4-6830-4029-AFA0-F97488751BF0-300x65.jpg 300w, https:\/\/agora.xtec.cat\/escolaprovencana\/wp-content\/uploads\/usu2442\/2021\/09\/AE9E2CD4-6830-4029-AFA0-F97488751BF0-768x167.jpg 768w, https:\/\/agora.xtec.cat\/escolaprovencana\/wp-content\/uploads\/usu2442\/2021\/09\/AE9E2CD4-6830-4029-AFA0-F97488751BF0.jpg 1125w\" sizes=\"auto, (max-width: 1024px) 100vw, 1024px\" \/><\/a><\/p>\n","protected":false},"excerpt":{"rendered":"<p>L&#8217;AFA Proven\u00e7ana \u00e9s una entitat sense \u00e0nim de lucre formada per pares i mares de l&#8217;escola. Est\u00e0 dirigida per una junta escollida en assemblea i tots els membres hi poden col\u00b7laborar com a vocals en diferents comissions.<br \/>\nEls objectius de l&#8217;AFA s\u00f3n els seg\u00fcents:<\/p>\n<ul>\n<li>Promoure la participaci\u00f3&hellip;  <a href=\"https:\/\/agora.xtec.cat\/escolaprovencana\/afa\/ampa\/\" title=\"Read AFA\">Llegeix m\u00e9s\u00bb<\/a><br \/>\n","protected":false},"author":1,"featured_media":0,"comment_status":"closed","ping_status":"closed","sticky":false,"template":"","format":"standard","meta":{"_bbp_topic_count":0,"_bbp_reply_count":0,"_bbp_total_topic_count":0,"_bbp_total_reply_count":0,"_bbp_voice_count":0,"_bbp_anonymous_reply_count":0,"_bbp_topic_count_hidden":0,"_bbp_reply_count_hidden":0,"_bbp_forum_subforum_count":0,"footnotes":""},"categories":[7],"tags":[],"class_list":["post-779","post","type-post","status-publish","format-standard","hentry","category-afa"],"post_mailing_queue_ids":[],"_links":{"self":[{"href":"https:\/\/agora.xtec.cat\/escolaprovencana\/wp-json\/wp\/v2\/posts\/779","targetHints":{"allow":["GET"]}}],"collection":[{"href":"https:\/\/agora.xtec.cat\/escolaprovencana\/wp-json\/wp\/v2\/posts"}],"about":[{"href":"https:\/\/agora.xtec.cat\/escolaprovencana\/wp-json\/wp\/v2\/types\/post"}],"author":[{"embeddable":true,"href":"https:\/\/agora.xtec.cat\/escolaprovencana\/wp-json\/wp\/v2\/users\/1"}],"replies":[{"embeddable":true,"href":"https:\/\/agora.xtec.cat\/escolaprovencana\/wp-json\/wp\/v2\/comments?post=779"}],"version-history":[{"count":3,"href":"https:\/\/agora.xtec.cat\/escolaprovencana\/wp-json\/wp\/v2\/posts\/779\/revisions"}],"predecessor-version":[{"id":2598,"href":"https:\/\/agora.xtec.cat\/escolaprovencana\/wp-json\/wp\/v2\/posts\/779\/revisions\/2598"}],"wp:attachment":[{"href":"https:\/\/agora.xtec.cat\/escolaprovencana\/wp-json\/wp\/v2\/media?parent=779"}],"wp:term":[{"taxonomy":"category","embeddable":true,"href":"https:\/\/agora.xtec.cat\/escolaprovencana\/wp-json\/wp\/v2\/categories?post=779"},{"taxonomy":"post_tag","embeddable":true,"href":"https:\/\/agora.xtec.cat\/escolaprovencana\/wp-json\/wp\/v2\/tags?post=779"}],"curies":[{"name":"wp","href":"https:\/\/api.w.org\/{rel}","templated":true}]}}