{"id":5923,"date":"2026-03-20T17:44:41","date_gmt":"2026-03-20T16:44:41","guid":{"rendered":"https:\/\/agora.xtec.cat\/escolaprovencana\/?p=5923"},"modified":"2026-03-26T13:34:34","modified_gmt":"2026-03-26T12:34:34","slug":"projecte-personal-de-1r-el-meu-animal-favorit","status":"publish","type":"post","link":"https:\/\/agora.xtec.cat\/escolaprovencana\/general\/projecte-personal-de-1r-el-meu-animal-favorit\/","title":{"rendered":"Projecte personal de 1r: El meu animal favorit."},"content":{"rendered":"\n<p>Aquest trimestre, els alumnes de primer han tingut l\u2019oportunitat de ser aut\u00e8ntics experts en els nostres animals favorits. Despr\u00e9s de treballar les caracter\u00edstiques dels \u00e9ssers vius, cada infant ha preparat una petita exposici\u00f3 per compartir amb els seus companys. Tigres, elefants, lleons, gats, girafes i molts altres animals han estat els protagonistes d\u2019aquestes presentacions. Els nens i les nenes han mostrat il\u00b7lusi\u00f3 i entusiasme mentre explicaven curiositats i caracter\u00edstiques de cada animal.<\/p>\n\n\n\n<figure class=\"wp-block-image size-full\"><a href=\"https:\/\/agora.xtec.cat\/escolaprovencana\/wp-content\/uploads\/usu2442\/2026\/03\/projecte-personal-de-primer-redu.png\"><img loading=\"lazy\" decoding=\"async\" width=\"1024\" height=\"819\" src=\"https:\/\/agora.xtec.cat\/escolaprovencana\/wp-content\/uploads\/usu2442\/2026\/03\/projecte-personal-de-primer-redu.png\" alt=\"\" class=\"wp-image-5925\" srcset=\"https:\/\/agora.xtec.cat\/escolaprovencana\/wp-content\/uploads\/usu2442\/2026\/03\/projecte-personal-de-primer-redu.png 1024w, https:\/\/agora.xtec.cat\/escolaprovencana\/wp-content\/uploads\/usu2442\/2026\/03\/projecte-personal-de-primer-redu-300x240.png 300w, https:\/\/agora.xtec.cat\/escolaprovencana\/wp-content\/uploads\/usu2442\/2026\/03\/projecte-personal-de-primer-redu-768x614.png 768w\" sizes=\"auto, (max-width: 1024px) 100vw, 1024px\" \/><\/a><\/figure>\n","protected":false},"excerpt":{"rendered":"<p>Aquest trimestre, els alumnes de primer han tingut l\u2019oportunitat de ser aut\u00e8ntics experts en els nostres animals favorits. Despr\u00e9s de treballar les caracter\u00edstiques dels \u00e9ssers vius, cada infant ha preparat una petita exposici\u00f3 per compartir amb els seus companys. Tigres, elefants, lleons, gats, girafes i&hellip;  <a href=\"https:\/\/agora.xtec.cat\/escolaprovencana\/general\/projecte-personal-de-1r-el-meu-animal-favorit\/\" title=\"Read Projecte personal de 1r: El meu animal favorit.\">Llegeix m\u00e9s\u00bb<\/a><\/p>\n","protected":false},"author":53,"featured_media":0,"comment_status":"closed","ping_status":"open","sticky":false,"template":"","format":"standard","meta":{"_bbp_topic_count":0,"_bbp_reply_count":0,"_bbp_total_topic_count":0,"_bbp_total_reply_count":0,"_bbp_voice_count":0,"_bbp_anonymous_reply_count":0,"_bbp_topic_count_hidden":0,"_bbp_reply_count_hidden":0,"_bbp_forum_subforum_count":0,"footnotes":""},"categories":[10,1,5],"tags":[],"class_list":["post-5923","post","type-post","status-publish","format-standard","hentry","category-1r","category-general","category-primaria"],"post_mailing_queue_ids":[],"_links":{"self":[{"href":"https:\/\/agora.xtec.cat\/escolaprovencana\/wp-json\/wp\/v2\/posts\/5923","targetHints":{"allow":["GET"]}}],"collection":[{"href":"https:\/\/agora.xtec.cat\/escolaprovencana\/wp-json\/wp\/v2\/posts"}],"about":[{"href":"https:\/\/agora.xtec.cat\/escolaprovencana\/wp-json\/wp\/v2\/types\/post"}],"author":[{"embeddable":true,"href":"https:\/\/agora.xtec.cat\/escolaprovencana\/wp-json\/wp\/v2\/users\/53"}],"replies":[{"embeddable":true,"href":"https:\/\/agora.xtec.cat\/escolaprovencana\/wp-json\/wp\/v2\/comments?post=5923"}],"version-history":[{"count":2,"href":"https:\/\/agora.xtec.cat\/escolaprovencana\/wp-json\/wp\/v2\/posts\/5923\/revisions"}],"predecessor-version":[{"id":5926,"href":"https:\/\/agora.xtec.cat\/escolaprovencana\/wp-json\/wp\/v2\/posts\/5923\/revisions\/5926"}],"wp:attachment":[{"href":"https:\/\/agora.xtec.cat\/escolaprovencana\/wp-json\/wp\/v2\/media?parent=5923"}],"wp:term":[{"taxonomy":"category","embeddable":true,"href":"https:\/\/agora.xtec.cat\/escolaprovencana\/wp-json\/wp\/v2\/categories?post=5923"},{"taxonomy":"post_tag","embeddable":true,"href":"https:\/\/agora.xtec.cat\/escolaprovencana\/wp-json\/wp\/v2\/tags?post=5923"}],"curies":[{"name":"wp","href":"https:\/\/api.w.org\/{rel}","templated":true}]}}