{"id":5873,"date":"2026-03-01T12:14:23","date_gmt":"2026-03-01T11:14:23","guid":{"rendered":"https:\/\/agora.xtec.cat\/escolaprovencana\/?p=5873"},"modified":"2026-03-26T13:37:44","modified_gmt":"2026-03-26T12:37:44","slug":"els-scoobys-celebrem-carnestoltes-%f0%9f%90%b6%f0%9f%8e%89","status":"publish","type":"post","link":"https:\/\/agora.xtec.cat\/escolaprovencana\/general\/els-scoobys-celebrem-carnestoltes-%f0%9f%90%b6%f0%9f%8e%89\/","title":{"rendered":"Els Scoobys celebrem carnestoltes! \ud83d\udc36\ud83c\udf89"},"content":{"rendered":"\n<p>La classe dels Scoobys hem celebrat amb molta energia i il\u00b7lusi\u00f3 la setmana del carnestoltes. Fins it tot, hem vingut amb pijama a l&#8217;escola i amb pentinats divertits!&nbsp;<\/p>\n\n\n\n<p>Aqu\u00ed teniu un petit v\u00eddeo amb algunes fotos de la setmana m\u00e9s divertida de l&#8217;any \ud83c\udf89<\/p>\n\n\n\n<figure class=\"wp-block-embed is-type-video is-provider-youtube wp-block-embed-youtube wp-embed-aspect-16-9 wp-has-aspect-ratio\"><div class=\"wp-block-embed__wrapper\">\n<iframe loading=\"lazy\" title=\"Carnestoltes 2026 \ud83c\udf89\" width=\"500\" height=\"281\" src=\"https:\/\/www.youtube.com\/embed\/6zq3yznrWSc?feature=oembed\" frameborder=\"0\" allow=\"accelerometer; autoplay; clipboard-write; encrypted-media; gyroscope; picture-in-picture; web-share\" referrerpolicy=\"strict-origin-when-cross-origin\" allowfullscreen><\/iframe>\n<\/div><\/figure>\n\n\n\n<p><\/p>\n","protected":false},"excerpt":{"rendered":"<p>La classe dels Scoobys hem celebrat amb molta energia i il\u00b7lusi\u00f3 la setmana del carnestoltes. Fins it tot, hem vingut amb pijama a l&#8217;escola i amb pentinats divertits!&nbsp;<\/p>\n<p>Aqu\u00ed teniu un petit v\u00eddeo amb algunes fotos de la setmana m\u00e9s divertida de l&#8217;any \ud83c\udf89<\/p>\n","protected":false},"author":52,"featured_media":0,"comment_status":"closed","ping_status":"open","sticky":false,"template":"","format":"standard","meta":{"_bbp_topic_count":0,"_bbp_reply_count":0,"_bbp_total_topic_count":0,"_bbp_total_reply_count":0,"_bbp_voice_count":0,"_bbp_anonymous_reply_count":0,"_bbp_topic_count_hidden":0,"_bbp_reply_count_hidden":0,"_bbp_forum_subforum_count":0,"footnotes":""},"categories":[11,1,64,5],"tags":[88],"class_list":["post-5873","post","type-post","status-publish","format-standard","hentry","category-2n","category-general","category-inici","category-primaria","tag-primaria"],"post_mailing_queue_ids":[],"_links":{"self":[{"href":"https:\/\/agora.xtec.cat\/escolaprovencana\/wp-json\/wp\/v2\/posts\/5873","targetHints":{"allow":["GET"]}}],"collection":[{"href":"https:\/\/agora.xtec.cat\/escolaprovencana\/wp-json\/wp\/v2\/posts"}],"about":[{"href":"https:\/\/agora.xtec.cat\/escolaprovencana\/wp-json\/wp\/v2\/types\/post"}],"author":[{"embeddable":true,"href":"https:\/\/agora.xtec.cat\/escolaprovencana\/wp-json\/wp\/v2\/users\/52"}],"replies":[{"embeddable":true,"href":"https:\/\/agora.xtec.cat\/escolaprovencana\/wp-json\/wp\/v2\/comments?post=5873"}],"version-history":[{"count":3,"href":"https:\/\/agora.xtec.cat\/escolaprovencana\/wp-json\/wp\/v2\/posts\/5873\/revisions"}],"predecessor-version":[{"id":5876,"href":"https:\/\/agora.xtec.cat\/escolaprovencana\/wp-json\/wp\/v2\/posts\/5873\/revisions\/5876"}],"wp:attachment":[{"href":"https:\/\/agora.xtec.cat\/escolaprovencana\/wp-json\/wp\/v2\/media?parent=5873"}],"wp:term":[{"taxonomy":"category","embeddable":true,"href":"https:\/\/agora.xtec.cat\/escolaprovencana\/wp-json\/wp\/v2\/categories?post=5873"},{"taxonomy":"post_tag","embeddable":true,"href":"https:\/\/agora.xtec.cat\/escolaprovencana\/wp-json\/wp\/v2\/tags?post=5873"}],"curies":[{"name":"wp","href":"https:\/\/api.w.org\/{rel}","templated":true}]}}