{"id":5803,"date":"2026-02-25T10:00:51","date_gmt":"2026-02-25T09:00:51","guid":{"rendered":"https:\/\/agora.xtec.cat\/escolaprovencana\/?p=5803"},"modified":"2026-03-26T13:50:53","modified_gmt":"2026-03-26T12:50:53","slug":"descobrim-el-cos-huma-a-laula-dacollida","status":"publish","type":"post","link":"https:\/\/agora.xtec.cat\/escolaprovencana\/general\/descobrim-el-cos-huma-a-laula-dacollida\/","title":{"rendered":"Descobrim el cos hum\u00e0 a l\u2019aula d\u2019acollida"},"content":{"rendered":"\n<p class=\"has-black-color has-text-color has-link-color wp-elements-0dcc6d21eab87fe9b709d79bc654d6ed\">A l\u2019aula d\u2019acollida hem dut a terme una activitat molt especial per treballar el vocabulari del cos hum\u00e0 d\u2019una manera vivencial, manipulativa i significativa.<\/p>\n\n\n\n<p class=\"has-black-color has-text-color has-link-color wp-elements-2057734b38d9d7afcb60a9963c960ec9\">Primer, vam observar i relacionar imatges de diferents parts del cos amb el seu nom corresponent. Aquesta activitat ens va permetre aprendre i refor\u00e7ar paraules com <em>boca, ulls, orelles, nas, m\u00e0, bra\u00e7, cama, peu,<\/em> entre moltes altres. El treball en grup i el joc de relaci\u00f3 va ajudar els infants a participar activament i a practicar la lectura de manera natural.<\/p>\n\n\n\n<p class=\"has-black-color has-text-color has-link-color wp-elements-7f32c34c4bca5709b58838af5537f6b4\">En una segona fase, cada alumne i alumna va dibuixar la seva pr\u00f2pia silueta en un paper gran i, a partir d\u2019aqu\u00ed, va anar col\u00b7locant i escrivint el nom de les diferents parts del cos sobre el dibuix. Aquesta proposta va generar molta motivaci\u00f3 i va afavorir la conversa, la creativitat i l\u2019aprenentatge entre iguals.<\/p>\n\n\n\n<p class=\"has-black-color has-text-color has-link-color wp-elements-29975312087ff5088f4efbe48d561bd0\">A trav\u00e9s d\u2019aquesta activitat, els nens i nenes no nom\u00e9s han ampliat el seu vocabulari en catal\u00e0, sin\u00f3 que tamb\u00e9 han guanyat confian\u00e7a per expressar-se i comunicar-se en el seu dia a dia.<\/p>\n\n\n\n<p class=\"has-black-color has-text-color has-link-color wp-elements-2de992a0eea53fd4c31133b7a8206b2e\">Seguim aprenent, jugant i creixent junts! \ud83d\udc9b<\/p>\n\n\n\n\n\n<figure class=\"wp-block-image size-large\"><a href=\"https:\/\/agora.xtec.cat\/escolaprovencana\/wp-content\/uploads\/usu2442\/2026\/02\/Diseno-sin-titulo.jpg\"><img loading=\"lazy\" decoding=\"async\" width=\"724\" height=\"1024\" src=\"https:\/\/agora.xtec.cat\/escolaprovencana\/wp-content\/uploads\/usu2442\/2026\/02\/Diseno-sin-titulo-724x1024.jpg\" alt=\"\" class=\"wp-image-5804\" srcset=\"https:\/\/agora.xtec.cat\/escolaprovencana\/wp-content\/uploads\/usu2442\/2026\/02\/Diseno-sin-titulo-724x1024.jpg 724w, https:\/\/agora.xtec.cat\/escolaprovencana\/wp-content\/uploads\/usu2442\/2026\/02\/Diseno-sin-titulo-212x300.jpg 212w, https:\/\/agora.xtec.cat\/escolaprovencana\/wp-content\/uploads\/usu2442\/2026\/02\/Diseno-sin-titulo-768x1086.jpg 768w, https:\/\/agora.xtec.cat\/escolaprovencana\/wp-content\/uploads\/usu2442\/2026\/02\/Diseno-sin-titulo-1086x1536.jpg 1086w, https:\/\/agora.xtec.cat\/escolaprovencana\/wp-content\/uploads\/usu2442\/2026\/02\/Diseno-sin-titulo.jpg 1414w\" sizes=\"auto, (max-width: 724px) 100vw, 724px\" \/><\/a><\/figure>\n","protected":false},"excerpt":{"rendered":"<p>A l\u2019aula d\u2019acollida hem dut a terme una activitat molt especial per treballar el vocabulari del cos hum\u00e0 d\u2019una manera vivencial, manipulativa i significativa.<\/p>\n<p>Primer, vam observar i relacionar imatges de diferents parts del cos amb el seu nom corresponent. Aquesta activitat ens va permetre aprendre&hellip;  <a href=\"https:\/\/agora.xtec.cat\/escolaprovencana\/general\/descobrim-el-cos-huma-a-laula-dacollida\/\" title=\"Read Descobrim el cos hum\u00e0 a l\u2019aula d\u2019acollida\">Llegeix m\u00e9s\u00bb<\/a><\/p>\n","protected":false},"author":45,"featured_media":0,"comment_status":"closed","ping_status":"closed","sticky":false,"template":"","format":"standard","meta":{"_bbp_topic_count":0,"_bbp_reply_count":0,"_bbp_total_topic_count":0,"_bbp_total_reply_count":0,"_bbp_voice_count":0,"_bbp_anonymous_reply_count":0,"_bbp_topic_count_hidden":0,"_bbp_reply_count_hidden":0,"_bbp_forum_subforum_count":0,"footnotes":""},"categories":[1,5],"tags":[],"class_list":["post-5803","post","type-post","status-publish","format-standard","hentry","category-general","category-primaria"],"post_mailing_queue_ids":[],"_links":{"self":[{"href":"https:\/\/agora.xtec.cat\/escolaprovencana\/wp-json\/wp\/v2\/posts\/5803","targetHints":{"allow":["GET"]}}],"collection":[{"href":"https:\/\/agora.xtec.cat\/escolaprovencana\/wp-json\/wp\/v2\/posts"}],"about":[{"href":"https:\/\/agora.xtec.cat\/escolaprovencana\/wp-json\/wp\/v2\/types\/post"}],"author":[{"embeddable":true,"href":"https:\/\/agora.xtec.cat\/escolaprovencana\/wp-json\/wp\/v2\/users\/45"}],"replies":[{"embeddable":true,"href":"https:\/\/agora.xtec.cat\/escolaprovencana\/wp-json\/wp\/v2\/comments?post=5803"}],"version-history":[{"count":1,"href":"https:\/\/agora.xtec.cat\/escolaprovencana\/wp-json\/wp\/v2\/posts\/5803\/revisions"}],"predecessor-version":[{"id":5805,"href":"https:\/\/agora.xtec.cat\/escolaprovencana\/wp-json\/wp\/v2\/posts\/5803\/revisions\/5805"}],"wp:attachment":[{"href":"https:\/\/agora.xtec.cat\/escolaprovencana\/wp-json\/wp\/v2\/media?parent=5803"}],"wp:term":[{"taxonomy":"category","embeddable":true,"href":"https:\/\/agora.xtec.cat\/escolaprovencana\/wp-json\/wp\/v2\/categories?post=5803"},{"taxonomy":"post_tag","embeddable":true,"href":"https:\/\/agora.xtec.cat\/escolaprovencana\/wp-json\/wp\/v2\/tags?post=5803"}],"curies":[{"name":"wp","href":"https:\/\/api.w.org\/{rel}","templated":true}]}}