{"id":5795,"date":"2026-02-20T20:09:58","date_gmt":"2026-02-20T19:09:58","guid":{"rendered":"https:\/\/agora.xtec.cat\/escolaprovencana\/?p=5795"},"modified":"2026-03-04T19:36:13","modified_gmt":"2026-03-04T18:36:13","slug":"trobada-esportiva-de-patins-i-diversport","status":"publish","type":"post","link":"https:\/\/agora.xtec.cat\/escolaprovencana\/afa\/trobada-esportiva-de-patins-i-diversport\/","title":{"rendered":"Trobada esportiva de Patins!"},"content":{"rendered":"\n<p>Des de l&#8217;AFA coordinadora de les extraescolars de l&#8217;escola Proven\u00e7ana i l\u2019equip de monitores de l&#8217;activitat extraescolar de Patinatge estem molt contentes d\u2019anunciar una nova trobada esportiva!<\/p>\n\n\n\n<p>El proper <strong>diumenge 1 de mar\u00e7 a les 10 h<\/strong> DACOR, celebar\u00e0 una trobada d&#8217;extraescolars adre\u00e7ada als alumnes de <strong>PATINS<\/strong>.<\/p>\n\n\n\n<p>Es tracta d\u2019una jornada esportiva on participen diferents escoles que formen part de les activitats extraescolars gestionades per DACOR. Ser\u00e0 una oportunitat fant\u00e0stica perqu\u00e8 els infants comparteixin experi\u00e8ncies amb altres nens i nenes, gaudeixin de l\u2019esport i visquin un mat\u00ed ple d\u2019energia i diversi\u00f3.<\/p>\n\n\n\n<p>Durant la trobada es faran diferents activitats amb patins o patinet i, a m\u00e9s, hi haur\u00e0 inflables perqu\u00e8 la diversi\u00f3 estigui assegurada. Tots els participants rebran una medalla per la seva participaci\u00f3.<\/p>\n\n\n\n<p>La trobada tindr\u00e0 lloc a l\u2019<strong>Escola Verge de la Salut de Sant Feliu de Llobregat<\/strong>, amb el seg\u00fcent horari:<\/p>\n\n\n\n<p>10.00 h \u2013 Convocat\u00f2ria de tots els participants<br>10.30 h \u2013 Inici de la trobada<br>11.30 h \u2013 Finalitzaci\u00f3<\/p>\n\n\n\n<p>Des de l&#8217;AFA us animem a continuar apostant per l\u2019esport extraescolar a l&#8217;escola. Aquestes activitats fomenten l\u2019activitat f\u00edsica, el treball en equip i la conviv\u00e8ncia, i s\u00f3n una gran oportunitat perqu\u00e8 els infants creixin tot gaudint.<\/p>\n\n\n\n<p>Si encara no en formeu part, us convidem a con\u00e8ixer-les i a sumar-vos el proper curs.<\/p>\n\n\n\n<p>Us hi esperem!<\/p>\n\n\n\n<figure class=\"wp-block-image size-full\"><a href=\"https:\/\/agora.xtec.cat\/escolaprovencana\/wp-content\/uploads\/usu2442\/2026\/02\/patins.jpg\"><img loading=\"lazy\" decoding=\"async\" width=\"760\" height=\"428\" src=\"https:\/\/agora.xtec.cat\/escolaprovencana\/wp-content\/uploads\/usu2442\/2026\/02\/patins.jpg\" alt=\"\" class=\"wp-image-5796\" srcset=\"https:\/\/agora.xtec.cat\/escolaprovencana\/wp-content\/uploads\/usu2442\/2026\/02\/patins.jpg 760w, https:\/\/agora.xtec.cat\/escolaprovencana\/wp-content\/uploads\/usu2442\/2026\/02\/patins-300x169.jpg 300w\" sizes=\"auto, (max-width: 760px) 100vw, 760px\" \/><\/a><\/figure>\n","protected":false},"excerpt":{"rendered":"<p>Des de l&#8217;AFA coordinadora de les extraescolars de l&#8217;escola Proven\u00e7ana i l\u2019equip de monitores de l&#8217;activitat extraescolar de Patinatge estem molt contentes d\u2019anunciar una nova trobada esportiva!<\/p>\n<p>El proper diumenge 1 de mar\u00e7 a les 10 h DACOR, celebar\u00e0 una trobada d&#8217;extraescolars adre\u00e7ada als alumnes de&hellip;  <a href=\"https:\/\/agora.xtec.cat\/escolaprovencana\/afa\/trobada-esportiva-de-patins-i-diversport\/\" title=\"Read Trobada esportiva de Patins!\">Llegeix m\u00e9s\u00bb<\/a><\/p>\n","protected":false},"author":50,"featured_media":5796,"comment_status":"closed","ping_status":"closed","sticky":false,"template":"","format":"standard","meta":{"_bbp_topic_count":0,"_bbp_reply_count":0,"_bbp_total_topic_count":0,"_bbp_total_reply_count":0,"_bbp_voice_count":0,"_bbp_anonymous_reply_count":0,"_bbp_topic_count_hidden":0,"_bbp_reply_count_hidden":0,"_bbp_forum_subforum_count":0,"footnotes":""},"categories":[7],"tags":[130],"class_list":["post-5795","post","type-post","status-publish","format-standard","has-post-thumbnail","hentry","category-afa","tag-afa"],"post_mailing_queue_ids":[],"_links":{"self":[{"href":"https:\/\/agora.xtec.cat\/escolaprovencana\/wp-json\/wp\/v2\/posts\/5795","targetHints":{"allow":["GET"]}}],"collection":[{"href":"https:\/\/agora.xtec.cat\/escolaprovencana\/wp-json\/wp\/v2\/posts"}],"about":[{"href":"https:\/\/agora.xtec.cat\/escolaprovencana\/wp-json\/wp\/v2\/types\/post"}],"author":[{"embeddable":true,"href":"https:\/\/agora.xtec.cat\/escolaprovencana\/wp-json\/wp\/v2\/users\/50"}],"replies":[{"embeddable":true,"href":"https:\/\/agora.xtec.cat\/escolaprovencana\/wp-json\/wp\/v2\/comments?post=5795"}],"version-history":[{"count":4,"href":"https:\/\/agora.xtec.cat\/escolaprovencana\/wp-json\/wp\/v2\/posts\/5795\/revisions"}],"predecessor-version":[{"id":5894,"href":"https:\/\/agora.xtec.cat\/escolaprovencana\/wp-json\/wp\/v2\/posts\/5795\/revisions\/5894"}],"wp:featuredmedia":[{"embeddable":true,"href":"https:\/\/agora.xtec.cat\/escolaprovencana\/wp-json\/wp\/v2\/media\/5796"}],"wp:attachment":[{"href":"https:\/\/agora.xtec.cat\/escolaprovencana\/wp-json\/wp\/v2\/media?parent=5795"}],"wp:term":[{"taxonomy":"category","embeddable":true,"href":"https:\/\/agora.xtec.cat\/escolaprovencana\/wp-json\/wp\/v2\/categories?post=5795"},{"taxonomy":"post_tag","embeddable":true,"href":"https:\/\/agora.xtec.cat\/escolaprovencana\/wp-json\/wp\/v2\/tags?post=5795"}],"curies":[{"name":"wp","href":"https:\/\/api.w.org\/{rel}","templated":true}]}}