{"id":5781,"date":"2026-02-20T19:55:38","date_gmt":"2026-02-20T18:55:38","guid":{"rendered":"https:\/\/agora.xtec.cat\/escolaprovencana\/?p=5781"},"modified":"2026-02-20T19:58:59","modified_gmt":"2026-02-20T18:58:59","slug":"lafa-provencana-omple-la-rua-de-cors","status":"publish","type":"post","link":"https:\/\/agora.xtec.cat\/escolaprovencana\/afa\/lafa-provencana-omple-la-rua-de-cors\/","title":{"rendered":"L&#8217;AFA Proven\u00e7ana omple la rua de cors!"},"content":{"rendered":"\n<p>El passat 14 de febrer vam participar a la rua de Carnaval del barri, on es van aplegar m\u00e9s de 2.000 persones. La nostra disfressa, ben especial per la data, va ser\u2026 de cors! \u2764\ufe0f<\/p>\n\n\n\n<p>Potser no era la m\u00e9s vistosa de la desfilada, per\u00f2 s\u00ed que va estar carregada d\u2019il\u00b7lusi\u00f3 i bon humor. Ens ho vam passar d\u2019all\u00f2 m\u00e9s b\u00e9!<\/p>\n\n\n\n<p>Aquest any, a m\u00e9s, vam incorporar dos photocalls grans i un parell de mini photocalls en forma de cor que van donar molt de joc. El p\u00fablic no va parar de fer-se fotos, participant activament amb nosaltres i compartint l\u2019alegria de la festa.<\/p>\n\n\n\n<p>Us deixem un recull d\u2019imatges perqu\u00e8 pugueu reviure alguns dels millors moments. I ja comencem a pensar en el proper Carnaval\u2026 esperem que l\u2019any vinent siguem encara m\u00e9s per gaudir-lo plegats!<\/p>\n\n\n\n<div class=\"wp-block-getwid-images-slider has-arrows-inside has-dots-inside has-images-center has-fitted-images\"><div class=\"wp-block-getwid-images-slider__wrapper\" data-effect=\"fade\" data-slides-show=\"1\" data-slides-show-laptop=\"1\" data-slides-show-tablet=\"1\" data-slides-show-mobile=\"1\" data-slides-scroll=\"1\" data-autoplay=\"true\" data-pause-hover=\"false\" data-autoplay-speed=\"6000\" data-infinite=\"true\" data-animation-speed=\"896\" data-center-mode=\"false\" data-variable-width=\"false\" data-arrows=\"inside\" data-dots=\"inside\" data-spacing=\"none\"><div class=\"wp-block-getwid-images-slider__item\"><figure><img loading=\"lazy\" decoding=\"async\" width=\"1200\" height=\"900\" src=\"https:\/\/agora.xtec.cat\/escolaprovencana\/wp-content\/uploads\/usu2442\/2026\/02\/WhatsApp-Image-2026-02-20-at-19.41.36-1.jpeg\" data-id=\"5783\" data-link=\"https:\/\/agora.xtec.cat\/escolaprovencana\/?attachment_id=5783\" data-original-link=\"https:\/\/agora.xtec.cat\/escolaprovencana\/wp-content\/uploads\/usu2442\/2026\/02\/WhatsApp-Image-2026-02-20-at-19.41.36-1.jpeg\" class=\"wp-block-getwid-images-slider__image wp-image-5783\" srcset=\"https:\/\/agora.xtec.cat\/escolaprovencana\/wp-content\/uploads\/usu2442\/2026\/02\/WhatsApp-Image-2026-02-20-at-19.41.36-1.jpeg 1200w, https:\/\/agora.xtec.cat\/escolaprovencana\/wp-content\/uploads\/usu2442\/2026\/02\/WhatsApp-Image-2026-02-20-at-19.41.36-1-300x225.jpeg 300w, https:\/\/agora.xtec.cat\/escolaprovencana\/wp-content\/uploads\/usu2442\/2026\/02\/WhatsApp-Image-2026-02-20-at-19.41.36-1-1024x768.jpeg 1024w, https:\/\/agora.xtec.cat\/escolaprovencana\/wp-content\/uploads\/usu2442\/2026\/02\/WhatsApp-Image-2026-02-20-at-19.41.36-1-768x576.jpeg 768w, https:\/\/agora.xtec.cat\/escolaprovencana\/wp-content\/uploads\/usu2442\/2026\/02\/WhatsApp-Image-2026-02-20-at-19.41.36-1-200x150.jpeg 200w\" sizes=\"auto, (max-width: 1200px) 100vw, 1200px\" \/><\/figure><\/div><div class=\"wp-block-getwid-images-slider__item\"><figure><img loading=\"lazy\" decoding=\"async\" width=\"899\" height=\"1599\" src=\"https:\/\/agora.xtec.cat\/escolaprovencana\/wp-content\/uploads\/usu2442\/2026\/02\/WhatsApp-Image-2026-02-20-at-19.42.50.jpeg\" data-id=\"5782\" data-link=\"https:\/\/agora.xtec.cat\/escolaprovencana\/?attachment_id=5782\" data-original-link=\"https:\/\/agora.xtec.cat\/escolaprovencana\/wp-content\/uploads\/usu2442\/2026\/02\/WhatsApp-Image-2026-02-20-at-19.42.50.jpeg\" class=\"wp-block-getwid-images-slider__image wp-image-5782\" srcset=\"https:\/\/agora.xtec.cat\/escolaprovencana\/wp-content\/uploads\/usu2442\/2026\/02\/WhatsApp-Image-2026-02-20-at-19.42.50.jpeg 899w, https:\/\/agora.xtec.cat\/escolaprovencana\/wp-content\/uploads\/usu2442\/2026\/02\/WhatsApp-Image-2026-02-20-at-19.42.50-169x300.jpeg 169w, https:\/\/agora.xtec.cat\/escolaprovencana\/wp-content\/uploads\/usu2442\/2026\/02\/WhatsApp-Image-2026-02-20-at-19.42.50-576x1024.jpeg 576w, https:\/\/agora.xtec.cat\/escolaprovencana\/wp-content\/uploads\/usu2442\/2026\/02\/WhatsApp-Image-2026-02-20-at-19.42.50-768x1366.jpeg 768w, https:\/\/agora.xtec.cat\/escolaprovencana\/wp-content\/uploads\/usu2442\/2026\/02\/WhatsApp-Image-2026-02-20-at-19.42.50-864x1536.jpeg 864w\" sizes=\"auto, (max-width: 899px) 100vw, 899px\" \/><\/figure><\/div><div class=\"wp-block-getwid-images-slider__item\"><figure><img loading=\"lazy\" decoding=\"async\" width=\"1500\" height=\"2000\" src=\"https:\/\/agora.xtec.cat\/escolaprovencana\/wp-content\/uploads\/usu2442\/2026\/02\/WhatsApp-Image-2026-02-20-at-19.41.37-1.jpeg\" data-id=\"5789\" data-link=\"https:\/\/agora.xtec.cat\/escolaprovencana\/?attachment_id=5789\" data-original-link=\"https:\/\/agora.xtec.cat\/escolaprovencana\/wp-content\/uploads\/usu2442\/2026\/02\/WhatsApp-Image-2026-02-20-at-19.41.37-1.jpeg\" class=\"wp-block-getwid-images-slider__image wp-image-5789\" srcset=\"https:\/\/agora.xtec.cat\/escolaprovencana\/wp-content\/uploads\/usu2442\/2026\/02\/WhatsApp-Image-2026-02-20-at-19.41.37-1.jpeg 1500w, https:\/\/agora.xtec.cat\/escolaprovencana\/wp-content\/uploads\/usu2442\/2026\/02\/WhatsApp-Image-2026-02-20-at-19.41.37-1-225x300.jpeg 225w, https:\/\/agora.xtec.cat\/escolaprovencana\/wp-content\/uploads\/usu2442\/2026\/02\/WhatsApp-Image-2026-02-20-at-19.41.37-1-768x1024.jpeg 768w, https:\/\/agora.xtec.cat\/escolaprovencana\/wp-content\/uploads\/usu2442\/2026\/02\/WhatsApp-Image-2026-02-20-at-19.41.37-1-1152x1536.jpeg 1152w\" sizes=\"auto, (max-width: 1500px) 100vw, 1500px\" \/><\/figure><\/div><div class=\"wp-block-getwid-images-slider__item\"><figure><img loading=\"lazy\" decoding=\"async\" width=\"2000\" height=\"1500\" src=\"https:\/\/agora.xtec.cat\/escolaprovencana\/wp-content\/uploads\/usu2442\/2026\/02\/WhatsApp-Image-2026-02-20-at-19.41.37.jpeg\" data-id=\"5787\" data-link=\"https:\/\/agora.xtec.cat\/escolaprovencana\/?attachment_id=5787\" data-original-link=\"https:\/\/agora.xtec.cat\/escolaprovencana\/wp-content\/uploads\/usu2442\/2026\/02\/WhatsApp-Image-2026-02-20-at-19.41.37.jpeg\" class=\"wp-block-getwid-images-slider__image wp-image-5787\" srcset=\"https:\/\/agora.xtec.cat\/escolaprovencana\/wp-content\/uploads\/usu2442\/2026\/02\/WhatsApp-Image-2026-02-20-at-19.41.37.jpeg 2000w, https:\/\/agora.xtec.cat\/escolaprovencana\/wp-content\/uploads\/usu2442\/2026\/02\/WhatsApp-Image-2026-02-20-at-19.41.37-300x225.jpeg 300w, https:\/\/agora.xtec.cat\/escolaprovencana\/wp-content\/uploads\/usu2442\/2026\/02\/WhatsApp-Image-2026-02-20-at-19.41.37-1024x768.jpeg 1024w, https:\/\/agora.xtec.cat\/escolaprovencana\/wp-content\/uploads\/usu2442\/2026\/02\/WhatsApp-Image-2026-02-20-at-19.41.37-768x576.jpeg 768w, https:\/\/agora.xtec.cat\/escolaprovencana\/wp-content\/uploads\/usu2442\/2026\/02\/WhatsApp-Image-2026-02-20-at-19.41.37-1536x1152.jpeg 1536w, https:\/\/agora.xtec.cat\/escolaprovencana\/wp-content\/uploads\/usu2442\/2026\/02\/WhatsApp-Image-2026-02-20-at-19.41.37-200x150.jpeg 200w\" sizes=\"auto, (max-width: 2000px) 100vw, 2000px\" \/><\/figure><\/div><div class=\"wp-block-getwid-images-slider__item\"><figure><img loading=\"lazy\" decoding=\"async\" width=\"2040\" height=\"1536\" src=\"https:\/\/agora.xtec.cat\/escolaprovencana\/wp-content\/uploads\/usu2442\/2026\/02\/WhatsApp-Image-2026-02-20-at-19.41.36-4.jpeg\" data-id=\"5786\" data-link=\"https:\/\/agora.xtec.cat\/escolaprovencana\/?attachment_id=5786\" data-original-link=\"https:\/\/agora.xtec.cat\/escolaprovencana\/wp-content\/uploads\/usu2442\/2026\/02\/WhatsApp-Image-2026-02-20-at-19.41.36-4.jpeg\" class=\"wp-block-getwid-images-slider__image wp-image-5786\" srcset=\"https:\/\/agora.xtec.cat\/escolaprovencana\/wp-content\/uploads\/usu2442\/2026\/02\/WhatsApp-Image-2026-02-20-at-19.41.36-4.jpeg 2040w, https:\/\/agora.xtec.cat\/escolaprovencana\/wp-content\/uploads\/usu2442\/2026\/02\/WhatsApp-Image-2026-02-20-at-19.41.36-4-300x226.jpeg 300w, https:\/\/agora.xtec.cat\/escolaprovencana\/wp-content\/uploads\/usu2442\/2026\/02\/WhatsApp-Image-2026-02-20-at-19.41.36-4-1024x771.jpeg 1024w, https:\/\/agora.xtec.cat\/escolaprovencana\/wp-content\/uploads\/usu2442\/2026\/02\/WhatsApp-Image-2026-02-20-at-19.41.36-4-768x578.jpeg 768w, https:\/\/agora.xtec.cat\/escolaprovencana\/wp-content\/uploads\/usu2442\/2026\/02\/WhatsApp-Image-2026-02-20-at-19.41.36-4-1536x1157.jpeg 1536w, https:\/\/agora.xtec.cat\/escolaprovencana\/wp-content\/uploads\/usu2442\/2026\/02\/WhatsApp-Image-2026-02-20-at-19.41.36-4-200x150.jpeg 200w\" sizes=\"auto, (max-width: 2040px) 100vw, 2040px\" \/><\/figure><\/div><div class=\"wp-block-getwid-images-slider__item\"><figure><img loading=\"lazy\" decoding=\"async\" width=\"2000\" height=\"1500\" src=\"https:\/\/agora.xtec.cat\/escolaprovencana\/wp-content\/uploads\/usu2442\/2026\/02\/WhatsApp-Image-2026-02-20-at-19.41.36-3.jpeg\" data-id=\"5791\" data-link=\"https:\/\/agora.xtec.cat\/escolaprovencana\/?attachment_id=5791\" data-original-link=\"https:\/\/agora.xtec.cat\/escolaprovencana\/wp-content\/uploads\/usu2442\/2026\/02\/WhatsApp-Image-2026-02-20-at-19.41.36-3.jpeg\" class=\"wp-block-getwid-images-slider__image wp-image-5791\" srcset=\"https:\/\/agora.xtec.cat\/escolaprovencana\/wp-content\/uploads\/usu2442\/2026\/02\/WhatsApp-Image-2026-02-20-at-19.41.36-3.jpeg 2000w, https:\/\/agora.xtec.cat\/escolaprovencana\/wp-content\/uploads\/usu2442\/2026\/02\/WhatsApp-Image-2026-02-20-at-19.41.36-3-300x225.jpeg 300w, https:\/\/agora.xtec.cat\/escolaprovencana\/wp-content\/uploads\/usu2442\/2026\/02\/WhatsApp-Image-2026-02-20-at-19.41.36-3-1024x768.jpeg 1024w, https:\/\/agora.xtec.cat\/escolaprovencana\/wp-content\/uploads\/usu2442\/2026\/02\/WhatsApp-Image-2026-02-20-at-19.41.36-3-768x576.jpeg 768w, https:\/\/agora.xtec.cat\/escolaprovencana\/wp-content\/uploads\/usu2442\/2026\/02\/WhatsApp-Image-2026-02-20-at-19.41.36-3-1536x1152.jpeg 1536w, https:\/\/agora.xtec.cat\/escolaprovencana\/wp-content\/uploads\/usu2442\/2026\/02\/WhatsApp-Image-2026-02-20-at-19.41.36-3-200x150.jpeg 200w\" sizes=\"auto, (max-width: 2000px) 100vw, 2000px\" \/><\/figure><\/div><div class=\"wp-block-getwid-images-slider__item\"><figure><img loading=\"lazy\" decoding=\"async\" width=\"1200\" height=\"1600\" src=\"https:\/\/agora.xtec.cat\/escolaprovencana\/wp-content\/uploads\/usu2442\/2026\/02\/WhatsApp-Image-2026-02-20-at-19.41.36.jpeg\" data-id=\"5790\" data-link=\"https:\/\/agora.xtec.cat\/escolaprovencana\/?attachment_id=5790\" data-original-link=\"https:\/\/agora.xtec.cat\/escolaprovencana\/wp-content\/uploads\/usu2442\/2026\/02\/WhatsApp-Image-2026-02-20-at-19.41.36.jpeg\" class=\"wp-block-getwid-images-slider__image wp-image-5790\" srcset=\"https:\/\/agora.xtec.cat\/escolaprovencana\/wp-content\/uploads\/usu2442\/2026\/02\/WhatsApp-Image-2026-02-20-at-19.41.36.jpeg 1200w, https:\/\/agora.xtec.cat\/escolaprovencana\/wp-content\/uploads\/usu2442\/2026\/02\/WhatsApp-Image-2026-02-20-at-19.41.36-225x300.jpeg 225w, https:\/\/agora.xtec.cat\/escolaprovencana\/wp-content\/uploads\/usu2442\/2026\/02\/WhatsApp-Image-2026-02-20-at-19.41.36-768x1024.jpeg 768w, https:\/\/agora.xtec.cat\/escolaprovencana\/wp-content\/uploads\/usu2442\/2026\/02\/WhatsApp-Image-2026-02-20-at-19.41.36-1152x1536.jpeg 1152w\" sizes=\"auto, (max-width: 1200px) 100vw, 1200px\" \/><\/figure><\/div><div class=\"wp-block-getwid-images-slider__item\"><figure><img loading=\"lazy\" decoding=\"async\" width=\"1200\" height=\"1600\" src=\"https:\/\/agora.xtec.cat\/escolaprovencana\/wp-content\/uploads\/usu2442\/2026\/02\/WhatsApp-Image-2026-02-20-at-19.41.35-2.jpeg\" data-id=\"5785\" data-link=\"https:\/\/agora.xtec.cat\/escolaprovencana\/?attachment_id=5785\" data-original-link=\"https:\/\/agora.xtec.cat\/escolaprovencana\/wp-content\/uploads\/usu2442\/2026\/02\/WhatsApp-Image-2026-02-20-at-19.41.35-2.jpeg\" class=\"wp-block-getwid-images-slider__image wp-image-5785\" srcset=\"https:\/\/agora.xtec.cat\/escolaprovencana\/wp-content\/uploads\/usu2442\/2026\/02\/WhatsApp-Image-2026-02-20-at-19.41.35-2.jpeg 1200w, https:\/\/agora.xtec.cat\/escolaprovencana\/wp-content\/uploads\/usu2442\/2026\/02\/WhatsApp-Image-2026-02-20-at-19.41.35-2-225x300.jpeg 225w, https:\/\/agora.xtec.cat\/escolaprovencana\/wp-content\/uploads\/usu2442\/2026\/02\/WhatsApp-Image-2026-02-20-at-19.41.35-2-768x1024.jpeg 768w, https:\/\/agora.xtec.cat\/escolaprovencana\/wp-content\/uploads\/usu2442\/2026\/02\/WhatsApp-Image-2026-02-20-at-19.41.35-2-1152x1536.jpeg 1152w\" sizes=\"auto, (max-width: 1200px) 100vw, 1200px\" \/><\/figure><\/div><div class=\"wp-block-getwid-images-slider__item\"><figure><img loading=\"lazy\" decoding=\"async\" width=\"1200\" height=\"1600\" src=\"https:\/\/agora.xtec.cat\/escolaprovencana\/wp-content\/uploads\/usu2442\/2026\/02\/WhatsApp-Image-2026-02-20-at-19.41.35-1.jpeg\" data-id=\"5788\" data-link=\"https:\/\/agora.xtec.cat\/escolaprovencana\/?attachment_id=5788\" data-original-link=\"https:\/\/agora.xtec.cat\/escolaprovencana\/wp-content\/uploads\/usu2442\/2026\/02\/WhatsApp-Image-2026-02-20-at-19.41.35-1.jpeg\" class=\"wp-block-getwid-images-slider__image wp-image-5788\" srcset=\"https:\/\/agora.xtec.cat\/escolaprovencana\/wp-content\/uploads\/usu2442\/2026\/02\/WhatsApp-Image-2026-02-20-at-19.41.35-1.jpeg 1200w, https:\/\/agora.xtec.cat\/escolaprovencana\/wp-content\/uploads\/usu2442\/2026\/02\/WhatsApp-Image-2026-02-20-at-19.41.35-1-225x300.jpeg 225w, https:\/\/agora.xtec.cat\/escolaprovencana\/wp-content\/uploads\/usu2442\/2026\/02\/WhatsApp-Image-2026-02-20-at-19.41.35-1-768x1024.jpeg 768w, https:\/\/agora.xtec.cat\/escolaprovencana\/wp-content\/uploads\/usu2442\/2026\/02\/WhatsApp-Image-2026-02-20-at-19.41.35-1-1152x1536.jpeg 1152w\" sizes=\"auto, (max-width: 1200px) 100vw, 1200px\" \/><\/figure><\/div><div class=\"wp-block-getwid-images-slider__item\"><figure><img loading=\"lazy\" decoding=\"async\" width=\"1200\" height=\"1600\" src=\"https:\/\/agora.xtec.cat\/escolaprovencana\/wp-content\/uploads\/usu2442\/2026\/02\/WhatsApp-Image-2026-02-20-at-19.41.35.jpeg\" data-id=\"5784\" data-link=\"https:\/\/agora.xtec.cat\/escolaprovencana\/?attachment_id=5784\" data-original-link=\"https:\/\/agora.xtec.cat\/escolaprovencana\/wp-content\/uploads\/usu2442\/2026\/02\/WhatsApp-Image-2026-02-20-at-19.41.35.jpeg\" class=\"wp-block-getwid-images-slider__image wp-image-5784\" srcset=\"https:\/\/agora.xtec.cat\/escolaprovencana\/wp-content\/uploads\/usu2442\/2026\/02\/WhatsApp-Image-2026-02-20-at-19.41.35.jpeg 1200w, https:\/\/agora.xtec.cat\/escolaprovencana\/wp-content\/uploads\/usu2442\/2026\/02\/WhatsApp-Image-2026-02-20-at-19.41.35-225x300.jpeg 225w, https:\/\/agora.xtec.cat\/escolaprovencana\/wp-content\/uploads\/usu2442\/2026\/02\/WhatsApp-Image-2026-02-20-at-19.41.35-768x1024.jpeg 768w, https:\/\/agora.xtec.cat\/escolaprovencana\/wp-content\/uploads\/usu2442\/2026\/02\/WhatsApp-Image-2026-02-20-at-19.41.35-1152x1536.jpeg 1152w\" sizes=\"auto, (max-width: 1200px) 100vw, 1200px\" \/><\/figure><\/div><\/div><\/div>\n","protected":false},"excerpt":{"rendered":"<p>El passat 14 de febrer vam participar a la rua de Carnaval del barri, on es van aplegar m\u00e9s de 2.000 persones. La nostra disfressa, ben especial per la data, va ser\u2026 de cors! \u2764\ufe0f<\/p>\n<p>Potser no era la m\u00e9s vistosa de la desfilada, per\u00f2 s\u00ed&hellip;  <a href=\"https:\/\/agora.xtec.cat\/escolaprovencana\/afa\/lafa-provencana-omple-la-rua-de-cors\/\" title=\"Read L&#8217;AFA Proven\u00e7ana omple la rua de cors!\">Llegeix m\u00e9s\u00bb<\/a><\/p>\n","protected":false},"author":50,"featured_media":5791,"comment_status":"closed","ping_status":"closed","sticky":false,"template":"","format":"standard","meta":{"_bbp_topic_count":0,"_bbp_reply_count":0,"_bbp_total_topic_count":0,"_bbp_total_reply_count":0,"_bbp_voice_count":0,"_bbp_anonymous_reply_count":0,"_bbp_topic_count_hidden":0,"_bbp_reply_count_hidden":0,"_bbp_forum_subforum_count":0,"footnotes":""},"categories":[7],"tags":[130],"class_list":["post-5781","post","type-post","status-publish","format-standard","has-post-thumbnail","hentry","category-afa","tag-afa"],"post_mailing_queue_ids":[],"_links":{"self":[{"href":"https:\/\/agora.xtec.cat\/escolaprovencana\/wp-json\/wp\/v2\/posts\/5781","targetHints":{"allow":["GET"]}}],"collection":[{"href":"https:\/\/agora.xtec.cat\/escolaprovencana\/wp-json\/wp\/v2\/posts"}],"about":[{"href":"https:\/\/agora.xtec.cat\/escolaprovencana\/wp-json\/wp\/v2\/types\/post"}],"author":[{"embeddable":true,"href":"https:\/\/agora.xtec.cat\/escolaprovencana\/wp-json\/wp\/v2\/users\/50"}],"replies":[{"embeddable":true,"href":"https:\/\/agora.xtec.cat\/escolaprovencana\/wp-json\/wp\/v2\/comments?post=5781"}],"version-history":[{"count":3,"href":"https:\/\/agora.xtec.cat\/escolaprovencana\/wp-json\/wp\/v2\/posts\/5781\/revisions"}],"predecessor-version":[{"id":5794,"href":"https:\/\/agora.xtec.cat\/escolaprovencana\/wp-json\/wp\/v2\/posts\/5781\/revisions\/5794"}],"wp:featuredmedia":[{"embeddable":true,"href":"https:\/\/agora.xtec.cat\/escolaprovencana\/wp-json\/wp\/v2\/media\/5791"}],"wp:attachment":[{"href":"https:\/\/agora.xtec.cat\/escolaprovencana\/wp-json\/wp\/v2\/media?parent=5781"}],"wp:term":[{"taxonomy":"category","embeddable":true,"href":"https:\/\/agora.xtec.cat\/escolaprovencana\/wp-json\/wp\/v2\/categories?post=5781"},{"taxonomy":"post_tag","embeddable":true,"href":"https:\/\/agora.xtec.cat\/escolaprovencana\/wp-json\/wp\/v2\/tags?post=5781"}],"curies":[{"name":"wp","href":"https:\/\/api.w.org\/{rel}","templated":true}]}}