{"id":5770,"date":"2026-02-08T20:07:48","date_gmt":"2026-02-08T19:07:48","guid":{"rendered":"https:\/\/agora.xtec.cat\/escolaprovencana\/?p=5770"},"modified":"2026-02-08T20:07:48","modified_gmt":"2026-02-08T19:07:48","slug":"canvis-a-lespai-menjador","status":"publish","type":"post","link":"https:\/\/agora.xtec.cat\/escolaprovencana\/afa\/canvis-a-lespai-menjador\/","title":{"rendered":"Canvis a l&#8217;Espai Menjador"},"content":{"rendered":"\n<p>Us fem arribar la fotografia actualitzada amb els canvis que hi ha hagut a l&#8217;equip de monitores de l&#8217;espai de menjador. Tenim dues noves incorporacions: la Paula que portar\u00e0 I4 i la J\u00falia que s&#8217;encarregar\u00e0 de 4t. La Meli es quedar\u00e0 exclusivament pel grup de 3r.<\/p>\n\n\n\n<p>Donem la benvinguda als nous &#8220;fixatges&#8221; i felicitem a tot l&#8217;equip per la bona feina!<\/p>\n\n\n\n<figure class=\"wp-block-image size-large\"><a href=\"https:\/\/agora.xtec.cat\/escolaprovencana\/wp-content\/uploads\/usu2442\/2026\/02\/Orla-monitors-menjador-25_26-2n-trimestre-web.jpg\"><img loading=\"lazy\" decoding=\"async\" width=\"1024\" height=\"724\" src=\"https:\/\/agora.xtec.cat\/escolaprovencana\/wp-content\/uploads\/usu2442\/2026\/02\/Orla-monitors-menjador-25_26-2n-trimestre-web-1024x724.jpg\" alt=\"\" class=\"wp-image-5771\" srcset=\"https:\/\/agora.xtec.cat\/escolaprovencana\/wp-content\/uploads\/usu2442\/2026\/02\/Orla-monitors-menjador-25_26-2n-trimestre-web-1024x724.jpg 1024w, https:\/\/agora.xtec.cat\/escolaprovencana\/wp-content\/uploads\/usu2442\/2026\/02\/Orla-monitors-menjador-25_26-2n-trimestre-web-300x212.jpg 300w, https:\/\/agora.xtec.cat\/escolaprovencana\/wp-content\/uploads\/usu2442\/2026\/02\/Orla-monitors-menjador-25_26-2n-trimestre-web-768x543.jpg 768w, https:\/\/agora.xtec.cat\/escolaprovencana\/wp-content\/uploads\/usu2442\/2026\/02\/Orla-monitors-menjador-25_26-2n-trimestre-web.jpg 1181w\" sizes=\"auto, (max-width: 1024px) 100vw, 1024px\" \/><\/a><\/figure>\n","protected":false},"excerpt":{"rendered":"<p>Us fem arribar la fotografia actualitzada amb els canvis que hi ha hagut a l&#8217;equip de monitores de l&#8217;espai de menjador. Tenim dues noves incorporacions: la Paula que portar\u00e0 I4 i la J\u00falia que s&#8217;encarregar\u00e0 de 4t. La Meli es quedar\u00e0 exclusivament pel grup de&hellip;  <a href=\"https:\/\/agora.xtec.cat\/escolaprovencana\/afa\/canvis-a-lespai-menjador\/\" title=\"Read Canvis a l&#8217;Espai Menjador\">Llegeix m\u00e9s\u00bb<\/a><\/p>\n","protected":false},"author":50,"featured_media":5771,"comment_status":"closed","ping_status":"closed","sticky":false,"template":"","format":"standard","meta":{"_bbp_topic_count":0,"_bbp_reply_count":0,"_bbp_total_topic_count":0,"_bbp_total_reply_count":0,"_bbp_voice_count":0,"_bbp_anonymous_reply_count":0,"_bbp_topic_count_hidden":0,"_bbp_reply_count_hidden":0,"_bbp_forum_subforum_count":0,"footnotes":""},"categories":[7],"tags":[130],"class_list":["post-5770","post","type-post","status-publish","format-standard","has-post-thumbnail","hentry","category-afa","tag-afa"],"post_mailing_queue_ids":[],"_links":{"self":[{"href":"https:\/\/agora.xtec.cat\/escolaprovencana\/wp-json\/wp\/v2\/posts\/5770","targetHints":{"allow":["GET"]}}],"collection":[{"href":"https:\/\/agora.xtec.cat\/escolaprovencana\/wp-json\/wp\/v2\/posts"}],"about":[{"href":"https:\/\/agora.xtec.cat\/escolaprovencana\/wp-json\/wp\/v2\/types\/post"}],"author":[{"embeddable":true,"href":"https:\/\/agora.xtec.cat\/escolaprovencana\/wp-json\/wp\/v2\/users\/50"}],"replies":[{"embeddable":true,"href":"https:\/\/agora.xtec.cat\/escolaprovencana\/wp-json\/wp\/v2\/comments?post=5770"}],"version-history":[{"count":1,"href":"https:\/\/agora.xtec.cat\/escolaprovencana\/wp-json\/wp\/v2\/posts\/5770\/revisions"}],"predecessor-version":[{"id":5772,"href":"https:\/\/agora.xtec.cat\/escolaprovencana\/wp-json\/wp\/v2\/posts\/5770\/revisions\/5772"}],"wp:featuredmedia":[{"embeddable":true,"href":"https:\/\/agora.xtec.cat\/escolaprovencana\/wp-json\/wp\/v2\/media\/5771"}],"wp:attachment":[{"href":"https:\/\/agora.xtec.cat\/escolaprovencana\/wp-json\/wp\/v2\/media?parent=5770"}],"wp:term":[{"taxonomy":"category","embeddable":true,"href":"https:\/\/agora.xtec.cat\/escolaprovencana\/wp-json\/wp\/v2\/categories?post=5770"},{"taxonomy":"post_tag","embeddable":true,"href":"https:\/\/agora.xtec.cat\/escolaprovencana\/wp-json\/wp\/v2\/tags?post=5770"}],"curies":[{"name":"wp","href":"https:\/\/api.w.org\/{rel}","templated":true}]}}