{"id":5752,"date":"2026-02-05T13:01:07","date_gmt":"2026-02-05T12:01:07","guid":{"rendered":"https:\/\/agora.xtec.cat\/escolaprovencana\/?p=5752"},"modified":"2026-03-26T13:51:51","modified_gmt":"2026-03-26T12:51:51","slug":"sortida-de-cicle-mitja-al-museu-de-la-rajoleta-esplugues-de-llobregat","status":"publish","type":"post","link":"https:\/\/agora.xtec.cat\/escolaprovencana\/general\/sortida-de-cicle-mitja-al-museu-de-la-rajoleta-esplugues-de-llobregat\/","title":{"rendered":"SORTIDA DE CICLE MITJ\u00c0 AL MUSEU DE LA RAJOLETA (Esplugues de Llobregat)"},"content":{"rendered":"\n<p>El passat dimecres 4 de febrer l&#8217;alumnat de Cicle Mitj\u00e0 vam visitar l&#8217;antiga f\u00e0brica de La Rajoleta, a Esplugues de Llobregat. Avui en dia \u00e9s un museu on pots aprendre el proc\u00e9s que fa que un tros de fang es converteixi en una bonica rajola modernista. <\/p>\n\n\n\n<p>Vam entrar dins d&#8217;un forn que, en el seu moment, podia arribar a 1300 graus de temperatura!<\/p>\n\n\n\n<p>Com veureu a les fotos, vam viatjar en el temps i vam con\u00e9ixer al gran arquitecte Antoni Gaud\u00ed. Solia visitar la f\u00e0brica i aprofitava les rajoles trencades i cremades per fer el seu fam\u00f3s trencad\u00eds. D&#8217;aquesta f\u00e0brica van sortir les rajoles que guarneixen el mundialment conegut Parc G\u00fcell.<\/p>\n\n\n\n<p>Aqu\u00ed teniu un grapat de fotos per recordar la sortida:<\/p>\n\n\n\n<p><a href=\"https:\/\/drive.google.com\/drive\/folders\/1JigWINA4VJp_3NHB9aPFiCU8zPxX67vz?usp=drive_link\">Fotos Sortida al Museu de la Rajoleta (Esplugues de Llobregat)<\/a><\/p>\n\n\n\n<p>Esgotats de tant aprendre coses i compartir jocs amb les companyes i els companys, vam tornar amb autocar fins a l&#8217;escola.<\/p>\n\n\n\n<p>Cicle Mitj\u00e0<\/p>\n","protected":false},"excerpt":{"rendered":"<p>El passat dimecres 4 de febrer l&#8217;alumnat de Cicle Mitj\u00e0 vam visitar l&#8217;antiga f\u00e0brica de La Rajoleta, a Esplugues de Llobregat. Avui en dia \u00e9s un museu on pots aprendre el proc\u00e9s que fa que un tros de fang es converteixi en una bonica rajola&hellip;  <a href=\"https:\/\/agora.xtec.cat\/escolaprovencana\/general\/sortida-de-cicle-mitja-al-museu-de-la-rajoleta-esplugues-de-llobregat\/\" title=\"Read SORTIDA DE CICLE MITJ\u00c0 AL MUSEU DE LA RAJOLETA (Esplugues de Llobregat)\">Llegeix m\u00e9s\u00bb<\/a><\/p>\n","protected":false},"author":15,"featured_media":0,"comment_status":"closed","ping_status":"closed","sticky":false,"template":"","format":"standard","meta":{"_bbp_topic_count":0,"_bbp_reply_count":0,"_bbp_total_topic_count":0,"_bbp_total_reply_count":0,"_bbp_voice_count":0,"_bbp_anonymous_reply_count":0,"_bbp_topic_count_hidden":0,"_bbp_reply_count_hidden":0,"_bbp_forum_subforum_count":0,"footnotes":""},"categories":[12,13,1,5],"tags":[],"class_list":["post-5752","post","type-post","status-publish","format-standard","hentry","category-3r","category-4t","category-general","category-primaria"],"post_mailing_queue_ids":[],"_links":{"self":[{"href":"https:\/\/agora.xtec.cat\/escolaprovencana\/wp-json\/wp\/v2\/posts\/5752","targetHints":{"allow":["GET"]}}],"collection":[{"href":"https:\/\/agora.xtec.cat\/escolaprovencana\/wp-json\/wp\/v2\/posts"}],"about":[{"href":"https:\/\/agora.xtec.cat\/escolaprovencana\/wp-json\/wp\/v2\/types\/post"}],"author":[{"embeddable":true,"href":"https:\/\/agora.xtec.cat\/escolaprovencana\/wp-json\/wp\/v2\/users\/15"}],"replies":[{"embeddable":true,"href":"https:\/\/agora.xtec.cat\/escolaprovencana\/wp-json\/wp\/v2\/comments?post=5752"}],"version-history":[{"count":2,"href":"https:\/\/agora.xtec.cat\/escolaprovencana\/wp-json\/wp\/v2\/posts\/5752\/revisions"}],"predecessor-version":[{"id":5769,"href":"https:\/\/agora.xtec.cat\/escolaprovencana\/wp-json\/wp\/v2\/posts\/5752\/revisions\/5769"}],"wp:attachment":[{"href":"https:\/\/agora.xtec.cat\/escolaprovencana\/wp-json\/wp\/v2\/media?parent=5752"}],"wp:term":[{"taxonomy":"category","embeddable":true,"href":"https:\/\/agora.xtec.cat\/escolaprovencana\/wp-json\/wp\/v2\/categories?post=5752"},{"taxonomy":"post_tag","embeddable":true,"href":"https:\/\/agora.xtec.cat\/escolaprovencana\/wp-json\/wp\/v2\/tags?post=5752"}],"curies":[{"name":"wp","href":"https:\/\/api.w.org\/{rel}","templated":true}]}}