{"id":5730,"date":"2026-02-04T13:27:04","date_gmt":"2026-02-04T12:27:04","guid":{"rendered":"https:\/\/agora.xtec.cat\/escolaprovencana\/?p=5730"},"modified":"2026-03-26T13:52:29","modified_gmt":"2026-03-26T12:52:29","slug":"musica-a-i4","status":"publish","type":"post","link":"https:\/\/agora.xtec.cat\/escolaprovencana\/general\/musica-a-i4\/","title":{"rendered":"M\u00fasica a I4"},"content":{"rendered":"\n<p>Bon dia fam\u00edlies, aquests dies hem treballat l&#8217;audici\u00f3 &#8220;Joc de nens, joc de pares&#8221; del Trencanous (Txaikovski). Hem interpretat les 3 parts de l&#8217;obra tenint en compte els 3 personatges del conte: nadons dormint, germans amb instruments i pares i mares.<\/p>\n\n\n\n<p>Ens ho hem passant d&#8217;all\u00f2 m\u00e9s b\u00e9!<\/p>\n\n\n\n<p>Visca la m\u00fasica!<\/p>\n\n\n\n<figure class=\"wp-block-image size-large\"><a href=\"https:\/\/agora.xtec.cat\/escolaprovencana\/wp-content\/uploads\/usu2442\/2026\/02\/musica-i4-scaled.jpg\"><img loading=\"lazy\" decoding=\"async\" width=\"1024\" height=\"366\" src=\"https:\/\/agora.xtec.cat\/escolaprovencana\/wp-content\/uploads\/usu2442\/2026\/02\/musica-i4-1024x366.jpg\" alt=\"\" class=\"wp-image-5731\" srcset=\"https:\/\/agora.xtec.cat\/escolaprovencana\/wp-content\/uploads\/usu2442\/2026\/02\/musica-i4-1024x366.jpg 1024w, https:\/\/agora.xtec.cat\/escolaprovencana\/wp-content\/uploads\/usu2442\/2026\/02\/musica-i4-300x107.jpg 300w, https:\/\/agora.xtec.cat\/escolaprovencana\/wp-content\/uploads\/usu2442\/2026\/02\/musica-i4-768x274.jpg 768w, https:\/\/agora.xtec.cat\/escolaprovencana\/wp-content\/uploads\/usu2442\/2026\/02\/musica-i4-1536x549.jpg 1536w, https:\/\/agora.xtec.cat\/escolaprovencana\/wp-content\/uploads\/usu2442\/2026\/02\/musica-i4-2048x732.jpg 2048w\" sizes=\"auto, (max-width: 1024px) 100vw, 1024px\" \/><\/a><\/figure>\n\n\n\n<figure class=\"wp-block-gallery has-nested-images columns-default is-cropped wp-block-gallery-1 is-layout-flex wp-block-gallery-is-layout-flex\">\n<figure class=\"wp-block-image size-large\"><a href=\"https:\/\/agora.xtec.cat\/escolaprovencana\/wp-content\/uploads\/usu2442\/2026\/02\/nens-2-1.jpg\"><img loading=\"lazy\" decoding=\"async\" width=\"1024\" height=\"571\" data-id=\"5733\" src=\"https:\/\/agora.xtec.cat\/escolaprovencana\/wp-content\/uploads\/usu2442\/2026\/02\/nens-2-1-1024x571.jpg\" alt=\"\" class=\"wp-image-5733\" srcset=\"https:\/\/agora.xtec.cat\/escolaprovencana\/wp-content\/uploads\/usu2442\/2026\/02\/nens-2-1-1024x571.jpg 1024w, https:\/\/agora.xtec.cat\/escolaprovencana\/wp-content\/uploads\/usu2442\/2026\/02\/nens-2-1-300x167.jpg 300w, https:\/\/agora.xtec.cat\/escolaprovencana\/wp-content\/uploads\/usu2442\/2026\/02\/nens-2-1-768x428.jpg 768w, https:\/\/agora.xtec.cat\/escolaprovencana\/wp-content\/uploads\/usu2442\/2026\/02\/nens-2-1-1536x856.jpg 1536w, https:\/\/agora.xtec.cat\/escolaprovencana\/wp-content\/uploads\/usu2442\/2026\/02\/nens-2-1-2048x1142.jpg 2048w\" sizes=\"auto, (max-width: 1024px) 100vw, 1024px\" \/><\/a><\/figure>\n\n\n\n<figure class=\"wp-block-image size-large\"><a href=\"https:\/\/agora.xtec.cat\/escolaprovencana\/wp-content\/uploads\/usu2442\/2026\/02\/nesn-3-scaled.jpg\"><img loading=\"lazy\" decoding=\"async\" width=\"1024\" height=\"493\" data-id=\"5734\" src=\"https:\/\/agora.xtec.cat\/escolaprovencana\/wp-content\/uploads\/usu2442\/2026\/02\/nesn-3-1024x493.jpg\" alt=\"\" class=\"wp-image-5734\" srcset=\"https:\/\/agora.xtec.cat\/escolaprovencana\/wp-content\/uploads\/usu2442\/2026\/02\/nesn-3-1024x493.jpg 1024w, https:\/\/agora.xtec.cat\/escolaprovencana\/wp-content\/uploads\/usu2442\/2026\/02\/nesn-3-300x144.jpg 300w, https:\/\/agora.xtec.cat\/escolaprovencana\/wp-content\/uploads\/usu2442\/2026\/02\/nesn-3-768x370.jpg 768w, https:\/\/agora.xtec.cat\/escolaprovencana\/wp-content\/uploads\/usu2442\/2026\/02\/nesn-3-1536x739.jpg 1536w, https:\/\/agora.xtec.cat\/escolaprovencana\/wp-content\/uploads\/usu2442\/2026\/02\/nesn-3-2048x986.jpg 2048w\" sizes=\"auto, (max-width: 1024px) 100vw, 1024px\" \/><\/a><\/figure>\n<\/figure>\n","protected":false},"excerpt":{"rendered":"<p>Bon dia fam\u00edlies, aquests dies hem treballat l&#8217;audici\u00f3 &#8220;Joc de nens, joc de pares&#8221; del Trencanous (Txaikovski). Hem interpretat les 3 parts de l&#8217;obra tenint en compte els 3 personatges del conte: nadons dormint, germans amb instruments i pares i mares.<\/p>\n<p>Ens ho hem passant d&#8217;all\u00f2&hellip;  <a href=\"https:\/\/agora.xtec.cat\/escolaprovencana\/general\/musica-a-i4\/\" title=\"Read M\u00fasica a I4\">Llegeix m\u00e9s\u00bb<\/a><\/p>\n","protected":false},"author":11,"featured_media":0,"comment_status":"closed","ping_status":"closed","sticky":false,"template":"","format":"standard","meta":{"_bbp_topic_count":0,"_bbp_reply_count":0,"_bbp_total_topic_count":0,"_bbp_total_reply_count":0,"_bbp_voice_count":0,"_bbp_anonymous_reply_count":0,"_bbp_topic_count_hidden":0,"_bbp_reply_count_hidden":0,"_bbp_forum_subforum_count":0,"footnotes":""},"categories":[1,8,2],"tags":[],"class_list":["post-5730","post","type-post","status-publish","format-standard","hentry","category-general","category-i4","category-infantil"],"post_mailing_queue_ids":[],"_links":{"self":[{"href":"https:\/\/agora.xtec.cat\/escolaprovencana\/wp-json\/wp\/v2\/posts\/5730","targetHints":{"allow":["GET"]}}],"collection":[{"href":"https:\/\/agora.xtec.cat\/escolaprovencana\/wp-json\/wp\/v2\/posts"}],"about":[{"href":"https:\/\/agora.xtec.cat\/escolaprovencana\/wp-json\/wp\/v2\/types\/post"}],"author":[{"embeddable":true,"href":"https:\/\/agora.xtec.cat\/escolaprovencana\/wp-json\/wp\/v2\/users\/11"}],"replies":[{"embeddable":true,"href":"https:\/\/agora.xtec.cat\/escolaprovencana\/wp-json\/wp\/v2\/comments?post=5730"}],"version-history":[{"count":1,"href":"https:\/\/agora.xtec.cat\/escolaprovencana\/wp-json\/wp\/v2\/posts\/5730\/revisions"}],"predecessor-version":[{"id":5735,"href":"https:\/\/agora.xtec.cat\/escolaprovencana\/wp-json\/wp\/v2\/posts\/5730\/revisions\/5735"}],"wp:attachment":[{"href":"https:\/\/agora.xtec.cat\/escolaprovencana\/wp-json\/wp\/v2\/media?parent=5730"}],"wp:term":[{"taxonomy":"category","embeddable":true,"href":"https:\/\/agora.xtec.cat\/escolaprovencana\/wp-json\/wp\/v2\/categories?post=5730"},{"taxonomy":"post_tag","embeddable":true,"href":"https:\/\/agora.xtec.cat\/escolaprovencana\/wp-json\/wp\/v2\/tags?post=5730"}],"curies":[{"name":"wp","href":"https:\/\/api.w.org\/{rel}","templated":true}]}}