{"id":5725,"date":"2026-02-04T11:06:06","date_gmt":"2026-02-04T10:06:06","guid":{"rendered":"https:\/\/agora.xtec.cat\/escolaprovencana\/?p=5725"},"modified":"2026-03-26T13:52:53","modified_gmt":"2026-03-26T12:52:53","slug":"familia-addams-a-3r","status":"publish","type":"post","link":"https:\/\/agora.xtec.cat\/escolaprovencana\/general\/familia-addams-a-3r\/","title":{"rendered":"Fam\u00edlia Addams a 3r"},"content":{"rendered":"\n<p>Bon dia fam\u00edlies de 3r,<\/p>\n\n\n\n<p>Aquesta setmana hem treballat la pulsaci\u00f3, creativitat i la percussi\u00f3 corporal amb una can\u00e7\u00f3 ben marxosa: La Fam\u00edlia Addams!<\/p>\n\n\n\n<p>Hem apr\u00e8s la lletra i l&#8217;hem ballada amb cercles seguint la pulsaci\u00f3 i la direccionalitat de les sabates de mostra.<\/p>\n\n\n\n<p>Visca la m\u00fasica!<\/p>\n\n\n\n<figure class=\"wp-block-image size-large\"><a href=\"https:\/\/agora.xtec.cat\/escolaprovencana\/wp-content\/uploads\/usu2442\/2026\/02\/FAMILIA-ADDAMS-1-scaled.jpg\"><img loading=\"lazy\" decoding=\"async\" width=\"1024\" height=\"587\" src=\"https:\/\/agora.xtec.cat\/escolaprovencana\/wp-content\/uploads\/usu2442\/2026\/02\/FAMILIA-ADDAMS-1-1024x587.jpg\" alt=\"\" class=\"wp-image-5727\" srcset=\"https:\/\/agora.xtec.cat\/escolaprovencana\/wp-content\/uploads\/usu2442\/2026\/02\/FAMILIA-ADDAMS-1-1024x587.jpg 1024w, https:\/\/agora.xtec.cat\/escolaprovencana\/wp-content\/uploads\/usu2442\/2026\/02\/FAMILIA-ADDAMS-1-300x172.jpg 300w, https:\/\/agora.xtec.cat\/escolaprovencana\/wp-content\/uploads\/usu2442\/2026\/02\/FAMILIA-ADDAMS-1-768x440.jpg 768w, https:\/\/agora.xtec.cat\/escolaprovencana\/wp-content\/uploads\/usu2442\/2026\/02\/FAMILIA-ADDAMS-1-1536x881.jpg 1536w, https:\/\/agora.xtec.cat\/escolaprovencana\/wp-content\/uploads\/usu2442\/2026\/02\/FAMILIA-ADDAMS-1-2048x1174.jpg 2048w\" sizes=\"auto, (max-width: 1024px) 100vw, 1024px\" \/><\/a><\/figure>\n\n\n\n<p><\/p>\n","protected":false},"excerpt":{"rendered":"<p>Bon dia fam\u00edlies de 3r,<\/p>\n<p>Aquesta setmana hem treballat la pulsaci\u00f3, creativitat i la percussi\u00f3 corporal amb una can\u00e7\u00f3 ben marxosa: La Fam\u00edlia Addams!<\/p>\n<p>Hem apr\u00e8s la lletra i l&#8217;hem ballada amb cercles seguint la pulsaci\u00f3 i la direccionalitat de les sabates de mostra.<\/p>\n<p>Visca la m\u00fasica!<\/p>\n<p><a href=\"https:\/\/agora.xtec.cat\/escolaprovencana\/wp-content\/uploads\/usu2442\/2026\/02\/FAMILIA-ADDAMS-1-scaled.jpg\"><\/a><\/p>\n","protected":false},"author":11,"featured_media":5726,"comment_status":"closed","ping_status":"closed","sticky":false,"template":"","format":"standard","meta":{"_bbp_topic_count":0,"_bbp_reply_count":0,"_bbp_total_topic_count":0,"_bbp_total_reply_count":0,"_bbp_voice_count":0,"_bbp_anonymous_reply_count":0,"_bbp_topic_count_hidden":0,"_bbp_reply_count_hidden":0,"_bbp_forum_subforum_count":0,"footnotes":""},"categories":[12,1,5],"tags":[],"class_list":["post-5725","post","type-post","status-publish","format-standard","has-post-thumbnail","hentry","category-3r","category-general","category-primaria"],"post_mailing_queue_ids":[],"_links":{"self":[{"href":"https:\/\/agora.xtec.cat\/escolaprovencana\/wp-json\/wp\/v2\/posts\/5725","targetHints":{"allow":["GET"]}}],"collection":[{"href":"https:\/\/agora.xtec.cat\/escolaprovencana\/wp-json\/wp\/v2\/posts"}],"about":[{"href":"https:\/\/agora.xtec.cat\/escolaprovencana\/wp-json\/wp\/v2\/types\/post"}],"author":[{"embeddable":true,"href":"https:\/\/agora.xtec.cat\/escolaprovencana\/wp-json\/wp\/v2\/users\/11"}],"replies":[{"embeddable":true,"href":"https:\/\/agora.xtec.cat\/escolaprovencana\/wp-json\/wp\/v2\/comments?post=5725"}],"version-history":[{"count":2,"href":"https:\/\/agora.xtec.cat\/escolaprovencana\/wp-json\/wp\/v2\/posts\/5725\/revisions"}],"predecessor-version":[{"id":5729,"href":"https:\/\/agora.xtec.cat\/escolaprovencana\/wp-json\/wp\/v2\/posts\/5725\/revisions\/5729"}],"wp:featuredmedia":[{"embeddable":true,"href":"https:\/\/agora.xtec.cat\/escolaprovencana\/wp-json\/wp\/v2\/media\/5726"}],"wp:attachment":[{"href":"https:\/\/agora.xtec.cat\/escolaprovencana\/wp-json\/wp\/v2\/media?parent=5725"}],"wp:term":[{"taxonomy":"category","embeddable":true,"href":"https:\/\/agora.xtec.cat\/escolaprovencana\/wp-json\/wp\/v2\/categories?post=5725"},{"taxonomy":"post_tag","embeddable":true,"href":"https:\/\/agora.xtec.cat\/escolaprovencana\/wp-json\/wp\/v2\/tags?post=5725"}],"curies":[{"name":"wp","href":"https:\/\/api.w.org\/{rel}","templated":true}]}}