{"id":5717,"date":"2026-01-30T12:46:37","date_gmt":"2026-01-30T11:46:37","guid":{"rendered":"https:\/\/agora.xtec.cat\/escolaprovencana\/?p=5717"},"modified":"2026-03-26T13:53:12","modified_gmt":"2026-03-26T12:53:12","slug":"el-dia-de-la-pau-a-6e-b","status":"publish","type":"post","link":"https:\/\/agora.xtec.cat\/escolaprovencana\/general\/el-dia-de-la-pau-a-6e-b\/","title":{"rendered":"Celebrem el Dia de la Pau a 6\u00e8 B"},"content":{"rendered":"\n<p>Els alumnes de 6\u00e8 B hem celebrat el Dia de la Pau amb diferents activitats per reflexionar sobre la conviv\u00e8ncia i els valors.<\/p>\n\n\n\n<p>Hem vist un v\u00eddeo de l\u2019Info-k on uns alumnes explicaven com treballaven la pau a la seva escola i parlaven sobre actituds del dia a dia. Despr\u00e9s, hem compartit a classe comportaments que no ens agraden i hem pensat qu\u00e8 podem fer per conviure en un ambient segur, tranquil i de confian\u00e7a.<\/p>\n\n\n\n<p>Tamb\u00e9 hem conegut la figura de Mahatma Gandhi i el seu missatge de pau i respecte. Per acabar, hem decorat mandales sobre valors i les hem penjat a les finestres de l\u2019aula per decorar-la.<\/p>\n\n\n\n<p>Ha estat una jornada molt enriquidora i plena de reflexi\u00f3.<\/p>\n\n\n\n<figure class=\"wp-block-image size-large\"><a href=\"https:\/\/agora.xtec.cat\/escolaprovencana\/wp-content\/uploads\/usu2442\/2026\/01\/IMATGE-FINESTRA-PAU.jpg\"><img loading=\"lazy\" decoding=\"async\" width=\"576\" height=\"1024\" src=\"https:\/\/agora.xtec.cat\/escolaprovencana\/wp-content\/uploads\/usu2442\/2026\/01\/IMATGE-FINESTRA-PAU-576x1024.jpg\" alt=\"\" class=\"wp-image-5718\" srcset=\"https:\/\/agora.xtec.cat\/escolaprovencana\/wp-content\/uploads\/usu2442\/2026\/01\/IMATGE-FINESTRA-PAU-576x1024.jpg 576w, https:\/\/agora.xtec.cat\/escolaprovencana\/wp-content\/uploads\/usu2442\/2026\/01\/IMATGE-FINESTRA-PAU-169x300.jpg 169w, https:\/\/agora.xtec.cat\/escolaprovencana\/wp-content\/uploads\/usu2442\/2026\/01\/IMATGE-FINESTRA-PAU-768x1365.jpg 768w, https:\/\/agora.xtec.cat\/escolaprovencana\/wp-content\/uploads\/usu2442\/2026\/01\/IMATGE-FINESTRA-PAU-864x1536.jpg 864w, https:\/\/agora.xtec.cat\/escolaprovencana\/wp-content\/uploads\/usu2442\/2026\/01\/IMATGE-FINESTRA-PAU-1152x2048.jpg 1152w, https:\/\/agora.xtec.cat\/escolaprovencana\/wp-content\/uploads\/usu2442\/2026\/01\/IMATGE-FINESTRA-PAU.jpg 1170w\" sizes=\"auto, (max-width: 576px) 100vw, 576px\" \/><\/a><\/figure>\n","protected":false},"excerpt":{"rendered":"<p>Els alumnes de 6\u00e8 B hem celebrat el Dia de la Pau amb diferents activitats per reflexionar sobre la conviv\u00e8ncia i els valors.<\/p>\n<p>Hem vist un v\u00eddeo de l\u2019Info-k on uns alumnes explicaven com treballaven la pau a la seva escola i parlaven sobre actituds del&hellip;  <a href=\"https:\/\/agora.xtec.cat\/escolaprovencana\/general\/el-dia-de-la-pau-a-6e-b\/\" title=\"Read Celebrem el Dia de la Pau a 6\u00e8 B\">Llegeix m\u00e9s\u00bb<\/a><\/p>\n","protected":false},"author":55,"featured_media":0,"comment_status":"closed","ping_status":"closed","sticky":false,"template":"","format":"standard","meta":{"_bbp_topic_count":0,"_bbp_reply_count":0,"_bbp_total_topic_count":0,"_bbp_total_reply_count":0,"_bbp_voice_count":0,"_bbp_anonymous_reply_count":0,"_bbp_topic_count_hidden":0,"_bbp_reply_count_hidden":0,"_bbp_forum_subforum_count":0,"footnotes":""},"categories":[15,1,5],"tags":[],"class_list":["post-5717","post","type-post","status-publish","format-standard","hentry","category-6e","category-general","category-primaria"],"post_mailing_queue_ids":[],"_links":{"self":[{"href":"https:\/\/agora.xtec.cat\/escolaprovencana\/wp-json\/wp\/v2\/posts\/5717","targetHints":{"allow":["GET"]}}],"collection":[{"href":"https:\/\/agora.xtec.cat\/escolaprovencana\/wp-json\/wp\/v2\/posts"}],"about":[{"href":"https:\/\/agora.xtec.cat\/escolaprovencana\/wp-json\/wp\/v2\/types\/post"}],"author":[{"embeddable":true,"href":"https:\/\/agora.xtec.cat\/escolaprovencana\/wp-json\/wp\/v2\/users\/55"}],"replies":[{"embeddable":true,"href":"https:\/\/agora.xtec.cat\/escolaprovencana\/wp-json\/wp\/v2\/comments?post=5717"}],"version-history":[{"count":2,"href":"https:\/\/agora.xtec.cat\/escolaprovencana\/wp-json\/wp\/v2\/posts\/5717\/revisions"}],"predecessor-version":[{"id":5720,"href":"https:\/\/agora.xtec.cat\/escolaprovencana\/wp-json\/wp\/v2\/posts\/5717\/revisions\/5720"}],"wp:attachment":[{"href":"https:\/\/agora.xtec.cat\/escolaprovencana\/wp-json\/wp\/v2\/media?parent=5717"}],"wp:term":[{"taxonomy":"category","embeddable":true,"href":"https:\/\/agora.xtec.cat\/escolaprovencana\/wp-json\/wp\/v2\/categories?post=5717"},{"taxonomy":"post_tag","embeddable":true,"href":"https:\/\/agora.xtec.cat\/escolaprovencana\/wp-json\/wp\/v2\/tags?post=5717"}],"curies":[{"name":"wp","href":"https:\/\/api.w.org\/{rel}","templated":true}]}}