{"id":5675,"date":"2026-01-26T13:40:52","date_gmt":"2026-01-26T12:40:52","guid":{"rendered":"https:\/\/agora.xtec.cat\/escolaprovencana\/?p=5675"},"modified":"2026-01-27T01:24:17","modified_gmt":"2026-01-27T00:24:17","slug":"i4-les-abelles-fem-cagar-el-tio","status":"publish","type":"post","link":"https:\/\/agora.xtec.cat\/escolaprovencana\/general\/i4-les-abelles-fem-cagar-el-tio\/","title":{"rendered":"I4 LES ABELLES &#8211; FEM CAGAR EL TI\u00d3"},"content":{"rendered":"\n<p>Les &#8220;Abelles&#8221; d&#8217;I4 s&#8217;ho han passat d&#8217;all\u00f2 m\u00e9s b\u00e9 fent cagar el nostre Ti\u00f3. Preparats, llestos i&#8230; PAM!!!<\/p>\n\n\n\n<figure class=\"wp-block-embed is-type-video is-provider-youtube wp-block-embed-youtube wp-embed-aspect-16-9 wp-has-aspect-ratio\"><div class=\"wp-block-embed__wrapper\">\n<iframe loading=\"lazy\" title=\"I4 ABELLES   FEM CAGAR EL TI\u00d3\" width=\"500\" height=\"281\" src=\"https:\/\/www.youtube.com\/embed\/OJL8AfoW6Hk?feature=oembed\" frameborder=\"0\" allow=\"accelerometer; autoplay; clipboard-write; encrypted-media; gyroscope; picture-in-picture; web-share\" referrerpolicy=\"strict-origin-when-cross-origin\" allowfullscreen><\/iframe>\n<\/div><\/figure>\n","protected":false},"excerpt":{"rendered":"<p>Les &#8220;Abelles&#8221; d&#8217;I4 s&#8217;ho han passat d&#8217;all\u00f2 m\u00e9s b\u00e9 fent cagar el nostre Ti\u00f3. Preparats, llestos i&#8230; PAM!!!<\/p>\n","protected":false},"author":31,"featured_media":0,"comment_status":"closed","ping_status":"open","sticky":false,"template":"","format":"standard","meta":{"_bbp_topic_count":0,"_bbp_reply_count":0,"_bbp_total_topic_count":0,"_bbp_total_reply_count":0,"_bbp_voice_count":0,"_bbp_anonymous_reply_count":0,"_bbp_topic_count_hidden":0,"_bbp_reply_count_hidden":0,"_bbp_forum_subforum_count":0,"footnotes":""},"categories":[1,8],"tags":[],"class_list":["post-5675","post","type-post","status-publish","format-standard","hentry","category-general","category-i4"],"post_mailing_queue_ids":[],"_links":{"self":[{"href":"https:\/\/agora.xtec.cat\/escolaprovencana\/wp-json\/wp\/v2\/posts\/5675","targetHints":{"allow":["GET"]}}],"collection":[{"href":"https:\/\/agora.xtec.cat\/escolaprovencana\/wp-json\/wp\/v2\/posts"}],"about":[{"href":"https:\/\/agora.xtec.cat\/escolaprovencana\/wp-json\/wp\/v2\/types\/post"}],"author":[{"embeddable":true,"href":"https:\/\/agora.xtec.cat\/escolaprovencana\/wp-json\/wp\/v2\/users\/31"}],"replies":[{"embeddable":true,"href":"https:\/\/agora.xtec.cat\/escolaprovencana\/wp-json\/wp\/v2\/comments?post=5675"}],"version-history":[{"count":1,"href":"https:\/\/agora.xtec.cat\/escolaprovencana\/wp-json\/wp\/v2\/posts\/5675\/revisions"}],"predecessor-version":[{"id":5676,"href":"https:\/\/agora.xtec.cat\/escolaprovencana\/wp-json\/wp\/v2\/posts\/5675\/revisions\/5676"}],"wp:attachment":[{"href":"https:\/\/agora.xtec.cat\/escolaprovencana\/wp-json\/wp\/v2\/media?parent=5675"}],"wp:term":[{"taxonomy":"category","embeddable":true,"href":"https:\/\/agora.xtec.cat\/escolaprovencana\/wp-json\/wp\/v2\/categories?post=5675"},{"taxonomy":"post_tag","embeddable":true,"href":"https:\/\/agora.xtec.cat\/escolaprovencana\/wp-json\/wp\/v2\/tags?post=5675"}],"curies":[{"name":"wp","href":"https:\/\/api.w.org\/{rel}","templated":true}]}}