{"id":5588,"date":"2025-12-15T10:46:44","date_gmt":"2025-12-15T09:46:44","guid":{"rendered":"https:\/\/agora.xtec.cat\/escolaprovencana\/?p=5588"},"modified":"2025-12-15T15:03:48","modified_gmt":"2025-12-15T14:03:48","slug":"projecte-de-medi-natural-a-6e-b-els-animals","status":"publish","type":"post","link":"https:\/\/agora.xtec.cat\/escolaprovencana\/general\/projecte-de-medi-natural-a-6e-b-els-animals\/","title":{"rendered":"Un viatge salvatge pel m\u00f3n dels animals\ud83d\udc3e\ud83c\udf0d"},"content":{"rendered":"\n<p>Durant el primer trimestre, els alumnes de 6\u00e8 B han dut a terme un projecte molt interessant sobre <strong>els animals<\/strong>. Al llarg d\u2019aquest treball han estudiat els cinc gran grups d&#8217;animals: mam\u00edfers, aus, r\u00e8ptils, amfibis i peixos.<\/p>\n\n\n\n<p>Gr\u00e0cies a aquest projecte, els alumnes han apr\u00e8s moltes coses sobre cada grup, com ara on viuen, com neixen, com es reprodueixen, de qu\u00e8 s\u2019alimenten, com respiren, com es desplacen i quines s\u00f3n les seves principals caracter\u00edstiques. Tamb\u00e9 han descobert les difer\u00e8ncies i semblances entre els diversos grups d\u2019animals i la import\u00e0ncia de respectar i cuidar el medi natural.<\/p>\n\n\n\n<p>Per acabar el projecte, cada grup d\u2019alumnes ha preparat una presentaci\u00f3 oral, en la qual han explicat la informaci\u00f3 treballada davant dels companys i companyes. Aquesta activitat els ha ajudat a millorar les seves habilitats d\u2019expressi\u00f3 oral, a treballar en equip i a guanyar confian\u00e7a a l\u2019hora de parlar en p\u00fablic.<\/p>\n\n\n\n<figure class=\"wp-block-image size-large\"><a href=\"https:\/\/agora.xtec.cat\/escolaprovencana\/wp-content\/uploads\/usu2442\/2025\/12\/Foto-projecte-medi.png\"><img loading=\"lazy\" decoding=\"async\" width=\"586\" height=\"1024\" src=\"https:\/\/agora.xtec.cat\/escolaprovencana\/wp-content\/uploads\/usu2442\/2025\/12\/Foto-projecte-medi-586x1024.png\" alt=\"\" class=\"wp-image-5589\" srcset=\"https:\/\/agora.xtec.cat\/escolaprovencana\/wp-content\/uploads\/usu2442\/2025\/12\/Foto-projecte-medi-586x1024.png 586w, https:\/\/agora.xtec.cat\/escolaprovencana\/wp-content\/uploads\/usu2442\/2025\/12\/Foto-projecte-medi-172x300.png 172w, https:\/\/agora.xtec.cat\/escolaprovencana\/wp-content\/uploads\/usu2442\/2025\/12\/Foto-projecte-medi-768x1342.png 768w, https:\/\/agora.xtec.cat\/escolaprovencana\/wp-content\/uploads\/usu2442\/2025\/12\/Foto-projecte-medi-879x1536.png 879w, https:\/\/agora.xtec.cat\/escolaprovencana\/wp-content\/uploads\/usu2442\/2025\/12\/Foto-projecte-medi.png 1170w\" sizes=\"auto, (max-width: 586px) 100vw, 586px\" \/><\/a><\/figure>\n\n\n\n<p class=\"has-black-color has-text-color has-link-color wp-elements-92633d71c1fec800f71c7075fd7a8517\">Ha estat un projecte molt enriquidor, que ha despertat la curiositat dels alumnes i els ha perm\u00e8s aprendre d\u2019una manera activa i motivadora.<\/p>\n\n\n\n<p><\/p>\n","protected":false},"excerpt":{"rendered":"<p>Durant el primer trimestre, els alumnes de 6\u00e8 B han dut a terme un projecte molt interessant sobre els animals. Al llarg d\u2019aquest treball han estudiat els cinc gran grups d&#8217;animals: mam\u00edfers, aus, r\u00e8ptils, amfibis i peixos.<\/p>\n<p>Gr\u00e0cies a aquest projecte, els alumnes han apr\u00e8s moltes&hellip;  <a href=\"https:\/\/agora.xtec.cat\/escolaprovencana\/general\/projecte-de-medi-natural-a-6e-b-els-animals\/\" title=\"Read Un viatge salvatge pel m\u00f3n dels animals\ud83d\udc3e\ud83c\udf0d\">Llegeix m\u00e9s\u00bb<\/a><\/p>\n","protected":false},"author":55,"featured_media":0,"comment_status":"closed","ping_status":"closed","sticky":false,"template":"","format":"standard","meta":{"_bbp_topic_count":0,"_bbp_reply_count":0,"_bbp_total_topic_count":0,"_bbp_total_reply_count":0,"_bbp_voice_count":0,"_bbp_anonymous_reply_count":0,"_bbp_topic_count_hidden":0,"_bbp_reply_count_hidden":0,"_bbp_forum_subforum_count":0,"footnotes":""},"categories":[15,1],"tags":[],"class_list":["post-5588","post","type-post","status-publish","format-standard","hentry","category-6e","category-general"],"post_mailing_queue_ids":[],"_links":{"self":[{"href":"https:\/\/agora.xtec.cat\/escolaprovencana\/wp-json\/wp\/v2\/posts\/5588","targetHints":{"allow":["GET"]}}],"collection":[{"href":"https:\/\/agora.xtec.cat\/escolaprovencana\/wp-json\/wp\/v2\/posts"}],"about":[{"href":"https:\/\/agora.xtec.cat\/escolaprovencana\/wp-json\/wp\/v2\/types\/post"}],"author":[{"embeddable":true,"href":"https:\/\/agora.xtec.cat\/escolaprovencana\/wp-json\/wp\/v2\/users\/55"}],"replies":[{"embeddable":true,"href":"https:\/\/agora.xtec.cat\/escolaprovencana\/wp-json\/wp\/v2\/comments?post=5588"}],"version-history":[{"count":3,"href":"https:\/\/agora.xtec.cat\/escolaprovencana\/wp-json\/wp\/v2\/posts\/5588\/revisions"}],"predecessor-version":[{"id":5592,"href":"https:\/\/agora.xtec.cat\/escolaprovencana\/wp-json\/wp\/v2\/posts\/5588\/revisions\/5592"}],"wp:attachment":[{"href":"https:\/\/agora.xtec.cat\/escolaprovencana\/wp-json\/wp\/v2\/media?parent=5588"}],"wp:term":[{"taxonomy":"category","embeddable":true,"href":"https:\/\/agora.xtec.cat\/escolaprovencana\/wp-json\/wp\/v2\/categories?post=5588"},{"taxonomy":"post_tag","embeddable":true,"href":"https:\/\/agora.xtec.cat\/escolaprovencana\/wp-json\/wp\/v2\/tags?post=5588"}],"curies":[{"name":"wp","href":"https:\/\/api.w.org\/{rel}","templated":true}]}}