{"id":5585,"date":"2025-12-12T13:12:21","date_gmt":"2025-12-12T12:12:21","guid":{"rendered":"https:\/\/agora.xtec.cat\/escolaprovencana\/?p=5585"},"modified":"2025-12-12T13:12:22","modified_gmt":"2025-12-12T12:12:22","slug":"a-2n-investiguem-les-plantes%f0%9f%8c%bf%f0%9f%8c%b8","status":"publish","type":"post","link":"https:\/\/agora.xtec.cat\/escolaprovencana\/general\/a-2n-investiguem-les-plantes%f0%9f%8c%bf%f0%9f%8c%b8\/","title":{"rendered":"A 2n investiguem les plantes\ud83c\udf3f\ud83c\udf38"},"content":{"rendered":"\n<p>El dimecres 10 de desembre, van venir a l&#8217;escola dos professionals a fer-nos una xerrada sobre les plantes. Just el tema que hem comen\u00e7at al nou projecte de medi! \ud83c\udf3f\ud83c\udf38<\/p>\n\n\n\n<p>Va ser molt interessant perqu\u00e8 vam aprendre moltes coses i alhora, vam poder investigar molt i convertir-nos en experts i expertes.<\/p>\n\n\n\n<p>Aqu\u00ed teniu un petit v\u00eddeo on podeu veure com va ser la nostra investigaci\u00f3!<\/p>\n\n\n\n<p>Esperem que us agradi! \ud83c\udf38<\/p>\n\n\n\n<figure class=\"wp-block-embed is-type-video is-provider-youtube wp-block-embed-youtube wp-embed-aspect-16-9 wp-has-aspect-ratio\"><div class=\"wp-block-embed__wrapper\">\n<iframe loading=\"lazy\" title=\"Taller de plantes\ud83c\udf3f\ud83c\udf38\" width=\"500\" height=\"281\" src=\"https:\/\/www.youtube.com\/embed\/uB8HuTShWnA?feature=oembed\" frameborder=\"0\" allow=\"accelerometer; autoplay; clipboard-write; encrypted-media; gyroscope; picture-in-picture; web-share\" referrerpolicy=\"strict-origin-when-cross-origin\" allowfullscreen><\/iframe>\n<\/div><\/figure>\n","protected":false},"excerpt":{"rendered":"<p>El dimecres 10 de desembre, van venir a l&#8217;escola dos professionals a fer-nos una xerrada sobre les plantes. Just el tema que hem comen\u00e7at al nou projecte de medi! \ud83c\udf3f\ud83c\udf38<\/p>\n<p>Va ser molt interessant perqu\u00e8 vam aprendre moltes coses i alhora, vam poder investigar molt i&hellip;  <a href=\"https:\/\/agora.xtec.cat\/escolaprovencana\/general\/a-2n-investiguem-les-plantes%f0%9f%8c%bf%f0%9f%8c%b8\/\" title=\"Read A 2n investiguem les plantes\ud83c\udf3f\ud83c\udf38\">Llegeix m\u00e9s\u00bb<\/a><\/p>\n","protected":false},"author":52,"featured_media":0,"comment_status":"closed","ping_status":"open","sticky":false,"template":"","format":"standard","meta":{"_bbp_topic_count":0,"_bbp_reply_count":0,"_bbp_total_topic_count":0,"_bbp_total_reply_count":0,"_bbp_voice_count":0,"_bbp_anonymous_reply_count":0,"_bbp_topic_count_hidden":0,"_bbp_reply_count_hidden":0,"_bbp_forum_subforum_count":0,"footnotes":""},"categories":[11,1],"tags":[],"class_list":["post-5585","post","type-post","status-publish","format-standard","hentry","category-2n","category-general"],"post_mailing_queue_ids":[],"_links":{"self":[{"href":"https:\/\/agora.xtec.cat\/escolaprovencana\/wp-json\/wp\/v2\/posts\/5585","targetHints":{"allow":["GET"]}}],"collection":[{"href":"https:\/\/agora.xtec.cat\/escolaprovencana\/wp-json\/wp\/v2\/posts"}],"about":[{"href":"https:\/\/agora.xtec.cat\/escolaprovencana\/wp-json\/wp\/v2\/types\/post"}],"author":[{"embeddable":true,"href":"https:\/\/agora.xtec.cat\/escolaprovencana\/wp-json\/wp\/v2\/users\/52"}],"replies":[{"embeddable":true,"href":"https:\/\/agora.xtec.cat\/escolaprovencana\/wp-json\/wp\/v2\/comments?post=5585"}],"version-history":[{"count":2,"href":"https:\/\/agora.xtec.cat\/escolaprovencana\/wp-json\/wp\/v2\/posts\/5585\/revisions"}],"predecessor-version":[{"id":5587,"href":"https:\/\/agora.xtec.cat\/escolaprovencana\/wp-json\/wp\/v2\/posts\/5585\/revisions\/5587"}],"wp:attachment":[{"href":"https:\/\/agora.xtec.cat\/escolaprovencana\/wp-json\/wp\/v2\/media?parent=5585"}],"wp:term":[{"taxonomy":"category","embeddable":true,"href":"https:\/\/agora.xtec.cat\/escolaprovencana\/wp-json\/wp\/v2\/categories?post=5585"},{"taxonomy":"post_tag","embeddable":true,"href":"https:\/\/agora.xtec.cat\/escolaprovencana\/wp-json\/wp\/v2\/tags?post=5585"}],"curies":[{"name":"wp","href":"https:\/\/api.w.org\/{rel}","templated":true}]}}