{"id":5515,"date":"2025-11-26T21:21:12","date_gmt":"2025-11-26T20:21:12","guid":{"rendered":"https:\/\/agora.xtec.cat\/escolaprovencana\/?p=5515"},"modified":"2025-11-27T12:55:00","modified_gmt":"2025-11-27T11:55:00","slug":"2n-anem-a-can-ribas","status":"publish","type":"post","link":"https:\/\/agora.xtec.cat\/escolaprovencana\/general\/2n-anem-a-can-ribas\/","title":{"rendered":"2n anem a Can Ribas"},"content":{"rendered":"\n<p>El dilluns 24 de novembre vam fer la primera excursi\u00f3 del curs! Totes les classes de prim\u00e0ria vam anar a passar el dia a Can Ribas.<\/p>\n\n\n\n<p>La classe de Scooby-Doo ens vam convertir en indis i cowboys, i vam rec\u00f3rrer el bosc investigant i buscant pistes com aut\u00e8ntics exploradors i exploradores.<\/p>\n\n\n\n<p>Ens ho vam passar d\u2019all\u00f2 m\u00e9s b\u00e9!<\/p>\n\n\n\n<p>Aqu\u00ed teniu un petit v\u00eddeo amb les fotografies de la jornada. Esperem que us agradi!<\/p>\n\n\n\n<p><a href=\"https:\/\/youtu.be\/fOkY0pgwamw \">https:\/\/youtu.be\/fOkY0pgwamw <\/a><\/p>\n\n\n\n<p><\/p>\n","protected":false},"excerpt":{"rendered":"<p>El dilluns 24 de novembre vam fer la primera excursi\u00f3 del curs! Totes les classes de prim\u00e0ria vam anar a passar el dia a Can Ribas.<\/p>\n<p>La classe de Scooby-Doo ens vam convertir en indis i cowboys, i vam rec\u00f3rrer el bosc investigant i buscant pistes&hellip;  <a href=\"https:\/\/agora.xtec.cat\/escolaprovencana\/general\/2n-anem-a-can-ribas\/\" title=\"Read 2n anem a Can Ribas\">Llegeix m\u00e9s\u00bb<\/a><\/p>\n","protected":false},"author":52,"featured_media":0,"comment_status":"closed","ping_status":"closed","sticky":false,"template":"","format":"standard","meta":{"_bbp_topic_count":0,"_bbp_reply_count":0,"_bbp_total_topic_count":0,"_bbp_total_reply_count":0,"_bbp_voice_count":0,"_bbp_anonymous_reply_count":0,"_bbp_topic_count_hidden":0,"_bbp_reply_count_hidden":0,"_bbp_forum_subforum_count":0,"footnotes":""},"categories":[11,1],"tags":[88],"class_list":["post-5515","post","type-post","status-publish","format-standard","hentry","category-2n","category-general","tag-primaria"],"post_mailing_queue_ids":[],"_links":{"self":[{"href":"https:\/\/agora.xtec.cat\/escolaprovencana\/wp-json\/wp\/v2\/posts\/5515","targetHints":{"allow":["GET"]}}],"collection":[{"href":"https:\/\/agora.xtec.cat\/escolaprovencana\/wp-json\/wp\/v2\/posts"}],"about":[{"href":"https:\/\/agora.xtec.cat\/escolaprovencana\/wp-json\/wp\/v2\/types\/post"}],"author":[{"embeddable":true,"href":"https:\/\/agora.xtec.cat\/escolaprovencana\/wp-json\/wp\/v2\/users\/52"}],"replies":[{"embeddable":true,"href":"https:\/\/agora.xtec.cat\/escolaprovencana\/wp-json\/wp\/v2\/comments?post=5515"}],"version-history":[{"count":2,"href":"https:\/\/agora.xtec.cat\/escolaprovencana\/wp-json\/wp\/v2\/posts\/5515\/revisions"}],"predecessor-version":[{"id":5517,"href":"https:\/\/agora.xtec.cat\/escolaprovencana\/wp-json\/wp\/v2\/posts\/5515\/revisions\/5517"}],"wp:attachment":[{"href":"https:\/\/agora.xtec.cat\/escolaprovencana\/wp-json\/wp\/v2\/media?parent=5515"}],"wp:term":[{"taxonomy":"category","embeddable":true,"href":"https:\/\/agora.xtec.cat\/escolaprovencana\/wp-json\/wp\/v2\/categories?post=5515"},{"taxonomy":"post_tag","embeddable":true,"href":"https:\/\/agora.xtec.cat\/escolaprovencana\/wp-json\/wp\/v2\/tags?post=5515"}],"curies":[{"name":"wp","href":"https:\/\/api.w.org\/{rel}","templated":true}]}}