{"id":5492,"date":"2025-11-24T22:52:44","date_gmt":"2025-11-24T21:52:44","guid":{"rendered":"https:\/\/agora.xtec.cat\/escolaprovencana\/?p=5492"},"modified":"2025-11-24T22:54:13","modified_gmt":"2025-11-24T21:54:13","slug":"fem-la-rua-de-carnaval-del-50e","status":"publish","type":"post","link":"https:\/\/agora.xtec.cat\/escolaprovencana\/general\/fem-la-rua-de-carnaval-del-50e\/","title":{"rendered":"Fem la R\u00faa de Carnaval del 50\u00e8"},"content":{"rendered":"\n<p>Aquest any amb motiu del 50\u00e8 aniversari de l&#8217;escola Proven\u00e7ana obrirem la participaci\u00f3 en la rua a totes aquelles fam\u00edlies que vulguin participar i als seus familiars. Per aquest motiu s&#8217;ha creat un grup de WhatsApp obert a tothom, on els membres decidir\u00e0n la disfressa i entre tots organitzarem la comparsa.<\/p>\n\n\n\n<p>Pregunta al teu delegat\/da de classe per l&#8217;enlla\u00e7 al grup i entra a participar en la R\u00faa del 50\u00e8! <br>Aquest grup romandr\u00e0 obert fins el 6 de desembre per acollir participants i propostes de disfressa, un cop passada aquesta data revisarem el n\u00famero de participants ja que, si no arribem a les 50 persones, no podrem participar a la R\u00faa del barri. En cas positiu, la seg\u00fcent setmana tancarem la disfressa.<\/p>\n\n\n\n<figure class=\"wp-block-image size-large\"><a href=\"https:\/\/agora.xtec.cat\/escolaprovencana\/wp-content\/uploads\/usu2442\/2025\/11\/Rua-carnaval-2026-scaled.jpg\"><img loading=\"lazy\" decoding=\"async\" width=\"724\" height=\"1024\" src=\"https:\/\/agora.xtec.cat\/escolaprovencana\/wp-content\/uploads\/usu2442\/2025\/11\/Rua-carnaval-2026-724x1024.jpg\" alt=\"\" class=\"wp-image-5493\" srcset=\"https:\/\/agora.xtec.cat\/escolaprovencana\/wp-content\/uploads\/usu2442\/2025\/11\/Rua-carnaval-2026-724x1024.jpg 724w, https:\/\/agora.xtec.cat\/escolaprovencana\/wp-content\/uploads\/usu2442\/2025\/11\/Rua-carnaval-2026-212x300.jpg 212w, https:\/\/agora.xtec.cat\/escolaprovencana\/wp-content\/uploads\/usu2442\/2025\/11\/Rua-carnaval-2026-768x1086.jpg 768w, https:\/\/agora.xtec.cat\/escolaprovencana\/wp-content\/uploads\/usu2442\/2025\/11\/Rua-carnaval-2026-1086x1536.jpg 1086w, https:\/\/agora.xtec.cat\/escolaprovencana\/wp-content\/uploads\/usu2442\/2025\/11\/Rua-carnaval-2026-1448x2048.jpg 1448w, https:\/\/agora.xtec.cat\/escolaprovencana\/wp-content\/uploads\/usu2442\/2025\/11\/Rua-carnaval-2026-scaled.jpg 1810w\" sizes=\"auto, (max-width: 724px) 100vw, 724px\" \/><\/a><\/figure>\n","protected":false},"excerpt":{"rendered":"<p>Aquest any amb motiu del 50\u00e8 aniversari de l&#8217;escola Proven\u00e7ana obrirem la participaci\u00f3 en la rua a totes aquelles fam\u00edlies que vulguin participar i als seus familiars. Per aquest motiu s&#8217;ha creat un grup de WhatsApp obert a tothom, on els membres decidir\u00e0n la disfressa&hellip;  <a href=\"https:\/\/agora.xtec.cat\/escolaprovencana\/general\/fem-la-rua-de-carnaval-del-50e\/\" title=\"Read Fem la R\u00faa de Carnaval del 50\u00e8\">Llegeix m\u00e9s\u00bb<\/a><\/p>\n","protected":false},"author":50,"featured_media":5493,"comment_status":"closed","ping_status":"closed","sticky":false,"template":"","format":"standard","meta":{"_bbp_topic_count":0,"_bbp_reply_count":0,"_bbp_total_topic_count":0,"_bbp_total_reply_count":0,"_bbp_voice_count":0,"_bbp_anonymous_reply_count":0,"_bbp_topic_count_hidden":0,"_bbp_reply_count_hidden":0,"_bbp_forum_subforum_count":0,"footnotes":""},"categories":[7,87,1],"tags":[130,82],"class_list":["post-5492","post","type-post","status-publish","format-standard","has-post-thumbnail","hentry","category-afa","category-families","category-general","tag-afa","tag-families"],"post_mailing_queue_ids":[],"_links":{"self":[{"href":"https:\/\/agora.xtec.cat\/escolaprovencana\/wp-json\/wp\/v2\/posts\/5492","targetHints":{"allow":["GET"]}}],"collection":[{"href":"https:\/\/agora.xtec.cat\/escolaprovencana\/wp-json\/wp\/v2\/posts"}],"about":[{"href":"https:\/\/agora.xtec.cat\/escolaprovencana\/wp-json\/wp\/v2\/types\/post"}],"author":[{"embeddable":true,"href":"https:\/\/agora.xtec.cat\/escolaprovencana\/wp-json\/wp\/v2\/users\/50"}],"replies":[{"embeddable":true,"href":"https:\/\/agora.xtec.cat\/escolaprovencana\/wp-json\/wp\/v2\/comments?post=5492"}],"version-history":[{"count":1,"href":"https:\/\/agora.xtec.cat\/escolaprovencana\/wp-json\/wp\/v2\/posts\/5492\/revisions"}],"predecessor-version":[{"id":5494,"href":"https:\/\/agora.xtec.cat\/escolaprovencana\/wp-json\/wp\/v2\/posts\/5492\/revisions\/5494"}],"wp:featuredmedia":[{"embeddable":true,"href":"https:\/\/agora.xtec.cat\/escolaprovencana\/wp-json\/wp\/v2\/media\/5493"}],"wp:attachment":[{"href":"https:\/\/agora.xtec.cat\/escolaprovencana\/wp-json\/wp\/v2\/media?parent=5492"}],"wp:term":[{"taxonomy":"category","embeddable":true,"href":"https:\/\/agora.xtec.cat\/escolaprovencana\/wp-json\/wp\/v2\/categories?post=5492"},{"taxonomy":"post_tag","embeddable":true,"href":"https:\/\/agora.xtec.cat\/escolaprovencana\/wp-json\/wp\/v2\/tags?post=5492"}],"curies":[{"name":"wp","href":"https:\/\/api.w.org\/{rel}","templated":true}]}}