{"id":5452,"date":"2025-11-18T09:35:51","date_gmt":"2025-11-18T08:35:51","guid":{"rendered":"https:\/\/agora.xtec.cat\/escolaprovencana\/?p=5452"},"modified":"2025-11-27T19:52:16","modified_gmt":"2025-11-27T18:52:16","slug":"scooby-doo-arriba-a-2n","status":"publish","type":"post","link":"https:\/\/agora.xtec.cat\/escolaprovencana\/general\/scooby-doo-arriba-a-2n\/","title":{"rendered":"Scooby-Doo arriba a 2n!"},"content":{"rendered":"\n<p>Aquest any, per celebrar els 50 anys de la nostra escola, hem volgut que els noms de les aules tinguessin una connexi\u00f3 especial. Per aix\u00f2, vam investigar quins dibuixos animats estaven de moda i, despr\u00e9s de compartir idees i opinions, vam decidir escollir aquell que m\u00e9s ens va agradar i amb el qual ens sent\u00edem m\u00e9s identificats i identificades.<\/p>\n\n\n\n<p>Aix\u00ed doncs, la classe de 2n som&#8230; la classe de SCOOBY-DOO! \ud83d\udc3e\ud83d\udc36<\/p>\n\n\n\n<p>Un dels principals motius pels quals vam triar aquest nom \u00e9s perqu\u00e8, igual que els personatges de la s\u00e8rie, <strong>tots i totes som diferents<\/strong> per\u00f2 ens ajudem m\u00fatuament, <strong>treballem en equip<\/strong> i formem una gran pinya per resoldre tots els reptes que se\u2019ns presenten.\u00a0<\/p>\n\n\n\n<p>Durant aquests primers mesos d\u2019escola, hem parlat sobre com vol\u00edem decorar la nostra porta per representar la nostra classe. Despr\u00e9s de molt esfor\u00e7, treball en equip i molta il\u00b7lusi\u00f3&#8230; us volem ensenyar el resultat final!<\/p>\n\n\n\n<p>Esperem que us agradi tant com a nosaltres!<\/p>\n\n\n\n<figure class=\"wp-block-embed is-type-video is-provider-youtube wp-block-embed-youtube wp-embed-aspect-9-16 wp-has-aspect-ratio\"><div class=\"wp-block-embed__wrapper\">\n<iframe loading=\"lazy\" title=\"Scooby Doo\ud83d\udc3e\" width=\"422\" height=\"750\" src=\"https:\/\/www.youtube.com\/embed\/aSlH3op_UhQ?feature=oembed\" frameborder=\"0\" allow=\"accelerometer; autoplay; clipboard-write; encrypted-media; gyroscope; picture-in-picture; web-share\" referrerpolicy=\"strict-origin-when-cross-origin\" allowfullscreen><\/iframe>\n<\/div><\/figure>\n","protected":false},"excerpt":{"rendered":"<p>Aquest any, per celebrar els 50 anys de la nostra escola, hem volgut que els noms de les aules tinguessin una connexi\u00f3 especial. Per aix\u00f2, vam investigar quins dibuixos animats estaven de moda i, despr\u00e9s de compartir idees i opinions, vam decidir escollir aquell que&hellip;  <a href=\"https:\/\/agora.xtec.cat\/escolaprovencana\/general\/scooby-doo-arriba-a-2n\/\" title=\"Read Scooby-Doo arriba a 2n!\">Llegeix m\u00e9s\u00bb<\/a><\/p>\n","protected":false},"author":52,"featured_media":0,"comment_status":"closed","ping_status":"open","sticky":false,"template":"","format":"standard","meta":{"_bbp_topic_count":0,"_bbp_reply_count":0,"_bbp_total_topic_count":0,"_bbp_total_reply_count":0,"_bbp_voice_count":0,"_bbp_anonymous_reply_count":0,"_bbp_topic_count_hidden":0,"_bbp_reply_count_hidden":0,"_bbp_forum_subforum_count":0,"footnotes":""},"categories":[11,1],"tags":[88],"class_list":["post-5452","post","type-post","status-publish","format-standard","hentry","category-2n","category-general","tag-primaria"],"post_mailing_queue_ids":[],"_links":{"self":[{"href":"https:\/\/agora.xtec.cat\/escolaprovencana\/wp-json\/wp\/v2\/posts\/5452","targetHints":{"allow":["GET"]}}],"collection":[{"href":"https:\/\/agora.xtec.cat\/escolaprovencana\/wp-json\/wp\/v2\/posts"}],"about":[{"href":"https:\/\/agora.xtec.cat\/escolaprovencana\/wp-json\/wp\/v2\/types\/post"}],"author":[{"embeddable":true,"href":"https:\/\/agora.xtec.cat\/escolaprovencana\/wp-json\/wp\/v2\/users\/52"}],"replies":[{"embeddable":true,"href":"https:\/\/agora.xtec.cat\/escolaprovencana\/wp-json\/wp\/v2\/comments?post=5452"}],"version-history":[{"count":2,"href":"https:\/\/agora.xtec.cat\/escolaprovencana\/wp-json\/wp\/v2\/posts\/5452\/revisions"}],"predecessor-version":[{"id":5455,"href":"https:\/\/agora.xtec.cat\/escolaprovencana\/wp-json\/wp\/v2\/posts\/5452\/revisions\/5455"}],"wp:attachment":[{"href":"https:\/\/agora.xtec.cat\/escolaprovencana\/wp-json\/wp\/v2\/media?parent=5452"}],"wp:term":[{"taxonomy":"category","embeddable":true,"href":"https:\/\/agora.xtec.cat\/escolaprovencana\/wp-json\/wp\/v2\/categories?post=5452"},{"taxonomy":"post_tag","embeddable":true,"href":"https:\/\/agora.xtec.cat\/escolaprovencana\/wp-json\/wp\/v2\/tags?post=5452"}],"curies":[{"name":"wp","href":"https:\/\/api.w.org\/{rel}","templated":true}]}}