{"id":5449,"date":"2025-12-10T08:23:00","date_gmt":"2025-12-10T07:23:00","guid":{"rendered":"https:\/\/agora.xtec.cat\/escolaprovencana\/?p=5449"},"modified":"2025-12-10T08:21:18","modified_gmt":"2025-12-10T07:21:18","slug":"el-patge-ja-esta-de-cami","status":"publish","type":"post","link":"https:\/\/agora.xtec.cat\/escolaprovencana\/general\/el-patge-ja-esta-de-cami\/","title":{"rendered":"El patge ja est\u00e0 de cam\u00ed"},"content":{"rendered":"\n<p>Com cada any, el patge dels Reis Mags ens visitar\u00e0 a l&#8217;escola Proven\u00e7ana convidat per l&#8217;AFA. Aquest any vindr\u00e0 el mateix dia que celebrarem les cantades nadalenques al mat\u00ed a l&#8217;escola i aix\u00ed quedar\u00e0 un dia d&#8217;all\u00f2 m\u00e9s complert.<\/p>\n\n\n\n<p>Aix\u00ed que, ja podeu anar preparant la carta perqu\u00e8 el dimarts 16 de desembre el patge les recollir\u00e0 a la b\u00fastia reial per poder marxar de nou cap a Orient per fer l&#8217;entrega.<\/p>\n\n\n\n<figure class=\"wp-block-image size-large\"><a href=\"https:\/\/agora.xtec.cat\/escolaprovencana\/wp-content\/uploads\/usu2442\/2025\/11\/paje-real-cartes-2025_2026-scaled.jpg\"><img loading=\"lazy\" decoding=\"async\" width=\"724\" height=\"1024\" src=\"https:\/\/agora.xtec.cat\/escolaprovencana\/wp-content\/uploads\/usu2442\/2025\/11\/paje-real-cartes-2025_2026-724x1024.jpg\" alt=\"\" class=\"wp-image-5490\" srcset=\"https:\/\/agora.xtec.cat\/escolaprovencana\/wp-content\/uploads\/usu2442\/2025\/11\/paje-real-cartes-2025_2026-724x1024.jpg 724w, https:\/\/agora.xtec.cat\/escolaprovencana\/wp-content\/uploads\/usu2442\/2025\/11\/paje-real-cartes-2025_2026-212x300.jpg 212w, https:\/\/agora.xtec.cat\/escolaprovencana\/wp-content\/uploads\/usu2442\/2025\/11\/paje-real-cartes-2025_2026-768x1086.jpg 768w, https:\/\/agora.xtec.cat\/escolaprovencana\/wp-content\/uploads\/usu2442\/2025\/11\/paje-real-cartes-2025_2026-1086x1536.jpg 1086w, https:\/\/agora.xtec.cat\/escolaprovencana\/wp-content\/uploads\/usu2442\/2025\/11\/paje-real-cartes-2025_2026-1448x2048.jpg 1448w, https:\/\/agora.xtec.cat\/escolaprovencana\/wp-content\/uploads\/usu2442\/2025\/11\/paje-real-cartes-2025_2026-scaled.jpg 1810w\" sizes=\"auto, (max-width: 724px) 100vw, 724px\" \/><\/a><\/figure>\n","protected":false},"excerpt":{"rendered":"<p>Com cada any, el patge dels Reis Mags ens visitar\u00e0 a l&#8217;escola Proven\u00e7ana convidat per l&#8217;AFA. Aquest any vindr\u00e0 el mateix dia que celebrarem les cantades nadalenques al mat\u00ed a l&#8217;escola i aix\u00ed quedar\u00e0 un dia d&#8217;all\u00f2 m\u00e9s complert.<\/p>\n<p>Aix\u00ed que, ja podeu anar preparant la&hellip;  <a href=\"https:\/\/agora.xtec.cat\/escolaprovencana\/general\/el-patge-ja-esta-de-cami\/\" title=\"Read El patge ja est\u00e0 de cam\u00ed\">Llegeix m\u00e9s\u00bb<\/a><\/p>\n","protected":false},"author":50,"featured_media":5490,"comment_status":"closed","ping_status":"open","sticky":false,"template":"","format":"standard","meta":{"_bbp_topic_count":0,"_bbp_reply_count":0,"_bbp_total_topic_count":0,"_bbp_total_reply_count":0,"_bbp_voice_count":0,"_bbp_anonymous_reply_count":0,"_bbp_topic_count_hidden":0,"_bbp_reply_count_hidden":0,"_bbp_forum_subforum_count":0,"footnotes":""},"categories":[7,1,64],"tags":[130],"class_list":["post-5449","post","type-post","status-publish","format-standard","has-post-thumbnail","hentry","category-afa","category-general","category-inici","tag-afa"],"post_mailing_queue_ids":[],"_links":{"self":[{"href":"https:\/\/agora.xtec.cat\/escolaprovencana\/wp-json\/wp\/v2\/posts\/5449","targetHints":{"allow":["GET"]}}],"collection":[{"href":"https:\/\/agora.xtec.cat\/escolaprovencana\/wp-json\/wp\/v2\/posts"}],"about":[{"href":"https:\/\/agora.xtec.cat\/escolaprovencana\/wp-json\/wp\/v2\/types\/post"}],"author":[{"embeddable":true,"href":"https:\/\/agora.xtec.cat\/escolaprovencana\/wp-json\/wp\/v2\/users\/50"}],"replies":[{"embeddable":true,"href":"https:\/\/agora.xtec.cat\/escolaprovencana\/wp-json\/wp\/v2\/comments?post=5449"}],"version-history":[{"count":2,"href":"https:\/\/agora.xtec.cat\/escolaprovencana\/wp-json\/wp\/v2\/posts\/5449\/revisions"}],"predecessor-version":[{"id":5491,"href":"https:\/\/agora.xtec.cat\/escolaprovencana\/wp-json\/wp\/v2\/posts\/5449\/revisions\/5491"}],"wp:featuredmedia":[{"embeddable":true,"href":"https:\/\/agora.xtec.cat\/escolaprovencana\/wp-json\/wp\/v2\/media\/5490"}],"wp:attachment":[{"href":"https:\/\/agora.xtec.cat\/escolaprovencana\/wp-json\/wp\/v2\/media?parent=5449"}],"wp:term":[{"taxonomy":"category","embeddable":true,"href":"https:\/\/agora.xtec.cat\/escolaprovencana\/wp-json\/wp\/v2\/categories?post=5449"},{"taxonomy":"post_tag","embeddable":true,"href":"https:\/\/agora.xtec.cat\/escolaprovencana\/wp-json\/wp\/v2\/tags?post=5449"}],"curies":[{"name":"wp","href":"https:\/\/api.w.org\/{rel}","templated":true}]}}