{"id":5441,"date":"2025-11-20T18:08:23","date_gmt":"2025-11-20T17:08:23","guid":{"rendered":"https:\/\/agora.xtec.cat\/escolaprovencana\/?p=5441"},"modified":"2025-12-03T13:24:59","modified_gmt":"2025-12-03T12:24:59","slug":"els-origens-de-castaween-conte-creat-per-lalumnat-de-3r","status":"publish","type":"post","link":"https:\/\/agora.xtec.cat\/escolaprovencana\/general\/els-origens-de-castaween-conte-creat-per-lalumnat-de-3r\/","title":{"rendered":"ELS OR\u00cdGENS DE CASTAWEEN. Cap\u00edtol 1 (L&#8217;Inici) &#8211; (Conte creat per l&#8217;alumnat de 3r)"},"content":{"rendered":"\n<p class=\"has-text-align-left\">A partir d&#8217;unes converses que vam tenir a l&#8217;aula, els alumnes de 3r vam voler saber per qu\u00e8 a principis de novembre coincideixen dues festes alhora. La de la Castanyada i la de Halloween. Despr\u00e9s de buscar informaci\u00f3 vam entendre que, malgrat que s\u00f3n festes provinents de diferents tradicions culturals, totes dues comparteixen un mateix origen.<\/p>\n\n\n\n<p>A continuaci\u00f3 vam comen\u00e7ar a imaginar el moment en qu\u00e8 les dues festes devien coincidir per primera vegada en un mateix poblet. I de la suma de totes les hist\u00f2ries que ens van sorgir, hem creat aquest conte.<\/p>\n\n\n\n<p>Hem dividit el conte en quatre cap\u00edtols. Com en tota hist\u00f2ria, el primer \u00e9s l&#8217;<strong>INICI<\/strong>. El segon i tercer el <strong>NUS<\/strong>, que, com era una mica llarg, l&#8217;hem dividit en dos. El quart i \u00faltim, \u00e9s el <strong>DESENLLA\u00c7<\/strong>.<\/p>\n\n\n\n<p>Desitgem que gaudiu escoltant-lo i llegint-lo tant com nosaltres inventant-lo.<\/p>\n\n\n\n<figure class=\"wp-block-image size-large\"><a href=\"https:\/\/agora.xtec.cat\/escolaprovencana\/wp-content\/uploads\/usu2442\/2025\/11\/Titol-Conte-scaled.jpg\"><img loading=\"lazy\" decoding=\"async\" width=\"1024\" height=\"660\" src=\"https:\/\/agora.xtec.cat\/escolaprovencana\/wp-content\/uploads\/usu2442\/2025\/11\/Titol-Conte-1024x660.jpg\" alt=\"\" class=\"wp-image-5456\" srcset=\"https:\/\/agora.xtec.cat\/escolaprovencana\/wp-content\/uploads\/usu2442\/2025\/11\/Titol-Conte-1024x660.jpg 1024w, https:\/\/agora.xtec.cat\/escolaprovencana\/wp-content\/uploads\/usu2442\/2025\/11\/Titol-Conte-300x193.jpg 300w, https:\/\/agora.xtec.cat\/escolaprovencana\/wp-content\/uploads\/usu2442\/2025\/11\/Titol-Conte-768x495.jpg 768w, https:\/\/agora.xtec.cat\/escolaprovencana\/wp-content\/uploads\/usu2442\/2025\/11\/Titol-Conte-1536x990.jpg 1536w, https:\/\/agora.xtec.cat\/escolaprovencana\/wp-content\/uploads\/usu2442\/2025\/11\/Titol-Conte-2048x1320.jpg 2048w\" sizes=\"auto, (max-width: 1024px) 100vw, 1024px\" \/><\/a><\/figure>\n\n\n\n<p><\/p>\n\n\n\n<p class=\"has-text-align-center\"><a href=\"https:\/\/drive.google.com\/file\/d\/1j3JNktCxbBMwjBn5aofaIiejumBZPILR\/view?usp=drive_link\">Cap\u00edtol 1 Inici (\u00c0udio)<\/a><\/p>\n\n\n\n<p class=\"has-text-align-center\"><a href=\"https:\/\/docs.google.com\/document\/d\/1I-NqzakC0efAPQV4N3k9ZIf8qRa1OgJnTDuSpBdXrHI\/edit?usp=drive_link\">Cap\u00edtol 1 Inici (Text)<\/a><\/p>\n\n\n\n<p>Pobra castanyera! Es conformar\u00e0 que les nenes i els nens ja no la vagin a visitar i a comprar-li castanyes. No us perdeu el cap\u00edtol seg\u00fcent! <\/p>\n\n\n\n<p> (Pr\u00f2ximament a la Web de l&#8217;Escola).<\/p>\n\n\n\n<p>Classe de 3r. La Classe dels Barrufets<\/p>\n","protected":false},"excerpt":{"rendered":"<p>A partir d&#8217;unes converses que vam tenir a l&#8217;aula, els alumnes de 3r vam voler saber per qu\u00e8 a principis de novembre coincideixen dues festes alhora. La de la Castanyada i la de Halloween. Despr\u00e9s de buscar informaci\u00f3 vam entendre que, malgrat que s\u00f3n festes&hellip;  <a href=\"https:\/\/agora.xtec.cat\/escolaprovencana\/general\/els-origens-de-castaween-conte-creat-per-lalumnat-de-3r\/\" title=\"Read ELS OR\u00cdGENS DE CASTAWEEN. Cap\u00edtol 1 (L&#8217;Inici) &#8211; (Conte creat per l&#8217;alumnat de 3r)\">Llegeix m\u00e9s\u00bb<\/a><\/p>\n","protected":false},"author":15,"featured_media":0,"comment_status":"closed","ping_status":"closed","sticky":false,"template":"","format":"standard","meta":{"_bbp_topic_count":0,"_bbp_reply_count":0,"_bbp_total_topic_count":0,"_bbp_total_reply_count":0,"_bbp_voice_count":0,"_bbp_anonymous_reply_count":0,"_bbp_topic_count_hidden":0,"_bbp_reply_count_hidden":0,"_bbp_forum_subforum_count":0,"footnotes":""},"categories":[12,1],"tags":[],"class_list":["post-5441","post","type-post","status-publish","format-standard","hentry","category-3r","category-general"],"post_mailing_queue_ids":[],"_links":{"self":[{"href":"https:\/\/agora.xtec.cat\/escolaprovencana\/wp-json\/wp\/v2\/posts\/5441","targetHints":{"allow":["GET"]}}],"collection":[{"href":"https:\/\/agora.xtec.cat\/escolaprovencana\/wp-json\/wp\/v2\/posts"}],"about":[{"href":"https:\/\/agora.xtec.cat\/escolaprovencana\/wp-json\/wp\/v2\/types\/post"}],"author":[{"embeddable":true,"href":"https:\/\/agora.xtec.cat\/escolaprovencana\/wp-json\/wp\/v2\/users\/15"}],"replies":[{"embeddable":true,"href":"https:\/\/agora.xtec.cat\/escolaprovencana\/wp-json\/wp\/v2\/comments?post=5441"}],"version-history":[{"count":6,"href":"https:\/\/agora.xtec.cat\/escolaprovencana\/wp-json\/wp\/v2\/posts\/5441\/revisions"}],"predecessor-version":[{"id":5554,"href":"https:\/\/agora.xtec.cat\/escolaprovencana\/wp-json\/wp\/v2\/posts\/5441\/revisions\/5554"}],"wp:attachment":[{"href":"https:\/\/agora.xtec.cat\/escolaprovencana\/wp-json\/wp\/v2\/media?parent=5441"}],"wp:term":[{"taxonomy":"category","embeddable":true,"href":"https:\/\/agora.xtec.cat\/escolaprovencana\/wp-json\/wp\/v2\/categories?post=5441"},{"taxonomy":"post_tag","embeddable":true,"href":"https:\/\/agora.xtec.cat\/escolaprovencana\/wp-json\/wp\/v2\/tags?post=5441"}],"curies":[{"name":"wp","href":"https:\/\/api.w.org\/{rel}","templated":true}]}}