{"id":5419,"date":"2025-11-11T14:01:53","date_gmt":"2025-11-11T13:01:53","guid":{"rendered":"https:\/\/agora.xtec.cat\/escolaprovencana\/?p=5419"},"modified":"2025-11-11T14:21:20","modified_gmt":"2025-11-11T13:21:20","slug":"un-altre-any-castanyes-calentetes","status":"publish","type":"post","link":"https:\/\/agora.xtec.cat\/escolaprovencana\/afa\/un-altre-any-castanyes-calentetes\/","title":{"rendered":"Un altre any, castanyes calentetes!"},"content":{"rendered":"\n<p>Des de l&#8217;AFA ens hem coordinat amb l&#8217;empresa de menjador, Roca Gonz\u00e1lez, per poder oferir castanyes a tots els infants de l&#8217;escola Proven\u00e7ana. Coordinats amb la direcci\u00f3 de l&#8217;escola, vam participar activament al repartiment de les castanyes amb els m\u00e9s grans de l&#8217;escola.<\/p>\n\n\n\n<p>Una iniciativa m\u00e9s portada a terme gr\u00e0cies al grup de voluntaris, la bona coordinaci\u00f3 entre l&#8217;escola, AFA i menjador. Us recordem que si voleu participar com a voluntaris\/es nom\u00e9s cal que ens envieu un correu electr\u00f2nic i comenteu la vostra disponibilitat: <a target=\"_blank\" rel=\"noreferrer noopener\" href=\"mailto:afaprovencana@gmail.com\">afaprovencana@gmail.com<\/a>. Us hi esperem!<\/p>\n\n\n\n<figure class=\"wp-block-image size-large\"><a href=\"https:\/\/agora.xtec.cat\/escolaprovencana\/wp-content\/uploads\/usu2442\/2025\/11\/97baea0d-2715-4d29-bedc-162012cc5665.jpg\"><img loading=\"lazy\" decoding=\"async\" width=\"1024\" height=\"472\" src=\"https:\/\/agora.xtec.cat\/escolaprovencana\/wp-content\/uploads\/usu2442\/2025\/11\/97baea0d-2715-4d29-bedc-162012cc5665-1024x472.jpg\" alt=\"\" class=\"wp-image-5420\" srcset=\"https:\/\/agora.xtec.cat\/escolaprovencana\/wp-content\/uploads\/usu2442\/2025\/11\/97baea0d-2715-4d29-bedc-162012cc5665-1024x472.jpg 1024w, https:\/\/agora.xtec.cat\/escolaprovencana\/wp-content\/uploads\/usu2442\/2025\/11\/97baea0d-2715-4d29-bedc-162012cc5665-300x138.jpg 300w, https:\/\/agora.xtec.cat\/escolaprovencana\/wp-content\/uploads\/usu2442\/2025\/11\/97baea0d-2715-4d29-bedc-162012cc5665-768x354.jpg 768w, https:\/\/agora.xtec.cat\/escolaprovencana\/wp-content\/uploads\/usu2442\/2025\/11\/97baea0d-2715-4d29-bedc-162012cc5665-1536x708.jpg 1536w, https:\/\/agora.xtec.cat\/escolaprovencana\/wp-content\/uploads\/usu2442\/2025\/11\/97baea0d-2715-4d29-bedc-162012cc5665.jpg 2000w\" sizes=\"auto, (max-width: 1024px) 100vw, 1024px\" \/><\/a><\/figure>\n\n\n\n<figure class=\"wp-block-image size-large\"><a href=\"https:\/\/agora.xtec.cat\/escolaprovencana\/wp-content\/uploads\/usu2442\/2025\/11\/Castanyada-2025.jpg\"><img loading=\"lazy\" decoding=\"async\" width=\"1024\" height=\"978\" src=\"https:\/\/agora.xtec.cat\/escolaprovencana\/wp-content\/uploads\/usu2442\/2025\/11\/Castanyada-2025-1024x978.jpg\" alt=\"\" class=\"wp-image-5421\" srcset=\"https:\/\/agora.xtec.cat\/escolaprovencana\/wp-content\/uploads\/usu2442\/2025\/11\/Castanyada-2025-1024x978.jpg 1024w, https:\/\/agora.xtec.cat\/escolaprovencana\/wp-content\/uploads\/usu2442\/2025\/11\/Castanyada-2025-300x286.jpg 300w, https:\/\/agora.xtec.cat\/escolaprovencana\/wp-content\/uploads\/usu2442\/2025\/11\/Castanyada-2025-768x733.jpg 768w, https:\/\/agora.xtec.cat\/escolaprovencana\/wp-content\/uploads\/usu2442\/2025\/11\/Castanyada-2025.jpg 1152w\" sizes=\"auto, (max-width: 1024px) 100vw, 1024px\" \/><\/a><\/figure>\n\n\n\n<figure class=\"wp-block-image size-large\"><a href=\"https:\/\/agora.xtec.cat\/escolaprovencana\/wp-content\/uploads\/usu2442\/2025\/11\/castanyada-2.jpg\"><img loading=\"lazy\" decoding=\"async\" width=\"1024\" height=\"413\" src=\"https:\/\/agora.xtec.cat\/escolaprovencana\/wp-content\/uploads\/usu2442\/2025\/11\/castanyada-2-1024x413.jpg\" alt=\"\" class=\"wp-image-5427\" srcset=\"https:\/\/agora.xtec.cat\/escolaprovencana\/wp-content\/uploads\/usu2442\/2025\/11\/castanyada-2-1024x413.jpg 1024w, https:\/\/agora.xtec.cat\/escolaprovencana\/wp-content\/uploads\/usu2442\/2025\/11\/castanyada-2-300x121.jpg 300w, https:\/\/agora.xtec.cat\/escolaprovencana\/wp-content\/uploads\/usu2442\/2025\/11\/castanyada-2-768x310.jpg 768w, https:\/\/agora.xtec.cat\/escolaprovencana\/wp-content\/uploads\/usu2442\/2025\/11\/castanyada-2.jpg 1481w\" sizes=\"auto, (max-width: 1024px) 100vw, 1024px\" \/><\/a><\/figure>\n","protected":false},"excerpt":{"rendered":"<p>Des de l&#8217;AFA ens hem coordinat amb l&#8217;empresa de menjador, Roca Gonz\u00e1lez, per poder oferir castanyes a tots els infants de l&#8217;escola Proven\u00e7ana. Coordinats amb la direcci\u00f3 de l&#8217;escola, vam participar activament al repartiment de les castanyes amb els m\u00e9s grans de l&#8217;escola.<\/p>\n<p>Una iniciativa m\u00e9s&hellip;  <a href=\"https:\/\/agora.xtec.cat\/escolaprovencana\/afa\/un-altre-any-castanyes-calentetes\/\" title=\"Read Un altre any, castanyes calentetes!\">Llegeix m\u00e9s\u00bb<\/a><\/p>\n","protected":false},"author":50,"featured_media":5421,"comment_status":"closed","ping_status":"open","sticky":false,"template":"","format":"standard","meta":{"_bbp_topic_count":0,"_bbp_reply_count":0,"_bbp_total_topic_count":0,"_bbp_total_reply_count":0,"_bbp_voice_count":0,"_bbp_anonymous_reply_count":0,"_bbp_topic_count_hidden":0,"_bbp_reply_count_hidden":0,"_bbp_forum_subforum_count":0,"footnotes":""},"categories":[7],"tags":[],"class_list":["post-5419","post","type-post","status-publish","format-standard","has-post-thumbnail","hentry","category-afa"],"post_mailing_queue_ids":[],"_links":{"self":[{"href":"https:\/\/agora.xtec.cat\/escolaprovencana\/wp-json\/wp\/v2\/posts\/5419","targetHints":{"allow":["GET"]}}],"collection":[{"href":"https:\/\/agora.xtec.cat\/escolaprovencana\/wp-json\/wp\/v2\/posts"}],"about":[{"href":"https:\/\/agora.xtec.cat\/escolaprovencana\/wp-json\/wp\/v2\/types\/post"}],"author":[{"embeddable":true,"href":"https:\/\/agora.xtec.cat\/escolaprovencana\/wp-json\/wp\/v2\/users\/50"}],"replies":[{"embeddable":true,"href":"https:\/\/agora.xtec.cat\/escolaprovencana\/wp-json\/wp\/v2\/comments?post=5419"}],"version-history":[{"count":2,"href":"https:\/\/agora.xtec.cat\/escolaprovencana\/wp-json\/wp\/v2\/posts\/5419\/revisions"}],"predecessor-version":[{"id":5428,"href":"https:\/\/agora.xtec.cat\/escolaprovencana\/wp-json\/wp\/v2\/posts\/5419\/revisions\/5428"}],"wp:featuredmedia":[{"embeddable":true,"href":"https:\/\/agora.xtec.cat\/escolaprovencana\/wp-json\/wp\/v2\/media\/5421"}],"wp:attachment":[{"href":"https:\/\/agora.xtec.cat\/escolaprovencana\/wp-json\/wp\/v2\/media?parent=5419"}],"wp:term":[{"taxonomy":"category","embeddable":true,"href":"https:\/\/agora.xtec.cat\/escolaprovencana\/wp-json\/wp\/v2\/categories?post=5419"},{"taxonomy":"post_tag","embeddable":true,"href":"https:\/\/agora.xtec.cat\/escolaprovencana\/wp-json\/wp\/v2\/tags?post=5419"}],"curies":[{"name":"wp","href":"https:\/\/api.w.org\/{rel}","templated":true}]}}